{"id":925,"date":"2007-03-31T21:06:32","date_gmt":"2007-03-31T21:06:32","guid":{"rendered":"http:\/\/www.po-l.com\/wordpress\/?p=925"},"modified":"2011-10-26T14:04:00","modified_gmt":"2011-10-26T12:04:00","slug":"mademoiselle-k-l-olympic-nantes","status":"publish","type":"post","link":"https:\/\/www.wallendorff.com\/belogue\/2007\/03\/31\/mademoiselle-k-l-olympic-nantes\/","title":{"rendered":"Mademoiselle K @ l&rsquo;Olympic, Nantes."},"content":{"rendered":"<div id=\"photo\">\n<p><img decoding=\"async\" src=\"https:\/\/www.wallendorff.com\/belogue\/photo\/2007\/03\/20070331.jpg\" \/><\/p>\n<\/div>\n<p>Bon, j&rsquo;ai pas vraiment le temps de faire une vraie note dessus, alors \u00e0 la place, vu que les Naast tout juste sortis de prison \u00e9taient en premi\u00e8re partie, provoquant \u00e9meutes nubiles et glabres exhibitions, et que donc du coup paf \u00e7a a un lien, je vous enjoins \u00e0 aller voir <a href=\"http:\/\/www.20minutes.fr\/article\/148743\/20070329-People-Naast-joue-de-la-fourchette.php\" target=\"blank_\">la vid\u00e9o qui vous relatera les \u00e9v\u00e9nements de B\u00e8gle deux jours avant<\/a>. Parce que patin, quand m\u00eame, qu&rsquo;est-ce qu&rsquo;on se marre.<\/p>\n","protected":false},"excerpt":{"rendered":"<p>Bon, j&rsquo;ai pas vraiment le temps de faire une vraie note dessus, alors \u00e0 la place, vu que les Naast tout juste sortis de prison \u00e9taient en premi\u00e8re partie, provoquant \u00e9meutes nubiles et glabres exhibitions, et que donc du coup paf \u00e7a a un lien, je vous enjoins \u00e0 aller voir la vid\u00e9o qui vous&hellip;<\/p>\n","protected":false},"author":1,"featured_media":24858,"comment_status":"closed","ping_status":"closed","sticky":false,"template":"","format":"standard","meta":{"_acf_changed":false,"ngg_post_thumbnail":0,"jetpack_post_was_ever_published":false,"_jetpack_newsletter_access":"","_jetpack_dont_email_post_to_subs":false,"_jetpack_newsletter_tier_id":0,"_jetpack_memberships_contains_paywalled_content":false,"_jetpack_memberships_contains_paid_content":false,"footnotes":"","jetpack_publicize_message":"","jetpack_publicize_feature_enabled":true,"jetpack_social_post_already_shared":false,"jetpack_social_options":{"image_generator_settings":{"template":"highway","default_image_id":0,"font":"","enabled":false},"version":2}},"categories":[7],"tags":[10134,10084,181,132,1969,1268,10138,1805,1970,10325],"class_list":["post-925","post","type-post","status-publish","format-standard","has-post-thumbnail","hentry","category-alive","tag-10134","tag-alive","tag-ef-70-200-mm-f28l-usm","tag-eos-20d","tag-lolympic","tag-loire-atlantique","tag-mademoiselle-k","tag-naast","tag-nantes","tag-pays-de-la-loire"],"acf":[],"geo":{"latitude":47.1996765,"longitude":-1.5888065,"description":"15-21 Rue de la Tannerie, 44100 Nantes, France"},"jetpack_publicize_connections":[],"jetpack_featured_media_url":"https:\/\/www.wallendorff.com\/belogue\/wp-content\/uploads\/2015\/04\/200703311.jpg","jetpack_shortlink":"https:\/\/wp.me\/p3b35P-eV","jetpack_sharing_enabled":true,"jetpack-related-posts":[{"id":932,"url":"https:\/\/www.wallendorff.com\/belogue\/2007\/04\/12\/guit-art-6\/","url_meta":{"origin":925,"position":0},"title":"Guit&rsquo;Art #6.","author":"dpc","date":"12 avril 2007","format":false,"excerpt":"L'Olympic, Nantes, 30 mars. [Y'avait longtemps, hein\u00a0?] \u00a0Noire Rebelle Amicale de Motobylettes \u2013 Stop","rel":"","context":"Dans &quot;Guit'Art&quot;","block_context":{"text":"Guit'Art","link":"https:\/\/www.wallendorff.com\/belogue\/category\/guit-art\/"},"img":{"alt_text":"","src":"https:\/\/i0.wp.com\/www.wallendorff.com\/belogue\/photo\/2007\/04\/20070412.jpg?resize=350%2C200","width":350,"height":200},"classes":[]},{"id":46656,"url":"https:\/\/www.wallendorff.com\/belogue\/2020\/07\/31\/juillet-2020\/","url_meta":{"origin":925,"position":1},"title":"Juillet 2020.","author":"dpc","date":"31 juillet 2020","format":false,"excerpt":"Un train, un pique-nique, une plage, un train, un anniversaire, un avion, un a\u00e9roport, un num\u00e9ro, un m\u00e9tro, un bateau, un parc, un tram, un ap\u00e9ro, un caf\u00e9, un a\u00e9roport, des avions, des nuages, un train, un mariage, un concert, un train, un ap\u00e9ro, une gare, un m\u00e9tro, un vide-grenier,\u2026","rel":"","context":"Dans &quot;Blog-note&quot;","block_context":{"text":"Blog-note","link":"https:\/\/www.wallendorff.com\/belogue\/category\/blog-note\/"},"img":{"alt_text":"","src":"https:\/\/i0.wp.com\/www.wallendorff.com\/belogue\/wp-content\/uploads\/2020\/09\/20200909-50.jpg?resize=350%2C200&ssl=1","width":350,"height":200,"srcset":"https:\/\/i0.wp.com\/www.wallendorff.com\/belogue\/wp-content\/uploads\/2020\/09\/20200909-50.jpg?resize=350%2C200&ssl=1 1x, https:\/\/i0.wp.com\/www.wallendorff.com\/belogue\/wp-content\/uploads\/2020\/09\/20200909-50.jpg?resize=525%2C300&ssl=1 1.5x, https:\/\/i0.wp.com\/www.wallendorff.com\/belogue\/wp-content\/uploads\/2020\/09\/20200909-50.jpg?resize=700%2C400&ssl=1 2x, https:\/\/i0.wp.com\/www.wallendorff.com\/belogue\/wp-content\/uploads\/2020\/09\/20200909-50.jpg?resize=1050%2C600&ssl=1 3x"},"classes":[]},{"id":46887,"url":"https:\/\/www.wallendorff.com\/belogue\/2020\/10\/12\/vois-de-fer-poutre\/","url_meta":{"origin":925,"position":2},"title":"Vois de fer\u00a0poutre.","author":"dpc","date":"12 octobre 2020","format":false,"excerpt":"Quai des Antilles, Nantes, 25 juillet 2020. ShapeSophie Hunger","rel":"","context":"Dans &quot;DPC&quot;","block_context":{"text":"DPC","link":"https:\/\/www.wallendorff.com\/belogue\/category\/dpc\/"},"img":{"alt_text":"","src":"https:\/\/i0.wp.com\/www.wallendorff.com\/belogue\/wp-content\/uploads\/2020\/10\/20201012.jpg?resize=350%2C200&ssl=1","width":350,"height":200,"srcset":"https:\/\/i0.wp.com\/www.wallendorff.com\/belogue\/wp-content\/uploads\/2020\/10\/20201012.jpg?resize=350%2C200&ssl=1 1x, https:\/\/i0.wp.com\/www.wallendorff.com\/belogue\/wp-content\/uploads\/2020\/10\/20201012.jpg?resize=525%2C300&ssl=1 1.5x, https:\/\/i0.wp.com\/www.wallendorff.com\/belogue\/wp-content\/uploads\/2020\/10\/20201012.jpg?resize=700%2C400&ssl=1 2x, https:\/\/i0.wp.com\/www.wallendorff.com\/belogue\/wp-content\/uploads\/2020\/10\/20201012.jpg?resize=1050%2C600&ssl=1 3x"},"classes":[]},{"id":797,"url":"https:\/\/www.wallendorff.com\/belogue\/2006\/09\/28\/mademoiselle-k-la-maroquinerie-paris\/","url_meta":{"origin":925,"position":3},"title":"Mademoiselle K @ la Maroquinerie, Paris\u00b9.","author":"dpc","date":"28 septembre 2006","format":false,"excerpt":"Elle vaut le coup sur disque, on le savait d\u00e9j\u00e0, mais elle assure aussi grave en live. Beaucoup de d\u00e9cibels, un trip en anglais, un autre sur les cornichons, pas mal de dialogues avec la salle, une lecture de po\u00e8me \u00e9crit sous l'emprise de la verveine de la veille, deux\u2026","rel":"","context":"Dans &quot;Alive&quot;","block_context":{"text":"Alive","link":"https:\/\/www.wallendorff.com\/belogue\/category\/alive\/"},"img":{"alt_text":"","src":"https:\/\/i0.wp.com\/www.wallendorff.com\/belogue\/wp-content\/uploads\/2015\/04\/200609281.jpg?resize=350%2C200&ssl=1","width":350,"height":200,"srcset":"https:\/\/i0.wp.com\/www.wallendorff.com\/belogue\/wp-content\/uploads\/2015\/04\/200609281.jpg?resize=350%2C200&ssl=1 1x, https:\/\/i0.wp.com\/www.wallendorff.com\/belogue\/wp-content\/uploads\/2015\/04\/200609281.jpg?resize=525%2C300&ssl=1 1.5x, https:\/\/i0.wp.com\/www.wallendorff.com\/belogue\/wp-content\/uploads\/2015\/04\/200609281.jpg?resize=700%2C400&ssl=1 2x"},"classes":[]},{"id":4984,"url":"https:\/\/www.wallendorff.com\/belogue\/2009\/11\/04\/les-digues-a-gars\/","url_meta":{"origin":925,"position":4},"title":"Les digues \u00e0 gars.","author":"dpc","date":"4 novembre 2009","format":false,"excerpt":"Rue de Nantes, Paris, 31 mai. Bien s\u00fbr pour voir un rapport entre la photo et le titre il faut penser \u00e0 des gars qui aiment entrer chez toi par les fen\u00eatres comme Dawson-de-dans-Dawson, Rom\u00e9o Montaigu de dans Rom\u00e9o et Juyette1 ou les m\u00e9chants de dans Le 11 Septembre. Sinon\u2026","rel":"","context":"Dans &quot;DPC&quot;","block_context":{"text":"DPC","link":"https:\/\/www.wallendorff.com\/belogue\/category\/dpc\/"},"img":{"alt_text":"","src":"https:\/\/i0.wp.com\/www.wallendorff.com\/belogue\/wp-content\/uploads\/2015\/04\/200911041.jpg?resize=350%2C200&ssl=1","width":350,"height":200},"classes":[]},{"id":940,"url":"https:\/\/www.wallendorff.com\/belogue\/2007\/04\/30\/epie-cycles-aux-ides\/","url_meta":{"origin":925,"position":5},"title":"\u00c9pie cycles aux ides.","author":"dpc","date":"30 avril 2007","format":false,"excerpt":"Quai de la Loire, Paris, 18 avril. Du coup j'ai oubli\u00e9 de signaler que Vox, c'est fini. Le J\u00e9r\u00f4me Colin nous promettant d'autres trucs \u00e0 la place dans le futur, on va dire que tout va bien, mais malgr\u00e9 tout \u00e7a manquera gravement \u00e0 mes lundis matins. La vie est\u2026","rel":"","context":"Dans &quot;DPC&quot;","block_context":{"text":"DPC","link":"https:\/\/www.wallendorff.com\/belogue\/category\/dpc\/"},"img":{"alt_text":"","src":"https:\/\/i0.wp.com\/www.wallendorff.com\/belogue\/wp-content\/uploads\/2015\/04\/200704301.jpg?resize=350%2C200&ssl=1","width":350,"height":200},"classes":[]}],"_links":{"self":[{"href":"https:\/\/www.wallendorff.com\/belogue\/wp-json\/wp\/v2\/posts\/925","targetHints":{"allow":["GET"]}}],"collection":[{"href":"https:\/\/www.wallendorff.com\/belogue\/wp-json\/wp\/v2\/posts"}],"about":[{"href":"https:\/\/www.wallendorff.com\/belogue\/wp-json\/wp\/v2\/types\/post"}],"author":[{"embeddable":true,"href":"https:\/\/www.wallendorff.com\/belogue\/wp-json\/wp\/v2\/users\/1"}],"replies":[{"embeddable":true,"href":"https:\/\/www.wallendorff.com\/belogue\/wp-json\/wp\/v2\/comments?post=925"}],"version-history":[{"count":2,"href":"https:\/\/www.wallendorff.com\/belogue\/wp-json\/wp\/v2\/posts\/925\/revisions"}],"predecessor-version":[{"id":14094,"href":"https:\/\/www.wallendorff.com\/belogue\/wp-json\/wp\/v2\/posts\/925\/revisions\/14094"}],"wp:featuredmedia":[{"embeddable":true,"href":"https:\/\/www.wallendorff.com\/belogue\/wp-json\/wp\/v2\/media\/24858"}],"wp:attachment":[{"href":"https:\/\/www.wallendorff.com\/belogue\/wp-json\/wp\/v2\/media?parent=925"}],"wp:term":[{"taxonomy":"category","embeddable":true,"href":"https:\/\/www.wallendorff.com\/belogue\/wp-json\/wp\/v2\/categories?post=925"},{"taxonomy":"post_tag","embeddable":true,"href":"https:\/\/www.wallendorff.com\/belogue\/wp-json\/wp\/v2\/tags?post=925"}],"curies":[{"name":"wp","href":"https:\/\/api.w.org\/{rel}","templated":true}]}}