{"id":923,"date":"2007-03-29T13:31:13","date_gmt":"2007-03-29T13:31:13","guid":{"rendered":"http:\/\/www.po-l.com\/wordpress\/?p=923"},"modified":"2012-02-13T14:07:39","modified_gmt":"2012-02-13T12:07:39","slug":"trie-c-te-cire","status":"publish","type":"post","link":"https:\/\/www.wallendorff.com\/belogue\/2007\/03\/29\/trie-c-te-cire\/","title":{"rendered":"Trie c&rsquo;te cire."},"content":{"rendered":"\n<div id=\"photo\">\n<p><img decoding=\"async\" src=\"https:\/\/www.wallendorff.com\/belogue\/photo\/2007\/03\/20070329.jpg\" \/><br \/>\n          Le Grand Rex, Paris, 19 mars.<\/p>\n<\/p><\/div>\n<p style=\"text-align:right\">&ldquo;<em>So raise a cheer,<br \/>\n        To those forgotten years<br \/>\n        Back to the corner where we went our separate ways.<\/em>&rdquo;<\/p>\n<div id=\"bandeson\">\n<p><img decoding=\"async\" src=\"https:\/\/www.wallendorff.com\/belogue\/photo\/pochettes\/f\/flogging_molly-whiskey_on_a_sunday.jpg\" align=\"left\" \/>&nbsp;<a href=\"http:\/\/www.floggingmolly.com\/\">Flogging Molly<\/a> &ndash; <em>The Wanderlust<\/em> (acoustic)<\/p>\n<\/p><\/div>\n","protected":false},"excerpt":{"rendered":"<p>Le Grand Rex, Paris, 19 mars. &ldquo;So raise a cheer, To those forgotten years Back to the corner where we went our separate ways.&rdquo; &nbsp;Flogging Molly &ndash; The Wanderlust (acoustic)<\/p>\n","protected":false},"author":1,"featured_media":24856,"comment_status":"open","ping_status":"open","sticky":false,"template":"","format":"standard","meta":{"_acf_changed":false,"ngg_post_thumbnail":0,"jetpack_post_was_ever_published":false,"_jetpack_newsletter_access":"","_jetpack_dont_email_post_to_subs":false,"_jetpack_newsletter_tier_id":0,"_jetpack_memberships_contains_paywalled_content":false,"_jetpack_memberships_contains_paid_content":false,"footnotes":"","jetpack_publicize_message":"","jetpack_publicize_feature_enabled":true,"jetpack_social_post_already_shared":false,"jetpack_social_options":{"image_generator_settings":{"template":"highway","default_image_id":0,"font":"","enabled":false},"version":2}},"categories":[3],"tags":[10134,10251,10084,10282,181,132,10157,10112,10120,10121,10417,143,10098,1966],"class_list":["post-923","post","type-post","status-publish","format-standard","has-post-thumbnail","hentry","category-dpc","tag-10134","tag-10251","tag-alive","tag-bougie","tag-ef-70-200-mm-f28l-usm","tag-eos-20d","tag-damien-rice","tag-flogging-molly","tag-france","tag-ile-de-france","tag-le-grand-rex","tag-noir-et-blanc","tag-paris","tag-the-wanderlust"],"acf":[],"geo":{"latitude":48.8705177,"longitude":2.3475282,"description":"1-5 Boulevard Poissonni\u00e8re, 75002 Paris, France"},"jetpack_publicize_connections":[],"jetpack_featured_media_url":"https:\/\/www.wallendorff.com\/belogue\/wp-content\/uploads\/2015\/04\/200703291.jpg","jetpack_shortlink":"https:\/\/wp.me\/p3b35P-eT","jetpack_sharing_enabled":true,"jetpack-related-posts":[{"id":130445,"url":"https:\/\/www.wallendorff.com\/belogue\/2024\/08\/31\/flogging-molly-le-bataclan-paris-27-aout-2024\/","url_meta":{"origin":923,"position":0},"title":"Flogging Molly @ le Bataclan, Paris, 27 ao\u00fbt 2024.","author":"dpc","date":"31 ao\u00fbt 2024","format":false,"excerpt":"Drunken Lullabies | The Hand of John L. Sullivan | Swagger | (Try) Keep the Man Down | Whistles the Wind | Life in a Tenement Square | A Song of Liberty | Tobacco Island | The Croppy Boy '98 | Float | Saints & Sinners | Rebels of the\u2026","rel":"","context":"Dans &quot;Alive&quot;","block_context":{"text":"Alive","link":"https:\/\/www.wallendorff.com\/belogue\/category\/alive\/"},"img":{"alt_text":"","src":"https:\/\/i0.wp.com\/www.wallendorff.com\/belogue\/wp-content\/uploads\/2024\/08\/20240830-26.jpg?resize=350%2C200&ssl=1","width":350,"height":200,"srcset":"https:\/\/i0.wp.com\/www.wallendorff.com\/belogue\/wp-content\/uploads\/2024\/08\/20240830-26.jpg?resize=350%2C200&ssl=1 1x, https:\/\/i0.wp.com\/www.wallendorff.com\/belogue\/wp-content\/uploads\/2024\/08\/20240830-26.jpg?resize=525%2C300&ssl=1 1.5x, https:\/\/i0.wp.com\/www.wallendorff.com\/belogue\/wp-content\/uploads\/2024\/08\/20240830-26.jpg?resize=700%2C400&ssl=1 2x, https:\/\/i0.wp.com\/www.wallendorff.com\/belogue\/wp-content\/uploads\/2024\/08\/20240830-26.jpg?resize=1050%2C600&ssl=1 3x"},"classes":[]},{"id":130040,"url":"https:\/\/www.wallendorff.com\/belogue\/2024\/08\/16\/le-cabaret-vert-2024-charleville-mezieres-jour-1\/","url_meta":{"origin":923,"position":1},"title":"Le Cabaret Vert 2024, Charleville-M\u00e9zi\u00e8res, jour 1.","author":"dpc","date":"16 ao\u00fbt 2024","format":false,"excerpt":"Le Cabaret Vert, Charleville-M\u00e9zi\u00e8res, 15\/08\/2024 Le Cabaret Vert, Charleville-M\u00e9zi\u00e8res, 15\/08\/2024 Flogging Molly @ le Cabaret Vert, Charleville-M\u00e9zi\u00e8res, 15\/08\/2024 Le Cabaret Vert, Charleville-M\u00e9zi\u00e8res, 15\/08\/2024 Flogging Molly @ le Cabaret Vert, Charleville-M\u00e9zi\u00e8res, 15\/08\/2024 Flogging Molly @ le Cabaret Vert, Charleville-M\u00e9zi\u00e8res, 15\/08\/2024 Le Cabaret Vert, Charleville-M\u00e9zi\u00e8res, 15\/08\/2024 Flogging Molly @ le Cabaret Vert,\u2026","rel":"","context":"Dans &quot;Alive&quot;","block_context":{"text":"Alive","link":"https:\/\/www.wallendorff.com\/belogue\/category\/alive\/"},"img":{"alt_text":"","src":"https:\/\/i0.wp.com\/www.wallendorff.com\/belogue\/wp-content\/uploads\/2024\/08\/20240816-31.jpg?resize=350%2C200&ssl=1","width":350,"height":200,"srcset":"https:\/\/i0.wp.com\/www.wallendorff.com\/belogue\/wp-content\/uploads\/2024\/08\/20240816-31.jpg?resize=350%2C200&ssl=1 1x, https:\/\/i0.wp.com\/www.wallendorff.com\/belogue\/wp-content\/uploads\/2024\/08\/20240816-31.jpg?resize=525%2C300&ssl=1 1.5x, https:\/\/i0.wp.com\/www.wallendorff.com\/belogue\/wp-content\/uploads\/2024\/08\/20240816-31.jpg?resize=700%2C400&ssl=1 2x, https:\/\/i0.wp.com\/www.wallendorff.com\/belogue\/wp-content\/uploads\/2024\/08\/20240816-31.jpg?resize=1050%2C600&ssl=1 3x"},"classes":[]},{"id":3721,"url":"https:\/\/www.wallendorff.com\/belogue\/2008\/12\/28\/2008en-3\/","url_meta":{"origin":923,"position":2},"title":"2008 en&#8230; #3.","author":"dpc","date":"28 d\u00e9cembre 2008","format":false,"excerpt":"La Maroquinerie, Paris, 28 mai. pr\u00e9sentent 2008 en 10 soir\u00e9es qui tachent grave je te dis pas Je crois en avoir parl\u00e9 comme il fallait d\u00e8s le lendemain du concert. Ce 27 mai, la meute de damn\u00e9s de Flogging Molly a pris la Maroquinerie, l'a retourn\u00e9e et l'a secou\u00e9e sans\u2026","rel":"","context":"Dans &quot;DPC&quot;","block_context":{"text":"DPC","link":"https:\/\/www.wallendorff.com\/belogue\/category\/dpc\/"},"img":{"alt_text":"","src":"https:\/\/i0.wp.com\/www.wallendorff.com\/belogue\/wp-content\/uploads\/2015\/04\/200812281.jpg?resize=350%2C200&ssl=1","width":350,"height":200},"classes":[]},{"id":34387,"url":"https:\/\/www.wallendorff.com\/belogue\/2017\/07\/05\/flogging-molly-le-bataclan-paris-2\/","url_meta":{"origin":923,"position":3},"title":"Flogging Molly @ le Bataclan, Paris.","author":"dpc","date":"5 juillet 2017","format":false,"excerpt":"J\u2019ai d\u00e9j\u00e0 expliqu\u00e9 ce qui m'attache \u00e0 Flogging Molly et ne reviendrai pas dessus. Ce que je vis du concert d\u2019hier soir, c\u2019est-\u00e0-dire 4 titres, \u2013\u00a0les photographes devaient d\u00e9guerpir apr\u00e8s trois-titres-sans-flash et, entre nous, pour l\u2019instant, je ne tra\u00eene pas au Bataclan plus que n\u00e9cessaire\u00a0\u2013, fut fid\u00e8le au th\u00e8me que\u2026","rel":"","context":"Dans &quot;Alive&quot;","block_context":{"text":"Alive","link":"https:\/\/www.wallendorff.com\/belogue\/category\/alive\/"},"img":{"alt_text":"","src":"https:\/\/i0.wp.com\/www.wallendorff.com\/belogue\/wp-content\/uploads\/2017\/07\/20170705-08.jpg?resize=350%2C200&ssl=1","width":350,"height":200,"srcset":"https:\/\/i0.wp.com\/www.wallendorff.com\/belogue\/wp-content\/uploads\/2017\/07\/20170705-08.jpg?resize=350%2C200&ssl=1 1x, https:\/\/i0.wp.com\/www.wallendorff.com\/belogue\/wp-content\/uploads\/2017\/07\/20170705-08.jpg?resize=525%2C300&ssl=1 1.5x, https:\/\/i0.wp.com\/www.wallendorff.com\/belogue\/wp-content\/uploads\/2017\/07\/20170705-08.jpg?resize=700%2C400&ssl=1 2x"},"classes":[]},{"id":662,"url":"https:\/\/www.wallendorff.com\/belogue\/2004\/09\/14\/morning-jam\/","url_meta":{"origin":923,"position":4},"title":"Morning jam.","author":"dpc","date":"14 septembre 2004","format":false,"excerpt":"\u00a0Flogging Molly \u2013 The Seven Deadly Sins","rel":"","context":"Dans &quot;DPC&quot;","block_context":{"text":"DPC","link":"https:\/\/www.wallendorff.com\/belogue\/category\/dpc\/"},"img":{"alt_text":"","src":"https:\/\/i0.wp.com\/www.wallendorff.com\/belogue\/wp-content\/uploads\/2015\/04\/197.jpg?resize=350%2C200&ssl=1","width":350,"height":200},"classes":[]},{"id":14601,"url":"https:\/\/www.wallendorff.com\/belogue\/2011\/11\/28\/flogging-molly-le-bataclan-paris-26-novembre\/","url_meta":{"origin":923,"position":5},"title":"Flogging Molly @ le Bataclan, Paris, 26 novembre.","author":"dpc","date":"28 novembre 2011","format":false,"excerpt":"The Likes of You Again | Swagger | Speed of Darkness | Revolution | The Worst Day Since Yesterday | Requiem for a Dying Song | Selfish Man | Saints & Sinners | Drunken Lullabies | The Heart of the Sea | Black Friday Rule | Float | Oliver Boy\u2026","rel":"","context":"Dans &quot;Alive&quot;","block_context":{"text":"Alive","link":"https:\/\/www.wallendorff.com\/belogue\/category\/alive\/"},"img":{"alt_text":"","src":"https:\/\/i0.wp.com\/www.wallendorff.com\/belogue\/wp-content\/uploads\/2015\/04\/201111281.jpg?resize=350%2C200&ssl=1","width":350,"height":200,"srcset":"https:\/\/i0.wp.com\/www.wallendorff.com\/belogue\/wp-content\/uploads\/2015\/04\/201111281.jpg?resize=350%2C200&ssl=1 1x, https:\/\/i0.wp.com\/www.wallendorff.com\/belogue\/wp-content\/uploads\/2015\/04\/201111281.jpg?resize=525%2C300&ssl=1 1.5x, https:\/\/i0.wp.com\/www.wallendorff.com\/belogue\/wp-content\/uploads\/2015\/04\/201111281.jpg?resize=700%2C400&ssl=1 2x"},"classes":[]}],"_links":{"self":[{"href":"https:\/\/www.wallendorff.com\/belogue\/wp-json\/wp\/v2\/posts\/923","targetHints":{"allow":["GET"]}}],"collection":[{"href":"https:\/\/www.wallendorff.com\/belogue\/wp-json\/wp\/v2\/posts"}],"about":[{"href":"https:\/\/www.wallendorff.com\/belogue\/wp-json\/wp\/v2\/types\/post"}],"author":[{"embeddable":true,"href":"https:\/\/www.wallendorff.com\/belogue\/wp-json\/wp\/v2\/users\/1"}],"replies":[{"embeddable":true,"href":"https:\/\/www.wallendorff.com\/belogue\/wp-json\/wp\/v2\/comments?post=923"}],"version-history":[{"count":1,"href":"https:\/\/www.wallendorff.com\/belogue\/wp-json\/wp\/v2\/posts\/923\/revisions"}],"predecessor-version":[{"id":15842,"href":"https:\/\/www.wallendorff.com\/belogue\/wp-json\/wp\/v2\/posts\/923\/revisions\/15842"}],"wp:featuredmedia":[{"embeddable":true,"href":"https:\/\/www.wallendorff.com\/belogue\/wp-json\/wp\/v2\/media\/24856"}],"wp:attachment":[{"href":"https:\/\/www.wallendorff.com\/belogue\/wp-json\/wp\/v2\/media?parent=923"}],"wp:term":[{"taxonomy":"category","embeddable":true,"href":"https:\/\/www.wallendorff.com\/belogue\/wp-json\/wp\/v2\/categories?post=923"},{"taxonomy":"post_tag","embeddable":true,"href":"https:\/\/www.wallendorff.com\/belogue\/wp-json\/wp\/v2\/tags?post=923"}],"curies":[{"name":"wp","href":"https:\/\/api.w.org\/{rel}","templated":true}]}}