{"id":922,"date":"2007-03-28T09:23:05","date_gmt":"2007-03-28T09:23:05","guid":{"rendered":"http:\/\/www.po-l.com\/wordpress\/?p=922"},"modified":"2012-02-13T14:06:01","modified_gmt":"2012-02-13T12:06:01","slug":"cafard-n-a-homme","status":"publish","type":"post","link":"https:\/\/www.wallendorff.com\/belogue\/2007\/03\/28\/cafard-n-a-homme\/","title":{"rendered":"Cafard n&rsquo;a homme."},"content":{"rendered":"\n<div id=\"photo\">\n<p><img decoding=\"async\" src=\"https:\/\/www.wallendorff.com\/belogue\/photo\/2007\/03\/20070328.jpg\" \/><br \/>\n          Le Grand Rex, Paris, 19 mars.<\/p>\n<\/p><\/div>\n<p style=\"text-align:right\"><em>&ldquo;All my fears will come to me in dreams<br \/>\n        Maybe the end ain&rsquo;t as far as it seems<br \/>\n        Not yet revived but not yet mourned<br \/>\n        Not quite denied just not yet born.<\/em>&rdquo;<\/p>\n<div id=\"bandeson\">\n<p><img decoding=\"async\" src=\"https:\/\/www.wallendorff.com\/belogue\/photo\/pochettes\/v\/veils_the-nux_vomica.jpg\" align=\"left\" \/>&nbsp;<a href=\"http:\/\/www.theveils.com\">The Veils<\/a> &ndash; <em>Not Yet<\/em><\/p>\n<\/div>\n","protected":false},"excerpt":{"rendered":"<p>Le Grand Rex, Paris, 19 mars. &ldquo;All my fears will come to me in dreams Maybe the end ain&rsquo;t as far as it seems Not yet revived but not yet mourned Not quite denied just not yet born.&rdquo; &nbsp;The Veils &ndash; Not Yet<\/p>\n","protected":false},"author":1,"featured_media":24855,"comment_status":"open","ping_status":"open","sticky":false,"template":"","format":"standard","meta":{"_acf_changed":false,"ngg_post_thumbnail":0,"jetpack_post_was_ever_published":false,"_jetpack_newsletter_access":"","_jetpack_dont_email_post_to_subs":false,"_jetpack_newsletter_tier_id":0,"_jetpack_memberships_contains_paywalled_content":false,"_jetpack_memberships_contains_paid_content":false,"footnotes":"","jetpack_publicize_message":"","jetpack_publicize_feature_enabled":true,"jetpack_social_post_already_shared":false,"jetpack_social_options":{"image_generator_settings":{"template":"highway","default_image_id":0,"font":"","enabled":false},"version":2}},"categories":[3],"tags":[10134,10251,10084,196,132,10157,10120,10121,10417,1965,10098,10407,811],"class_list":["post-922","post","type-post","status-publish","format-standard","has-post-thumbnail","hentry","category-dpc","tag-10134","tag-10251","tag-alive","tag-ef-28-70-mm-f28l-usm","tag-eos-20d","tag-damien-rice","tag-france","tag-ile-de-france","tag-le-grand-rex","tag-not-yet","tag-paris","tag-silhouette","tag-the-veils"],"acf":[],"geo":{"latitude":48.8705177,"longitude":2.3475282,"description":"1-5 Boulevard Poissonni\u00e8re, 75002 Paris, France"},"jetpack_publicize_connections":[],"jetpack_featured_media_url":"https:\/\/www.wallendorff.com\/belogue\/wp-content\/uploads\/2015\/04\/200703281.jpg","jetpack_shortlink":"https:\/\/wp.me\/p3b35P-eS","jetpack_sharing_enabled":true,"jetpack-related-posts":[{"id":12508,"url":"https:\/\/www.wallendorff.com\/belogue\/2011\/04\/05\/archive-le-grand-rex-paris\/","url_meta":{"origin":922,"position":0},"title":"Archive @ le Grand Rex, Paris.","author":"dpc","date":"5 avril 2011","format":false,"excerpt":"\u00a0Archie Bronson Outfit \u2014 Harness (Bliss)","rel":"","context":"Dans &quot;Alive&quot;","block_context":{"text":"Alive","link":"https:\/\/www.wallendorff.com\/belogue\/category\/alive\/"},"img":{"alt_text":"","src":"https:\/\/i0.wp.com\/www.wallendorff.com\/belogue\/wp-content\/uploads\/2015\/04\/201104051.jpg?resize=350%2C200&ssl=1","width":350,"height":200,"srcset":"https:\/\/i0.wp.com\/www.wallendorff.com\/belogue\/wp-content\/uploads\/2015\/04\/201104051.jpg?resize=350%2C200&ssl=1 1x, https:\/\/i0.wp.com\/www.wallendorff.com\/belogue\/wp-content\/uploads\/2015\/04\/201104051.jpg?resize=525%2C300&ssl=1 1.5x, https:\/\/i0.wp.com\/www.wallendorff.com\/belogue\/wp-content\/uploads\/2015\/04\/201104051.jpg?resize=700%2C400&ssl=1 2x"},"classes":[]},{"id":7544,"url":"https:\/\/www.wallendorff.com\/belogue\/2010\/05\/17\/guess-i-died-a-while-ago\/","url_meta":{"origin":922,"position":1},"title":"Guess I died a while ago.","author":"dpc","date":"17 mai 2010","format":false,"excerpt":"Rue Mahler, Paris, 10 avril. \u00a0The Veils \u2013 Nux Vomica","rel":"","context":"Dans &quot;DPC&quot;","block_context":{"text":"DPC","link":"https:\/\/www.wallendorff.com\/belogue\/category\/dpc\/"},"img":{"alt_text":"","src":"https:\/\/i0.wp.com\/www.wallendorff.com\/belogue\/wp-content\/uploads\/2015\/04\/201005171.jpg?resize=350%2C200&ssl=1","width":350,"height":200},"classes":[]},{"id":994,"url":"https:\/\/www.wallendorff.com\/belogue\/2007\/07\/16\/shooting-people-12\/","url_meta":{"origin":922,"position":2},"title":"Shooting people #12.","author":"dpc","date":"16 juillet 2007","format":false,"excerpt":"POP Bercy, Paris, 30 mai. Alors que la France enti\u00e8re se remet doucement de la c\u00e9l\u00e9bration du 10e anniversaire des White Stripes de samedi \u2015\u00a0une c\u00e9l\u00e9bration par ailleurs \u00e9tonnante d'ampleur et dont les nombreux et spontan\u00e9s feux d'artifices de joie firent grand plaisir \u00e0 voir, m\u00eame si je me demande\u2026","rel":"","context":"Dans &quot;Portraits&quot;","block_context":{"text":"Portraits","link":"https:\/\/www.wallendorff.com\/belogue\/category\/portraits\/"},"img":{"alt_text":"","src":"https:\/\/i0.wp.com\/www.wallendorff.com\/belogue\/wp-content\/uploads\/2015\/04\/200707161.jpg?resize=350%2C200&ssl=1","width":350,"height":200},"classes":[]},{"id":4019,"url":"https:\/\/www.wallendorff.com\/belogue\/2009\/03\/14\/drou-the-candy-kid-le-vieux-leon-paris\/","url_meta":{"origin":922,"position":3},"title":"Drou &#038; the Candy Kid @ le Vieux L\u00e9on, Paris.","author":"dpc","date":"14 mars 2009","format":false,"excerpt":"\u00a0 The Veils \u2013 Three Sisters [Je sais, \u00e7a manque de Candy Kid. Mais je me rattraperai.]","rel":"","context":"Dans &quot;Alive&quot;","block_context":{"text":"Alive","link":"https:\/\/www.wallendorff.com\/belogue\/category\/alive\/"},"img":{"alt_text":"","src":"https:\/\/i0.wp.com\/www.wallendorff.com\/belogue\/wp-content\/uploads\/2015\/04\/200903141.jpg?resize=350%2C200&ssl=1","width":350,"height":200,"srcset":"https:\/\/i0.wp.com\/www.wallendorff.com\/belogue\/wp-content\/uploads\/2015\/04\/200903141.jpg?resize=350%2C200&ssl=1 1x, https:\/\/i0.wp.com\/www.wallendorff.com\/belogue\/wp-content\/uploads\/2015\/04\/200903141.jpg?resize=525%2C300&ssl=1 1.5x, https:\/\/i0.wp.com\/www.wallendorff.com\/belogue\/wp-content\/uploads\/2015\/04\/200903141.jpg?resize=700%2C400&ssl=1 2x"},"classes":[]},{"id":20693,"url":"https:\/\/www.wallendorff.com\/belogue\/2013\/03\/26\/navion-ii\/","url_meta":{"origin":922,"position":4},"title":"Navion [II].","author":"dpc","date":"26 mars 2013","format":false,"excerpt":"A\u00e9roport Paris-Charles-de-Gaulle, 8 f\u00e9vrier. [Joyeux anniversaire.] Through the Deep, Dark WoodsThe Veils","rel":"","context":"Dans &quot;DPC&quot;","block_context":{"text":"DPC","link":"https:\/\/www.wallendorff.com\/belogue\/category\/dpc\/"},"img":{"alt_text":"","src":"https:\/\/i0.wp.com\/www.wallendorff.com\/belogue\/wp-content\/uploads\/2015\/04\/20130326.jpg?resize=350%2C200&ssl=1","width":350,"height":200,"srcset":"https:\/\/i0.wp.com\/www.wallendorff.com\/belogue\/wp-content\/uploads\/2015\/04\/20130326.jpg?resize=350%2C200&ssl=1 1x, https:\/\/i0.wp.com\/www.wallendorff.com\/belogue\/wp-content\/uploads\/2015\/04\/20130326.jpg?resize=525%2C300&ssl=1 1.5x"},"classes":[]},{"id":3404,"url":"https:\/\/www.wallendorff.com\/belogue\/2008\/09\/08\/lit-lit-lit\/","url_meta":{"origin":922,"position":5},"title":"Lit lit lit.","author":"dpc","date":"8 septembre 2008","format":false,"excerpt":"Cour carr\u00e9e du Louvre, Paris, 6 ao\u00fbt. The Veils \u2013 Drive (R.E.M. cover) \u2013 (Drive XV) C'est quand m\u00eame chouette de faire dans le dynamique motivant d\u00e8s le lundi matin.","rel":"","context":"Dans &quot;DPC&quot;","block_context":{"text":"DPC","link":"https:\/\/www.wallendorff.com\/belogue\/category\/dpc\/"},"img":{"alt_text":"","src":"https:\/\/i0.wp.com\/www.wallendorff.com\/belogue\/wp-content\/uploads\/2015\/04\/200809081.jpg?resize=350%2C200&ssl=1","width":350,"height":200},"classes":[]}],"_links":{"self":[{"href":"https:\/\/www.wallendorff.com\/belogue\/wp-json\/wp\/v2\/posts\/922","targetHints":{"allow":["GET"]}}],"collection":[{"href":"https:\/\/www.wallendorff.com\/belogue\/wp-json\/wp\/v2\/posts"}],"about":[{"href":"https:\/\/www.wallendorff.com\/belogue\/wp-json\/wp\/v2\/types\/post"}],"author":[{"embeddable":true,"href":"https:\/\/www.wallendorff.com\/belogue\/wp-json\/wp\/v2\/users\/1"}],"replies":[{"embeddable":true,"href":"https:\/\/www.wallendorff.com\/belogue\/wp-json\/wp\/v2\/comments?post=922"}],"version-history":[{"count":1,"href":"https:\/\/www.wallendorff.com\/belogue\/wp-json\/wp\/v2\/posts\/922\/revisions"}],"predecessor-version":[{"id":15841,"href":"https:\/\/www.wallendorff.com\/belogue\/wp-json\/wp\/v2\/posts\/922\/revisions\/15841"}],"wp:featuredmedia":[{"embeddable":true,"href":"https:\/\/www.wallendorff.com\/belogue\/wp-json\/wp\/v2\/media\/24855"}],"wp:attachment":[{"href":"https:\/\/www.wallendorff.com\/belogue\/wp-json\/wp\/v2\/media?parent=922"}],"wp:term":[{"taxonomy":"category","embeddable":true,"href":"https:\/\/www.wallendorff.com\/belogue\/wp-json\/wp\/v2\/categories?post=922"},{"taxonomy":"post_tag","embeddable":true,"href":"https:\/\/www.wallendorff.com\/belogue\/wp-json\/wp\/v2\/tags?post=922"}],"curies":[{"name":"wp","href":"https:\/\/api.w.org\/{rel}","templated":true}]}}