{"id":920,"date":"2007-03-25T16:02:01","date_gmt":"2007-03-25T16:02:01","guid":{"rendered":"http:\/\/www.po-l.com\/wordpress\/?p=920"},"modified":"2012-02-10T11:17:58","modified_gmt":"2012-02-10T09:17:58","slug":"masse-de-carreaux","status":"publish","type":"post","link":"https:\/\/www.wallendorff.com\/belogue\/2007\/03\/25\/masse-de-carreaux\/","title":{"rendered":"Masse de carreaux."},"content":{"rendered":"<div id=\"photo\">\n<p><img decoding=\"async\" src=\"https:\/\/www.wallendorff.com\/belogue\/photo\/2007\/03\/20070325.jpg\" \/><br \/>\nPlace des Tries, Vireux-Wallerand, 16 mars.<\/p>\n<\/div>\n<p style=\"text-align:right\"><em>Got me livin&rsquo; in her dream<\/em>.<\/p>\n<div id=\"bandeson\">\n<p><img decoding=\"async\" src=\"https:\/\/www.wallendorff.com\/belogue\/photo\/pochettes\/i\/infadels-we_are_not_the_infadels.jpg\" align=\"left\" \/>&nbsp;<a href=\"http:\/\/www.infadels.com\/\">Infadels<\/a> &ndash; <em>Girls That Speaks No Word<\/em><\/p>\n<\/p><\/div>\n","protected":false},"excerpt":{"rendered":"<p>Place des Tries, Vireux-Wallerand, 16 mars. Got me livin&rsquo; in her dream. &nbsp;Infadels &ndash; Girls That Speaks No Word<\/p>\n","protected":false},"author":1,"featured_media":24852,"comment_status":"open","ping_status":"open","sticky":false,"template":"","format":"standard","meta":{"_acf_changed":false,"ngg_post_thumbnail":0,"jetpack_post_was_ever_published":false,"_jetpack_newsletter_access":"","_jetpack_dont_email_post_to_subs":false,"_jetpack_newsletter_tier_id":0,"_jetpack_memberships_contains_paywalled_content":false,"_jetpack_memberships_contains_paid_content":false,"footnotes":"","jetpack_publicize_message":"","jetpack_publicize_feature_enabled":true,"jetpack_social_post_already_shared":false,"jetpack_social_options":{"image_generator_settings":{"template":"highway","default_image_id":0,"font":"","enabled":false},"version":2}},"categories":[3],"tags":[10255,132,10254,10307,10120,1795,1794,782,10278,10147,1963,173,10435],"class_list":["post-920","post","type-post","status-publish","format-standard","has-post-thumbnail","hentry","category-dpc","tag-ardenne","tag-eos-20d","tag-champagne-ardenne","tag-fenetre","tag-france","tag-girl-that-speaks-no-words","tag-infadels","tag-jaune","tag-lampadaire","tag-nuit","tag-place-des-tries","tag-sigma-28-70-mm-f28-dg-ex","tag-vireux-wallerand"],"acf":[],"geo":{"latitude":50.0836525,"longitude":4.730258,"description":"1-25 Place des Tries, 08320 Vireux-Wallerand, France"},"jetpack_publicize_connections":[],"jetpack_featured_media_url":"https:\/\/www.wallendorff.com\/belogue\/wp-content\/uploads\/2015\/04\/200703251.jpg","jetpack_shortlink":"https:\/\/wp.me\/p3b35P-eQ","jetpack_sharing_enabled":true,"jetpack-related-posts":[{"id":1278,"url":"https:\/\/www.wallendorff.com\/belogue\/2008\/07\/27\/the-rolling-stones-festi-meuse-vireux-wallerand\/","url_meta":{"origin":920,"position":0},"title":"The Rolling Stones @ Festi&rsquo;Meuse, Vireux-Wallerand.","author":"dpc","date":"27 juillet 2008","format":false,"excerpt":"Mais si Keith Richards a \u00e9t\u00e9 remplac\u00e9 par Axl Rose et la guitare de Slash, qui est le roux qui promet des Chinese Democracy pour la fin de l'ann\u00e9e en s'enfilant des Dr. Pepper\u00a0?","rel":"","context":"Dans &quot;Alive&quot;","block_context":{"text":"Alive","link":"https:\/\/www.wallendorff.com\/belogue\/category\/alive\/"},"img":{"alt_text":"","src":"https:\/\/i0.wp.com\/www.wallendorff.com\/belogue\/wp-content\/uploads\/2015\/04\/200807271.jpg?resize=350%2C200&ssl=1","width":350,"height":200},"classes":[]},{"id":9281,"url":"https:\/\/www.wallendorff.com\/belogue\/2010\/09\/19\/woodpigeon-la-fleche-dor-paris\/","url_meta":{"origin":920,"position":1},"title":"Woodpigeon @ la Fl\u00e8che d&rsquo;Or, Paris.","author":"dpc","date":"19 septembre 2010","format":false,"excerpt":"Lonely Kiss | The Allison Yip School for Girls | Oberkampf | Knock Knock | The Saddest Music in the World | I Know a Lot of Places | ... And as the Ship Went Down, You'd Never Looked Finer Un rapide set de 40 minutes par le Mark Hamilton\u2026","rel":"","context":"Dans &quot;Alive&quot;","block_context":{"text":"Alive","link":"https:\/\/www.wallendorff.com\/belogue\/category\/alive\/"},"img":{"alt_text":"","src":"https:\/\/i0.wp.com\/www.wallendorff.com\/belogue\/wp-content\/uploads\/2015\/04\/201009191.jpg?resize=350%2C200&ssl=1","width":350,"height":200,"srcset":"https:\/\/i0.wp.com\/www.wallendorff.com\/belogue\/wp-content\/uploads\/2015\/04\/201009191.jpg?resize=350%2C200&ssl=1 1x, https:\/\/i0.wp.com\/www.wallendorff.com\/belogue\/wp-content\/uploads\/2015\/04\/201009191.jpg?resize=525%2C300&ssl=1 1.5x, https:\/\/i0.wp.com\/www.wallendorff.com\/belogue\/wp-content\/uploads\/2015\/04\/201009191.jpg?resize=700%2C400&ssl=1 2x"},"classes":[]},{"id":51684,"url":"https:\/\/www.wallendorff.com\/belogue\/2022\/05\/31\/mai-2022\/","url_meta":{"origin":920,"position":2},"title":"Mai 2022.","author":"dpc","date":"31 mai 2022","format":false,"excerpt":"Un livre, un scrabble, une tour, un ciel, un reflet, un chat pr\u00e9nomm\u00e9 L\u00c2CHE-MOIHEU, un bisou, une vitre, un trottoir, une affiche, un quai de m\u00e9tro, des pieds, une terrasse, une vitrine, un immeuble, une guirlande, une sonnette, une brouette, un chat pr\u00e9nomm\u00e9 Armement-des-Toboggans, un coucher de soleil, un train,\u2026","rel":"","context":"Dans &quot;Blog-note&quot;","block_context":{"text":"Blog-note","link":"https:\/\/www.wallendorff.com\/belogue\/category\/blog-note\/"},"img":{"alt_text":"","src":"https:\/\/i0.wp.com\/www.wallendorff.com\/belogue\/wp-content\/uploads\/2022\/06\/20220617-74.jpg?resize=350%2C200&ssl=1","width":350,"height":200,"srcset":"https:\/\/i0.wp.com\/www.wallendorff.com\/belogue\/wp-content\/uploads\/2022\/06\/20220617-74.jpg?resize=350%2C200&ssl=1 1x, https:\/\/i0.wp.com\/www.wallendorff.com\/belogue\/wp-content\/uploads\/2022\/06\/20220617-74.jpg?resize=525%2C300&ssl=1 1.5x, https:\/\/i0.wp.com\/www.wallendorff.com\/belogue\/wp-content\/uploads\/2022\/06\/20220617-74.jpg?resize=700%2C400&ssl=1 2x, https:\/\/i0.wp.com\/www.wallendorff.com\/belogue\/wp-content\/uploads\/2022\/06\/20220617-74.jpg?resize=1050%2C600&ssl=1 3x"},"classes":[]},{"id":22407,"url":"https:\/\/www.wallendorff.com\/belogue\/2013\/12\/31\/decembre-2013\/","url_meta":{"origin":920,"position":3},"title":"D\u00e9cembre 2013.","author":"dpc","date":"31 d\u00e9cembre 2013","format":false,"excerpt":"Une travers\u00e9e du XXe, de l'alcool, des gens, beaucoup, une p\u00e9niche, un bus, des requins-fant\u00f4mes, une nuit au Z\u00e9nith, encore des requins, une \u00e9glise vide, No\u00ebl sous la pluie, une cath\u00e9drale, une grande roue, une grosse boule, des lampions, un mus\u00e9e, encore de l'alcool, encore des gens, une grosse saucisse,\u2026","rel":"","context":"Dans &quot;Blog-note&quot;","block_context":{"text":"Blog-note","link":"https:\/\/www.wallendorff.com\/belogue\/category\/blog-note\/"},"img":{"alt_text":"","src":"https:\/\/i0.wp.com\/www.wallendorff.com\/belogue\/wp-content\/uploads\/2015\/04\/20140115-521.jpg?resize=350%2C200&ssl=1","width":350,"height":200,"srcset":"https:\/\/i0.wp.com\/www.wallendorff.com\/belogue\/wp-content\/uploads\/2015\/04\/20140115-521.jpg?resize=350%2C200&ssl=1 1x, https:\/\/i0.wp.com\/www.wallendorff.com\/belogue\/wp-content\/uploads\/2015\/04\/20140115-521.jpg?resize=525%2C300&ssl=1 1.5x, https:\/\/i0.wp.com\/www.wallendorff.com\/belogue\/wp-content\/uploads\/2015\/04\/20140115-521.jpg?resize=700%2C400&ssl=1 2x"},"classes":[]},{"id":810,"url":"https:\/\/www.wallendorff.com\/belogue\/2006\/10\/21\/ca-t-a-pas-des-plu\/","url_meta":{"origin":920,"position":4},"title":"\u00c7a t&rsquo;a pas des plu\u00b9.","author":"dpc","date":"21 octobre 2006","format":false,"excerpt":"Pendant le B\u00e9beck Show2, Rock en Seine, Paris, 26 ao\u00fbt. Coffee and Rock & Folk is all my laundry needs. \u00a0Infadels \u2013 Girls That Speaks No Word _____ 1 Notez que j'ai \u00e9vit\u00e9 d'intituler celle-l\u00e0 Shooting mucho people y ein umbrella #1, parce qu'\u00e0 force \u00e7a sao\u00fble de faire le\u2026","rel":"","context":"Dans &quot;DPC&quot;","block_context":{"text":"DPC","link":"https:\/\/www.wallendorff.com\/belogue\/category\/dpc\/"},"img":{"alt_text":"","src":"https:\/\/i0.wp.com\/www.wallendorff.com\/belogue\/wp-content\/uploads\/2015\/04\/200610211.jpg?resize=350%2C200&ssl=1","width":350,"height":200},"classes":[]},{"id":21993,"url":"https:\/\/www.wallendorff.com\/belogue\/2013\/11\/13\/concorde-i\/","url_meta":{"origin":920,"position":5},"title":"Concorde [I].","author":"dpc","date":"13 novembre 2013","format":false,"excerpt":"Place de la Concorde, Paris, 1er octobre. Explain Nothing Infadels","rel":"","context":"Dans &quot;DPC&quot;","block_context":{"text":"DPC","link":"https:\/\/www.wallendorff.com\/belogue\/category\/dpc\/"},"img":{"alt_text":"","src":"https:\/\/i0.wp.com\/www.wallendorff.com\/belogue\/wp-content\/uploads\/2015\/04\/201311131.jpg?resize=350%2C200&ssl=1","width":350,"height":200,"srcset":"https:\/\/i0.wp.com\/www.wallendorff.com\/belogue\/wp-content\/uploads\/2015\/04\/201311131.jpg?resize=350%2C200&ssl=1 1x, https:\/\/i0.wp.com\/www.wallendorff.com\/belogue\/wp-content\/uploads\/2015\/04\/201311131.jpg?resize=525%2C300&ssl=1 1.5x, https:\/\/i0.wp.com\/www.wallendorff.com\/belogue\/wp-content\/uploads\/2015\/04\/201311131.jpg?resize=700%2C400&ssl=1 2x"},"classes":[]}],"_links":{"self":[{"href":"https:\/\/www.wallendorff.com\/belogue\/wp-json\/wp\/v2\/posts\/920","targetHints":{"allow":["GET"]}}],"collection":[{"href":"https:\/\/www.wallendorff.com\/belogue\/wp-json\/wp\/v2\/posts"}],"about":[{"href":"https:\/\/www.wallendorff.com\/belogue\/wp-json\/wp\/v2\/types\/post"}],"author":[{"embeddable":true,"href":"https:\/\/www.wallendorff.com\/belogue\/wp-json\/wp\/v2\/users\/1"}],"replies":[{"embeddable":true,"href":"https:\/\/www.wallendorff.com\/belogue\/wp-json\/wp\/v2\/comments?post=920"}],"version-history":[{"count":1,"href":"https:\/\/www.wallendorff.com\/belogue\/wp-json\/wp\/v2\/posts\/920\/revisions"}],"predecessor-version":[{"id":15816,"href":"https:\/\/www.wallendorff.com\/belogue\/wp-json\/wp\/v2\/posts\/920\/revisions\/15816"}],"wp:featuredmedia":[{"embeddable":true,"href":"https:\/\/www.wallendorff.com\/belogue\/wp-json\/wp\/v2\/media\/24852"}],"wp:attachment":[{"href":"https:\/\/www.wallendorff.com\/belogue\/wp-json\/wp\/v2\/media?parent=920"}],"wp:term":[{"taxonomy":"category","embeddable":true,"href":"https:\/\/www.wallendorff.com\/belogue\/wp-json\/wp\/v2\/categories?post=920"},{"taxonomy":"post_tag","embeddable":true,"href":"https:\/\/www.wallendorff.com\/belogue\/wp-json\/wp\/v2\/tags?post=920"}],"curies":[{"name":"wp","href":"https:\/\/api.w.org\/{rel}","templated":true}]}}