{"id":92,"date":"2006-03-04T18:19:18","date_gmt":"2006-03-04T18:19:18","guid":{"rendered":"http:\/\/www.po-l.com\/wordpress\/?p=92"},"modified":"2023-08-22T16:25:04","modified_gmt":"2023-08-22T14:25:04","slug":"a-l-air-tour","status":"publish","type":"post","link":"https:\/\/www.wallendorff.com\/belogue\/2006\/03\/04\/a-l-air-tour\/","title":{"rendered":"\u00c0 l&rsquo;air, tour."},"content":{"rendered":"<div id=\"photo\">\n<p><img decoding=\"async\" src=\"http:\/\/www.po-L.com\/belogue\/photo\/2006\/03\/20060304.jpg\"><br \/>\nLe Point \u00c9ph\u00e9m\u00e8re, Paris, 2 mars, 21h36.<\/p>\n<\/div>\n<p>En 48h, j&rsquo;ai pu:<\/p>\n<ul>\n<li>Mettre les pieds dans un tour-bus,<\/li>\n<li>Compter ses couchettes [14],<\/li>\n<li>Voir un amiche chantant avec la voix de Garth Algar se jeter dans une foule de groupies moites,<\/li>\n<li>Faire des estimations de taux de remplissage de couchette (en groupie\/couchette)<\/li>\n<li>Louper un Eurostar,<\/li>\n<li>\u00catre mis en demeure par la Pr\u00e9fecture de Police,<\/li>\n<li>Passer du rouge au vert,<\/li>\n<li>Entendre des cow-boys sur Mars,<\/li>\n<li>Causer avec un mec en costard \u00e0 carreaux gris sortant tout juste d&rsquo;un d\u00e9g\u00e2t des eaux,<\/li>\n<li>Subir une alerte-incendie avec le mec en costard \u00e0 carreaux gris,<\/li>\n<li>Fuir le mec en costard \u00e0 carreaux gris avant sa prochaine catastrophe,<\/li>\n<li>Me balader dans Londres plus de 10 minutes,<\/li>\n<li>Vider un appartement,<\/li>\n<li>Emplir une voiture,<\/li>\n<li>Passer pour un p\u00e9dophile,<\/li>\n<li>Ne pas vider la voiture,<\/li>\n<li>\u00c9crire un titre pour Nirvana,<\/li>\n<li>Tremper du thon dans du soja vinaigr\u00e9 aupr\u00e8s de gens super hi-tech parlant en codes,<\/li>\n<li>Coller 49 vignettes import\u00e9es \u00e0 grands frais du Qu\u00e9bec sur mes touches pour assumer enfin au grand jour mon amour du clavier canadien multillingue standard,<\/li>\n<li>\u00c9couter les Raconteurs,<\/li>\n<li>R\u00e9\u00e9couter les Raconteurs.<\/li>\n<\/ul>\n<p>Voil\u00e0.<\/p>\n<p style=\"text-align:center\">Bon.<\/p>\n<p style=\"text-align:right\">Vais me  re-r\u00e9\u00e9couter les Raconteurs, moi.<\/p>\n<div id=\"bandeson\">\n<p><img decoding=\"async\" src=\"https:\/\/www.wallendorff.com\/belogue\/photo\/pochettes\/r\/raconteurs_the-broken_boy_soldiers.jpg\" align=\"left\">&nbsp;<a href=\"http:\/\/www.theraconteurs.com\">The Raconteurs<\/a> \u2013 <em>Steady, as She Goes<\/em><\/p>\n<\/div>\n","protected":false},"excerpt":{"rendered":"<p>Le Point \u00c9ph\u00e9m\u00e8re, Paris, 2 mars, 21h36. En 48h, j&rsquo;ai pu: Mettre les pieds dans un tour-bus, Compter ses couchettes [14], Voir un amiche chantant avec la voix de Garth Algar se jeter dans une foule de groupies moites, Faire des estimations de taux de remplissage de couchette (en groupie\/couchette) Louper un Eurostar, \u00catre mis&hellip;<\/p>\n","protected":false},"author":1,"featured_media":24027,"comment_status":"closed","ping_status":"closed","sticky":false,"template":"","format":"standard","meta":{"_acf_changed":false,"ngg_post_thumbnail":0,"jetpack_post_was_ever_published":false,"_jetpack_newsletter_access":"","_jetpack_dont_email_post_to_subs":false,"_jetpack_newsletter_tier_id":0,"_jetpack_memberships_contains_paywalled_content":false,"_jetpack_memberships_contains_paid_content":false,"footnotes":"","jetpack_publicize_message":"","jetpack_publicize_feature_enabled":true,"jetpack_social_post_already_shared":false,"jetpack_social_options":{"image_generator_settings":{"template":"highway","default_image_id":0,"font":"","enabled":false},"version":2}},"categories":[3],"tags":[10267,132,10120,10121,10302,143,10147,10098,10357,173,1494,1493],"class_list":["post-92","post","type-post","status-publish","format-standard","has-post-thumbnail","hentry","category-dpc","tag-10267","tag-eos-20d","tag-france","tag-ile-de-france","tag-le-point-ephemere","tag-noir-et-blanc","tag-nuit","tag-paris","tag-quai-de-valmy","tag-sigma-28-70-mm-f28-dg-ex","tag-steady-as-she-goes","tag-the-raconteurs"],"acf":[],"geo":{"latitude":48.8815308,"longitude":2.3685622,"description":"Quai de Valmy, 75010 Paris, France"},"jetpack_publicize_connections":[],"jetpack_featured_media_url":"https:\/\/www.wallendorff.com\/belogue\/wp-content\/uploads\/2015\/04\/200603041.jpg","jetpack_shortlink":"https:\/\/wp.me\/p3b35P-1u","jetpack_sharing_enabled":true,"jetpack-related-posts":[{"id":3546,"url":"https:\/\/www.wallendorff.com\/belogue\/2008\/11\/02\/no-age-le-point-ephemere-paris\/","url_meta":{"origin":92,"position":0},"title":"No Age @ le Point \u00c9ph\u00e9m\u00e8re, Paris.","author":"dpc","date":"2 novembre 2008","format":false,"excerpt":"No Age \u2013 Miner No Age est ce genre de groupe avec lequel, jusqu'\u00e0 ce qu'il se mette \u00e0 chanter, tu prends ce gars \u00e0 chemise \u00e0 carreaux qui tripotait la guitare une Leffe \u00e0 la main pour un roadie. \u00c9videmment \u00e0 des lieues de la veille, la soir\u00e9e d\u00e9bute\u2026","rel":"","context":"Dans &quot;Alive&quot;","block_context":{"text":"Alive","link":"https:\/\/www.wallendorff.com\/belogue\/category\/alive\/"},"img":{"alt_text":"","src":"https:\/\/i0.wp.com\/www.wallendorff.com\/belogue\/wp-content\/uploads\/2015\/04\/200811021.jpg?resize=350%2C200&ssl=1","width":350,"height":200,"srcset":"https:\/\/i0.wp.com\/www.wallendorff.com\/belogue\/wp-content\/uploads\/2015\/04\/200811021.jpg?resize=350%2C200&ssl=1 1x, https:\/\/i0.wp.com\/www.wallendorff.com\/belogue\/wp-content\/uploads\/2015\/04\/200811021.jpg?resize=525%2C300&ssl=1 1.5x, https:\/\/i0.wp.com\/www.wallendorff.com\/belogue\/wp-content\/uploads\/2015\/04\/200811021.jpg?resize=700%2C400&ssl=1 2x"},"classes":[]},{"id":48506,"url":"https:\/\/www.wallendorff.com\/belogue\/2021\/05\/31\/mai-2021\/","url_meta":{"origin":92,"position":1},"title":"Mai 2021.","author":"dpc","date":"31 mai 2021","format":false,"excerpt":"Une fontaine, un oiseau, un cadenas, un chapeau, un tas de ballons, une sieste, un balcon, un coucher de soleil, un m\u00e9tro, une verri\u00e8re, une tour, un op\u00e9ra, un soleil bien dans l'axe, un m\u00e9tro, un quai, un tour, une passerelle, un pont, un chat pr\u00e9nomm\u00e9 Gretzky, un jardin, un\u2026","rel":"","context":"Dans &quot;Blog-note&quot;","block_context":{"text":"Blog-note","link":"https:\/\/www.wallendorff.com\/belogue\/category\/blog-note\/"},"img":{"alt_text":"","src":"https:\/\/i0.wp.com\/www.wallendorff.com\/belogue\/wp-content\/uploads\/2021\/06\/20210609-49.jpg?resize=350%2C200&ssl=1","width":350,"height":200,"srcset":"https:\/\/i0.wp.com\/www.wallendorff.com\/belogue\/wp-content\/uploads\/2021\/06\/20210609-49.jpg?resize=350%2C200&ssl=1 1x, https:\/\/i0.wp.com\/www.wallendorff.com\/belogue\/wp-content\/uploads\/2021\/06\/20210609-49.jpg?resize=525%2C300&ssl=1 1.5x, https:\/\/i0.wp.com\/www.wallendorff.com\/belogue\/wp-content\/uploads\/2021\/06\/20210609-49.jpg?resize=700%2C400&ssl=1 2x, https:\/\/i0.wp.com\/www.wallendorff.com\/belogue\/wp-content\/uploads\/2021\/06\/20210609-49.jpg?resize=1050%2C600&ssl=1 3x"},"classes":[]},{"id":253,"url":"https:\/\/www.wallendorff.com\/belogue\/2005\/12\/02\/passe-qu-on-posait\/","url_meta":{"origin":92,"position":2},"title":"Pass&eacute; qu&rsquo;on posait.","author":"dpc","date":"2 d\u00e9cembre 2005","format":false,"excerpt":"Rue Bichat, Paris, 19 novembre. Curieux comme deux notes de ce qui ressemble \u00e0 une mandoline dans la radio d'un tabac peuvent \u00e9veiller ton oreille gauche, qui pr\u00e9vient ta droite, qui alerte ton cerveau, qui se demande \u00e0 quelle intro elles te font penser, les notes, pas les oreilles, puisque\u2026","rel":"","context":"Dans &quot;DPC&quot;","block_context":{"text":"DPC","link":"https:\/\/www.wallendorff.com\/belogue\/category\/dpc\/"},"img":{"alt_text":"","src":"https:\/\/i0.wp.com\/www.wallendorff.com\/belogue\/wp-content\/uploads\/2015\/04\/200512021.jpg?resize=350%2C200&ssl=1","width":350,"height":200},"classes":[]},{"id":920,"url":"https:\/\/www.wallendorff.com\/belogue\/2007\/03\/25\/masse-de-carreaux\/","url_meta":{"origin":92,"position":3},"title":"Masse de carreaux.","author":"dpc","date":"25 mars 2007","format":false,"excerpt":"Place des Tries, Vireux-Wallerand, 16 mars. Got me livin' in her dream. \u00a0Infadels \u2013 Girls That Speaks No Word","rel":"","context":"Dans &quot;DPC&quot;","block_context":{"text":"DPC","link":"https:\/\/www.wallendorff.com\/belogue\/category\/dpc\/"},"img":{"alt_text":"","src":"https:\/\/i0.wp.com\/www.wallendorff.com\/belogue\/wp-content\/uploads\/2015\/04\/200703251.jpg?resize=350%2C200&ssl=1","width":350,"height":200},"classes":[]},{"id":51398,"url":"https:\/\/www.wallendorff.com\/belogue\/2022\/04\/30\/avril-2022\/","url_meta":{"origin":92,"position":4},"title":"Avril 2022.","author":"dpc","date":"30 avril 2022","format":false,"excerpt":"Un peu de neige, un vernissage, un anniversaire, un a\u00e9roport, une ruelle, un souper, une ruine, une vue, un avion, un spectacle, un concert, une sieste, un pont, une voiture, un costard, une demande en mariage, un m\u00e9tro, un premier tour, un quiz, une ruelle, un avion, des \u00e9oliennes, un\u2026","rel":"","context":"Dans &quot;Blog-note&quot;","block_context":{"text":"Blog-note","link":"https:\/\/www.wallendorff.com\/belogue\/category\/blog-note\/"},"img":{"alt_text":"","src":"https:\/\/i0.wp.com\/www.wallendorff.com\/belogue\/wp-content\/uploads\/2022\/05\/20220509-46.jpg?resize=350%2C200&ssl=1","width":350,"height":200,"srcset":"https:\/\/i0.wp.com\/www.wallendorff.com\/belogue\/wp-content\/uploads\/2022\/05\/20220509-46.jpg?resize=350%2C200&ssl=1 1x, https:\/\/i0.wp.com\/www.wallendorff.com\/belogue\/wp-content\/uploads\/2022\/05\/20220509-46.jpg?resize=525%2C300&ssl=1 1.5x, https:\/\/i0.wp.com\/www.wallendorff.com\/belogue\/wp-content\/uploads\/2022\/05\/20220509-46.jpg?resize=700%2C400&ssl=1 2x, https:\/\/i0.wp.com\/www.wallendorff.com\/belogue\/wp-content\/uploads\/2022\/05\/20220509-46.jpg?resize=1050%2C600&ssl=1 3x"},"classes":[]},{"id":885,"url":"https:\/\/www.wallendorff.com\/belogue\/2007\/01\/27\/peter-von-poehl-le-bataclan-paris\/","url_meta":{"origin":92,"position":5},"title":"Peter Von Poehl @ le Bataclan, Paris.","author":"dpc","date":"27 janvier 2007","format":false,"excerpt":"Peter est un mec sympa aux faux airs de Dave, qui parle beaucoup et bien, du genre \u00e0 te mettre une chouette ambiance dans un Bataclan blind\u00e9, un truc bien chaleureux comme une soir\u00e9e \u00e0 causer pr\u00e8s du Poehl1. Bon, forc\u00e9ment, il faudra lui pardonner ses errements humoristiques, surtout quand\u2026","rel":"","context":"Dans &quot;Alive&quot;","block_context":{"text":"Alive","link":"https:\/\/www.wallendorff.com\/belogue\/category\/alive\/"},"img":{"alt_text":"","src":"https:\/\/i0.wp.com\/www.wallendorff.com\/belogue\/wp-content\/uploads\/2015\/04\/200701271.jpg?resize=350%2C200&ssl=1","width":350,"height":200,"srcset":"https:\/\/i0.wp.com\/www.wallendorff.com\/belogue\/wp-content\/uploads\/2015\/04\/200701271.jpg?resize=350%2C200&ssl=1 1x, https:\/\/i0.wp.com\/www.wallendorff.com\/belogue\/wp-content\/uploads\/2015\/04\/200701271.jpg?resize=525%2C300&ssl=1 1.5x, https:\/\/i0.wp.com\/www.wallendorff.com\/belogue\/wp-content\/uploads\/2015\/04\/200701271.jpg?resize=700%2C400&ssl=1 2x"},"classes":[]}],"_links":{"self":[{"href":"https:\/\/www.wallendorff.com\/belogue\/wp-json\/wp\/v2\/posts\/92","targetHints":{"allow":["GET"]}}],"collection":[{"href":"https:\/\/www.wallendorff.com\/belogue\/wp-json\/wp\/v2\/posts"}],"about":[{"href":"https:\/\/www.wallendorff.com\/belogue\/wp-json\/wp\/v2\/types\/post"}],"author":[{"embeddable":true,"href":"https:\/\/www.wallendorff.com\/belogue\/wp-json\/wp\/v2\/users\/1"}],"replies":[{"embeddable":true,"href":"https:\/\/www.wallendorff.com\/belogue\/wp-json\/wp\/v2\/comments?post=92"}],"version-history":[{"count":3,"href":"https:\/\/www.wallendorff.com\/belogue\/wp-json\/wp\/v2\/posts\/92\/revisions"}],"predecessor-version":[{"id":125868,"href":"https:\/\/www.wallendorff.com\/belogue\/wp-json\/wp\/v2\/posts\/92\/revisions\/125868"}],"wp:featuredmedia":[{"embeddable":true,"href":"https:\/\/www.wallendorff.com\/belogue\/wp-json\/wp\/v2\/media\/24027"}],"wp:attachment":[{"href":"https:\/\/www.wallendorff.com\/belogue\/wp-json\/wp\/v2\/media?parent=92"}],"wp:term":[{"taxonomy":"category","embeddable":true,"href":"https:\/\/www.wallendorff.com\/belogue\/wp-json\/wp\/v2\/categories?post=92"},{"taxonomy":"post_tag","embeddable":true,"href":"https:\/\/www.wallendorff.com\/belogue\/wp-json\/wp\/v2\/tags?post=92"}],"curies":[{"name":"wp","href":"https:\/\/api.w.org\/{rel}","templated":true}]}}