{"id":919,"date":"2007-03-26T08:50:00","date_gmt":"2007-03-26T08:50:00","guid":{"rendered":"http:\/\/www.po-l.com\/wordpress\/?p=919"},"modified":"2013-10-23T18:58:01","modified_gmt":"2013-10-23T16:58:01","slug":"u2-achtung-baby","status":"publish","type":"post","link":"https:\/\/www.wallendorff.com\/belogue\/2007\/03\/26\/u2-achtung-baby\/","title":{"rendered":"U2 &ndash; Achtung Baby"},"content":{"rendered":"<div id=\"photo\">\n<p><img decoding=\"async\" src=\"https:\/\/www.wallendorff.com\/belogue\/photo\/autobiodisco\/003b.jpg\"><\/p>\n<\/p><\/div>\n<table style=\"border:none\" >\n<tr style=\"border:none\" >\n<td style=\"border:none;vertical-align:middle;width:200px\" ><img decoding=\"async\" src=\"https:\/\/www.wallendorff.com\/belogue\/photo\/autobiodisco\/002.jpg\" \/><\/td>\n<td style=\"border:none;vertical-align:middle\" >\n<p class=\"specs\"><strong>#8<br \/>\n         Label&nbsp;:<\/strong> Island <br \/>\n        <strong>Sortie&nbsp;:<\/strong> 19 novembre 1991<br \/>\n<strong>Producteurs&nbsp;:<\/strong> Daniel Lanois, Brian Eno<\/p>\n<\/td>\n<\/tr>\n<\/table>\n<p>Encore un achet&eacute; par mon p&egrave;re. Il le passera en boucle<sup>1<\/sup> dans sa Citro&euml;n d&egrave;s sa sortie, ce sera la bande-son de mon premier train seul vers Paris aux vacances de P&acirc;ques 1992. <em>Whose Gonna Ride Your Wild Horses<\/em>, cinqui&egrave;me piste, accompagnera  m&ecirc;me ma premi&egrave;re rupture<sup>2<\/sup> en 1993. Et <em>One<\/em>, c&rsquo;est <em>One<\/em>. Pas besoin de pr&eacute;senter <em>One<\/em>, tout le monde conna&icirc;t <em>One<\/em>.  <em>Love Is Blindness<\/em>, va savoir pourquoi, me replonge pour sa part toujours dans ce vendredi apr&egrave;s-midi de seconde ou le Lagerbe<sup>3<\/sup> s&rsquo;est fait virer de l&rsquo;internat pour avoir violemment cath&eacute;dral&eacute;<sup>4<\/sup> je-ne-me-souviens-qui. Et l&rsquo;ouverture <em>Zoo Station<\/em>, invariablement, me remet sous une douche de samedi matin de 3<sup>e<\/sup> avant le cours d&rsquo;histoire de 10&nbsp;h<sup>5<\/sup>. Je ne l&rsquo;explique pas non plus.<\/p>\n<p>Sorti des titres d&rsquo;amour rose et joli (<em>One<\/em>, <em>Whose Gonna Ride Your Wild Horses<\/em>) ou noirs et fun&egrave;bres (<em>Love Is Blindness<\/em>), <em>Achtung Baby<\/em> laisse filtrer &agrave; travers riffs r&eacute;verb&eacute;r&eacute;s et arrangements &eacute;mergents un romantisme aux atours urbains, comme un vieux b&eacute;ton recouvert de graphes. Sa pochette et son lieu d&rsquo;enregistrement influent-ils sur la perception de sa musique&nbsp;? Peut-&ecirc;tre. En partie capt&eacute; dans un studio berlinois, l&agrave;-m&ecirc;me o&ugrave; Bowie travailla avec Eno 15 ans avant, <em>Achtung Baby<\/em> na&icirc;t 2 ans apr&egrave;s la chute du mur et quelque mois apr&egrave;s celle de l&rsquo;URSS,  alors que l&rsquo;Est s&rsquo;&eacute;veille et que U2, franchissant l&rsquo;&eacute;preuve du renouvellement, revit. Tout cela m&rsquo;y fera beaucoup repenser, <a href=\"https:\/\/www.wallendorff.com\/belogue\/2012\/09\/26\/tram-de-la-route\/\">une fois arriv&eacute; &agrave; Sarajevo<\/a>. Premier album d&rsquo;un nouveau cycle, <em>Achtung Baby<\/em> est l&rsquo;album de la transition critique du U2 des ann&eacute;es 80, marqu&eacute; par l&rsquo;Am&eacute;rique et constant dans son style d&rsquo;un bout &agrave; l&rsquo;autre de la d&eacute;cennie, &agrave; celui des ann&eacute;es 90, s&eacute;millant, grandiloquent, exp&eacute;rimental, n&eacute; dans la crise et concluant la d&eacute;cennie chiant comme la mort. C&rsquo;est une r&eacute;ussite qui ouvre la porte aux tourn&eacute;e records qui se succ&eacute;deront de 1991 &agrave; aujourd&rsquo;hui, la premi&egrave;re page d&rsquo;un deuxi&egrave;me chapitre qu&rsquo;on pressent &agrave; l&rsquo;&eacute;poque palpitant<sup>6<\/sup>. Me le repassant aujourd&rsquo;hui, je r&eacute;alise que nous nous sommes perdus d&rsquo;&eacute;coute<sup>7<\/sup> et qu&rsquo;il m&rsquo;est maintenant plus &eacute;tranger que <em>Rattle and Hum<\/em>, qui pour sa part m&rsquo;a suivi tout le long du chemin<sup>8<\/sup>. Cela ne lui enl&egrave;ve pas pour autant son statut de porte d&rsquo;entr&eacute;e sur la discographie du groupe et ses premiers albums. Un passage oblig&eacute;, comme un hall d&rsquo;entr&eacute;e dans lequel on ne restera, au final, pas si longtemps, mais auquel on reste li&eacute;.<\/p>\n<h1>Extraits<\/h1>\n<ul>\n<li><em>Zoo Station<\/em><\/li>\n<li><em>One <\/em><small>(1992 &ndash; #6) <\/small><\/li>\n<li><em>Until the End of the World<\/em><\/li>\n<li><em>Ultra Violet (Light My Way) <\/em><\/li>\n<li><em>Love Is Blindness<\/em><\/li>\n<\/ul>\n<p>_____<\/p>\n<div id=\"bas_note\">\n<p><sup>1<\/sup> Mon p&egrave;re &eacute;coute toujours tout en boucle. Le pire du pire, c&rsquo;&eacute;tait la grande &eacute;poque de la cassette single, o&ugrave; l&rsquo;on pouvait se taper 120 bornes avec &agrave; la suite 23 &eacute;coutes de <em>Love Song for a Wampire<\/em> \/ <em>Little Bird<\/em> d&rsquo;Annie Lennox, on dirait du v&eacute;cu, oui oui ma bonne dame, c&rsquo;est du v&eacute;cu.<\/p>\n<p><sup>2<\/sup> D&eacute;poser vos larmes d&rsquo;&eacute;motion sinc&egrave;re ici.<\/p>\n<p><sup>3<\/sup> V&eacute;ridique. &Ccedil;a s&rsquo;invente pas, comme nom de famille.<\/p>\n<p><sup>4<\/sup> <strong>Cath&eacute;draler<\/strong> v. t. (de cath&eacute;drale) Dresser subitement et en pleine nuit un lit et son occupant selon un axe de rotation passant par les deux pieds de t&ecirc;te du lit et parall&egrave;le au mur du fond. Voir aussi <strong>benner<\/strong>, sa variante lat&eacute;rale.<\/p>\n<p><sup>5<\/sup> J&rsquo;avais vraiment une vie de punk rebel de la mort, en ces temps recul&eacute;s.<\/p>\n<p><sup>6<\/sup> &Agrave; l&rsquo;&eacute;poque, hein. On a pu depuis voir dans quoi tout &ccedil;a s&rsquo;est enlis&eacute;.<\/p>\n<p><sup>7<\/sup> Waw, cette figure de style, c&rsquo;est la frime.<\/p>\n<p><sup>8<\/sup> Nous y  reviendrons.<\/p>\n<\/div>\n","protected":false},"excerpt":{"rendered":"<p>#8 Label&nbsp;: Island Sortie&nbsp;: 19 novembre 1991 Producteurs&nbsp;: Daniel Lanois, Brian Eno Encore un achet&eacute; par mon p&egrave;re. Il le passera en boucle1 dans sa Citro&euml;n d&egrave;s sa sortie, ce sera la bande-son de mon premier train seul vers Paris aux vacances de P&acirc;ques 1992. Whose Gonna Ride Your Wild Horses, cinqui&egrave;me piste, accompagnera m&ecirc;me&hellip;<\/p>\n","protected":false},"author":1,"featured_media":24851,"comment_status":"closed","ping_status":"closed","sticky":false,"template":"","format":"standard","meta":{"_acf_changed":false,"ngg_post_thumbnail":0,"jetpack_post_was_ever_published":false,"_jetpack_newsletter_access":"","_jetpack_dont_email_post_to_subs":false,"_jetpack_newsletter_tier_id":0,"_jetpack_memberships_contains_paywalled_content":false,"_jetpack_memberships_contains_paid_content":false,"footnotes":"","jetpack_publicize_message":"","jetpack_publicize_feature_enabled":true,"jetpack_social_post_already_shared":false,"jetpack_social_options":{"image_generator_settings":{"template":"highway","default_image_id":0,"font":"","enabled":false},"version":2}},"categories":[10],"tags":[],"class_list":["post-919","post","type-post","status-publish","format-standard","has-post-thumbnail","hentry","category-autodiscobiographie"],"acf":[],"geo":null,"jetpack_publicize_connections":[],"jetpack_featured_media_url":"https:\/\/www.wallendorff.com\/belogue\/wp-content\/uploads\/2015\/04\/003b.jpg","jetpack_shortlink":"https:\/\/wp.me\/p3b35P-eP","jetpack_sharing_enabled":true,"jetpack-related-posts":[{"id":127845,"url":"https:\/\/www.wallendorff.com\/belogue\/2024\/04\/22\/muse-st-andrews-hall-detroit-22-avril-2004\/","url_meta":{"origin":919,"position":0},"title":"Muse @ St. Andrew&rsquo;s Hall, D\u00e9troit, 22 avril 2004.","author":"dpc","date":"22 avril 2024","format":false,"excerpt":"Hysteria | New Born | The Small Print | Sing for Absolution | Muscle Museum | Citizen Erased | Ruled by Secrecy | Sunburn | Butterflies & Hurricanes | Bliss | Time Is Running Out | Plug in Baby || Apocalypse Please | Stockholm SyndromeIl y a 20 ans, je\u2026","rel":"","context":"Dans &quot;Alive&quot;","block_context":{"text":"Alive","link":"https:\/\/www.wallendorff.com\/belogue\/category\/alive\/"},"img":{"alt_text":"","src":"https:\/\/i0.wp.com\/www.wallendorff.com\/belogue\/wp-content\/uploads\/2024\/04\/20240422-14.jpg?resize=350%2C200&ssl=1","width":350,"height":200,"srcset":"https:\/\/i0.wp.com\/www.wallendorff.com\/belogue\/wp-content\/uploads\/2024\/04\/20240422-14.jpg?resize=350%2C200&ssl=1 1x, https:\/\/i0.wp.com\/www.wallendorff.com\/belogue\/wp-content\/uploads\/2024\/04\/20240422-14.jpg?resize=525%2C300&ssl=1 1.5x, https:\/\/i0.wp.com\/www.wallendorff.com\/belogue\/wp-content\/uploads\/2024\/04\/20240422-14.jpg?resize=700%2C400&ssl=1 2x, https:\/\/i0.wp.com\/www.wallendorff.com\/belogue\/wp-content\/uploads\/2024\/04\/20240422-14.jpg?resize=1050%2C600&ssl=1 3x"},"classes":[]},{"id":124851,"url":"https:\/\/www.wallendorff.com\/belogue\/2023\/06\/29\/at-home-astro-salon-international-de-laeronautique-et-de-lespace-le-bourget-20-et-22-juin-2023\/","url_meta":{"origin":919,"position":1},"title":"At Home Astro @ Salon International de l&rsquo;A\u00e9ronautique et de l&rsquo;Espace, le Bourget, 20 et 22 juin 2023.","author":"dpc","date":"29 juin 2023","format":false,"excerpt":"Une exposition en partenariat avec l'Apave dans le cadre du Salon International de l'A\u00e9ronautique et de l'Espace de Paris-Le Bourget 2023.Merci \u00e0 Thomas Pesquet pour le pr\u00eat de ses imagesConception graphique : Laura L\u00e9sinTextes : Anne Pluvinage-Nierengarten et moi-m\u00eame.Premi\u00e8re photo : Marie Neubauer","rel":"","context":"Dans &quot;DPC&quot;","block_context":{"text":"DPC","link":"https:\/\/www.wallendorff.com\/belogue\/category\/dpc\/"},"img":{"alt_text":"","src":"https:\/\/i0.wp.com\/www.wallendorff.com\/belogue\/wp-content\/uploads\/2023\/06\/20230629-14.png?resize=350%2C200&ssl=1","width":350,"height":200,"srcset":"https:\/\/i0.wp.com\/www.wallendorff.com\/belogue\/wp-content\/uploads\/2023\/06\/20230629-14.png?resize=350%2C200&ssl=1 1x, https:\/\/i0.wp.com\/www.wallendorff.com\/belogue\/wp-content\/uploads\/2023\/06\/20230629-14.png?resize=525%2C300&ssl=1 1.5x, https:\/\/i0.wp.com\/www.wallendorff.com\/belogue\/wp-content\/uploads\/2023\/06\/20230629-14.png?resize=700%2C400&ssl=1 2x, https:\/\/i0.wp.com\/www.wallendorff.com\/belogue\/wp-content\/uploads\/2023\/06\/20230629-14.png?resize=1050%2C600&ssl=1 3x"},"classes":[]},{"id":129,"url":"https:\/\/www.wallendorff.com\/belogue\/2006\/04\/19\/sortie-l-ai-je\/","url_meta":{"origin":919,"position":2},"title":"Sortie, l&rsquo;ai-je ?","author":"dpc","date":"19 avril 2006","format":false,"excerpt":"Gare de l'Est, Paris, 15 avril. Ne pas avoir d'id\u00e9e de bande-son, Rechercher \u00ab\u00a0exit\u00a0\u00bb sur son disque dur, Tomber l\u00e0-dessus, Se dire que \u00e7a fera une tr\u00e8s bonne berceuse pour ce soir. \u00a0Radiohead \u2013 Exit Music (for a Film)","rel":"","context":"Dans &quot;DPC&quot;","block_context":{"text":"DPC","link":"https:\/\/www.wallendorff.com\/belogue\/category\/dpc\/"},"img":{"alt_text":"","src":"https:\/\/i0.wp.com\/www.wallendorff.com\/belogue\/wp-content\/uploads\/2015\/04\/200604191.jpg?resize=350%2C200&ssl=1","width":350,"height":200},"classes":[]},{"id":1054,"url":"https:\/\/www.wallendorff.com\/belogue\/2007\/10\/09\/so-ternes\/","url_meta":{"origin":919,"position":3},"title":"Tout vin t&rsquo;a point.","author":"dpc","date":"9 octobre 2007","format":false,"excerpt":"Studio 130, Saint-Denis, 13 septembre. C'est pas simple de juger un album \u00e0 sa sortie. C'est comme go\u00fbter un vin en s'en enfilant une pleine boutanche cul-sec. Un album il faut que \u00e7a vive, que \u00e7a s'a\u00e8re un peu une fois d\u00e9bouch\u00e9, et surtout que \u00e7a trouve son biotope. Ta\u2026","rel":"","context":"Dans &quot;DPC&quot;","block_context":{"text":"DPC","link":"https:\/\/www.wallendorff.com\/belogue\/category\/dpc\/"},"img":{"alt_text":"","src":"https:\/\/i0.wp.com\/www.wallendorff.com\/belogue\/wp-content\/uploads\/2015\/04\/200710091.jpg?resize=350%2C200&ssl=1","width":350,"height":200,"srcset":"https:\/\/i0.wp.com\/www.wallendorff.com\/belogue\/wp-content\/uploads\/2015\/04\/200710091.jpg?resize=350%2C200&ssl=1 1x, https:\/\/i0.wp.com\/www.wallendorff.com\/belogue\/wp-content\/uploads\/2015\/04\/200710091.jpg?resize=525%2C300&ssl=1 1.5x, https:\/\/i0.wp.com\/www.wallendorff.com\/belogue\/wp-content\/uploads\/2015\/04\/200710091.jpg?resize=700%2C400&ssl=1 2x"},"classes":[]},{"id":132131,"url":"https:\/\/www.wallendorff.com\/belogue\/2025\/04\/13\/diese-starterpacknoai\/","url_meta":{"origin":919,"position":4},"title":"Di\u00e8se-StarterPackNoAI","author":"dpc","date":"13 avril 2025","format":false,"excerpt":"Paris, 12 avril 2025. Et voici mon #StarterPackNoAI. Photographes, je vous invite \u00e0 en faire autant.\u00c9videmment, j\u2019aurais pr\u00e9f\u00e9r\u00e9 le faire en un seul morceau, mais quand on n\u2019a qu\u2019un bout de mur disponible dans l\u2019appartement, on se d\u00e9brouille comme un peu.Faire mon starter pack uniquement en intelligence artisanale m\u2019a permis\u2026","rel":"","context":"Dans &quot;DPC&quot;","block_context":{"text":"DPC","link":"https:\/\/www.wallendorff.com\/belogue\/category\/dpc\/"},"img":{"alt_text":"","src":"https:\/\/i0.wp.com\/www.wallendorff.com\/belogue\/wp-content\/uploads\/2025\/04\/20250412.jpg?resize=350%2C200&ssl=1","width":350,"height":200,"srcset":"https:\/\/i0.wp.com\/www.wallendorff.com\/belogue\/wp-content\/uploads\/2025\/04\/20250412.jpg?resize=350%2C200&ssl=1 1x, https:\/\/i0.wp.com\/www.wallendorff.com\/belogue\/wp-content\/uploads\/2025\/04\/20250412.jpg?resize=525%2C300&ssl=1 1.5x, https:\/\/i0.wp.com\/www.wallendorff.com\/belogue\/wp-content\/uploads\/2025\/04\/20250412.jpg?resize=700%2C400&ssl=1 2x"},"classes":[]},{"id":29939,"url":"https:\/\/www.wallendorff.com\/belogue\/2016\/01\/13\/tick-tock\/","url_meta":{"origin":919,"position":5},"title":"Tick, tock.","author":"dpc","date":"13 janvier 2016","format":false,"excerpt":"J'ai fait ma derni\u00e8re interview de Placebo le 9 janvier 2006, pour la sortie de Meds. C'\u00e9tait la premi\u00e8re fois que j'avais le trio au complet en face de moi\u00a0; je profitai de l'occasion pour leur faire signer un di\u0161que. Dans mon \u00e9tag\u00e8re, j'avais choisi le single de Without You\u2026","rel":"","context":"Dans &quot;DPC&quot;","block_context":{"text":"DPC","link":"https:\/\/www.wallendorff.com\/belogue\/category\/dpc\/"},"img":{"alt_text":"","src":"https:\/\/i0.wp.com\/www.wallendorff.com\/belogue\/wp-content\/uploads\/2016\/01\/20160111-02.jpg?resize=350%2C200&ssl=1","width":350,"height":200,"srcset":"https:\/\/i0.wp.com\/www.wallendorff.com\/belogue\/wp-content\/uploads\/2016\/01\/20160111-02.jpg?resize=350%2C200&ssl=1 1x, https:\/\/i0.wp.com\/www.wallendorff.com\/belogue\/wp-content\/uploads\/2016\/01\/20160111-02.jpg?resize=525%2C300&ssl=1 1.5x, https:\/\/i0.wp.com\/www.wallendorff.com\/belogue\/wp-content\/uploads\/2016\/01\/20160111-02.jpg?resize=700%2C400&ssl=1 2x"},"classes":[]}],"_links":{"self":[{"href":"https:\/\/www.wallendorff.com\/belogue\/wp-json\/wp\/v2\/posts\/919","targetHints":{"allow":["GET"]}}],"collection":[{"href":"https:\/\/www.wallendorff.com\/belogue\/wp-json\/wp\/v2\/posts"}],"about":[{"href":"https:\/\/www.wallendorff.com\/belogue\/wp-json\/wp\/v2\/types\/post"}],"author":[{"embeddable":true,"href":"https:\/\/www.wallendorff.com\/belogue\/wp-json\/wp\/v2\/users\/1"}],"replies":[{"embeddable":true,"href":"https:\/\/www.wallendorff.com\/belogue\/wp-json\/wp\/v2\/comments?post=919"}],"version-history":[{"count":6,"href":"https:\/\/www.wallendorff.com\/belogue\/wp-json\/wp\/v2\/posts\/919\/revisions"}],"predecessor-version":[{"id":21903,"href":"https:\/\/www.wallendorff.com\/belogue\/wp-json\/wp\/v2\/posts\/919\/revisions\/21903"}],"wp:featuredmedia":[{"embeddable":true,"href":"https:\/\/www.wallendorff.com\/belogue\/wp-json\/wp\/v2\/media\/24851"}],"wp:attachment":[{"href":"https:\/\/www.wallendorff.com\/belogue\/wp-json\/wp\/v2\/media?parent=919"}],"wp:term":[{"taxonomy":"category","embeddable":true,"href":"https:\/\/www.wallendorff.com\/belogue\/wp-json\/wp\/v2\/categories?post=919"},{"taxonomy":"post_tag","embeddable":true,"href":"https:\/\/www.wallendorff.com\/belogue\/wp-json\/wp\/v2\/tags?post=919"}],"curies":[{"name":"wp","href":"https:\/\/api.w.org\/{rel}","templated":true}]}}