{"id":915,"date":"2007-03-18T19:26:22","date_gmt":"2007-03-18T19:26:22","guid":{"rendered":"http:\/\/www.po-l.com\/wordpress\/?p=915"},"modified":"2012-02-06T11:25:33","modified_gmt":"2012-02-06T09:25:33","slug":"prone-bons-nous-dans-l-emoi","status":"publish","type":"post","link":"https:\/\/www.wallendorff.com\/belogue\/2007\/03\/18\/prone-bons-nous-dans-l-emoi\/","title":{"rendered":"Pr\u00f4ne bons nous dans l&rsquo;\u00e9moi."},"content":{"rendered":"\n<div id=\"photo\">\n<p><img decoding=\"async\" src=\"https:\/\/www.wallendorff.com\/belogue\/photo\/2007\/03\/20070318.jpg\" \/><br \/>\n          Les Albertans, 12 mars.<\/p>\n<\/p><\/div>\n<div id=\"bandeson\">\n<p><img decoding=\"async\" src=\"https:\/\/www.wallendorff.com\/belogue\/photo\/pochettes\/s\/smashing_pumpkins-today.jpg\" align=\"left\" \/>&nbsp;<a href=\"http:\/\/www.smashingpumpkins.com\/\">Smashing Pumpkins<\/a> &ndash; <em>Obscured<\/em><\/p>\n<\/div>\n","protected":false},"excerpt":{"rendered":"<p>Les Albertans, 12 mars. &nbsp;Smashing Pumpkins &ndash; Obscured<\/p>\n","protected":false},"author":1,"featured_media":24847,"comment_status":"open","ping_status":"open","sticky":false,"template":"","format":"standard","meta":{"_acf_changed":false,"ngg_post_thumbnail":0,"jetpack_post_was_ever_published":false,"_jetpack_newsletter_access":"","_jetpack_dont_email_post_to_subs":false,"_jetpack_newsletter_tier_id":0,"_jetpack_memberships_contains_paywalled_content":false,"_jetpack_memberships_contains_paid_content":false,"footnotes":"","jetpack_publicize_message":"","jetpack_publicize_feature_enabled":true,"jetpack_social_post_already_shared":false,"jetpack_social_options":{"image_generator_settings":{"template":"highway","default_image_id":0,"font":"","enabled":false},"version":2}},"categories":[3],"tags":[142,132,10311,10340,10120,10433,1958,1959,143,1961,10293,1859],"class_list":["post-915","post","type-post","status-publish","format-standard","has-post-thumbnail","hentry","category-dpc","tag-ef-s-10-22-mm-f35-45-usm","tag-eos-20d","tag-dos","tag-fille","tag-france","tag-haute-savoie","tag-les-albertans","tag-montriond","tag-noir-et-blanc","tag-obscured","tag-rhone-alpes","tag-smashing-pumpkins"],"acf":[],"geo":{"latitude":46.2108269,"longitude":6.7442322,"description":"Les Albertans, 74110 Montriond, France"},"jetpack_publicize_connections":[],"jetpack_featured_media_url":"https:\/\/www.wallendorff.com\/belogue\/wp-content\/uploads\/2015\/04\/200703181.jpg","jetpack_shortlink":"https:\/\/wp.me\/p3b35P-eL","jetpack_sharing_enabled":true,"jetpack-related-posts":[{"id":42671,"url":"https:\/\/www.wallendorff.com\/belogue\/2019\/07\/15\/la-petite-boutique-des-aurores-4\/","url_meta":{"origin":915,"position":0},"title":"La petite boutique des aurores #4.","author":"dpc","date":"15 juillet 2019","format":false,"excerpt":"Fredvang, 7 mars 2019. \u00a0Obscured Smashing Pumpkins","rel":"","context":"Dans &quot;DPC&quot;","block_context":{"text":"DPC","link":"https:\/\/www.wallendorff.com\/belogue\/category\/dpc\/"},"img":{"alt_text":"","src":"https:\/\/i0.wp.com\/www.wallendorff.com\/belogue\/wp-content\/uploads\/2019\/07\/20190715.jpg?resize=350%2C200&ssl=1","width":350,"height":200,"srcset":"https:\/\/i0.wp.com\/www.wallendorff.com\/belogue\/wp-content\/uploads\/2019\/07\/20190715.jpg?resize=350%2C200&ssl=1 1x, https:\/\/i0.wp.com\/www.wallendorff.com\/belogue\/wp-content\/uploads\/2019\/07\/20190715.jpg?resize=525%2C300&ssl=1 1.5x, https:\/\/i0.wp.com\/www.wallendorff.com\/belogue\/wp-content\/uploads\/2019\/07\/20190715.jpg?resize=700%2C400&ssl=1 2x"},"classes":[]},{"id":958,"url":"https:\/\/www.wallendorff.com\/belogue\/2007\/05\/23\/198smashing-pumpkins-le-grand-rex-paris\/","url_meta":{"origin":915,"position":1},"title":"[198] Smashing Pumpkins @ le Grand Rex, Paris.","author":"dpc","date":"23 mai 2007","format":false,"excerpt":"L'excitation est palpable, mais le moment est-il historique\u00a0? Par d\u00e9finition \u00e7a craint, les reformations. \u00c7a en revient habituellement \u00e0 des bandes de vieux sur le retour cherchant \u00e0 se refaire en s'auto-singeant devant un parterre d'autres vieux en qu\u00eate des eux-m\u00eames qu'il furent. En plus Corgan n'a m\u00eame pas r\u00e9ussi\u2026","rel":"","context":"Dans &quot;Alive&quot;","block_context":{"text":"Alive","link":"https:\/\/www.wallendorff.com\/belogue\/category\/alive\/"},"img":{"alt_text":"","src":"https:\/\/i0.wp.com\/www.wallendorff.com\/belogue\/wp-content\/uploads\/2015\/04\/200705231.jpg?resize=350%2C200&ssl=1","width":350,"height":200},"classes":[]},{"id":32043,"url":"https:\/\/www.wallendorff.com\/belogue\/2016\/08\/03\/quai-des-brunes-2\/","url_meta":{"origin":915,"position":2},"title":"Quai des brunes.","author":"dpc","date":"3 ao\u00fbt 2016","format":false,"excerpt":"Quai du March\u00e9-Neuf, Paris, 15 mai. We Only Come Out at Night Smashing Pumpkins","rel":"","context":"Dans &quot;DPC&quot;","block_context":{"text":"DPC","link":"https:\/\/www.wallendorff.com\/belogue\/category\/dpc\/"},"img":{"alt_text":"","src":"https:\/\/i0.wp.com\/www.wallendorff.com\/belogue\/wp-content\/uploads\/2016\/08\/20160803.jpg?resize=350%2C200&ssl=1","width":350,"height":200,"srcset":"https:\/\/i0.wp.com\/www.wallendorff.com\/belogue\/wp-content\/uploads\/2016\/08\/20160803.jpg?resize=350%2C200&ssl=1 1x, https:\/\/i0.wp.com\/www.wallendorff.com\/belogue\/wp-content\/uploads\/2016\/08\/20160803.jpg?resize=525%2C300&ssl=1 1.5x, https:\/\/i0.wp.com\/www.wallendorff.com\/belogue\/wp-content\/uploads\/2016\/08\/20160803.jpg?resize=700%2C400&ssl=1 2x"},"classes":[]},{"id":993,"url":"https:\/\/www.wallendorff.com\/belogue\/2007\/07\/13\/previously-unreleased-58\/","url_meta":{"origin":915,"position":3},"title":"Previously unreleased #58\u00b9.","author":"dpc","date":"13 juillet 2007","format":false,"excerpt":"Smashing Pumpkins, le Grand Rex, Paris, 22 mai. \u00a0Pascal Vincent & the Ripitaftermis \u2013 Chanson \u00e0 la con","rel":"","context":"Dans &quot;Previously unreleased&quot;","block_context":{"text":"Previously unreleased","link":"https:\/\/www.wallendorff.com\/belogue\/category\/previously-unreleased\/"},"img":{"alt_text":"","src":"https:\/\/i0.wp.com\/www.wallendorff.com\/belogue\/wp-content\/uploads\/2015\/04\/200707131.jpg?resize=350%2C200&ssl=1","width":350,"height":200},"classes":[]},{"id":962,"url":"https:\/\/www.wallendorff.com\/belogue\/2007\/05\/28\/sheila-what-kill-prey-fair\/","url_meta":{"origin":915,"position":4},"title":"Sheila, what ? Kelp ray fair ?","author":"dpc","date":"28 mai 2007","format":false,"excerpt":"Sugar Land, 26 avril. I Hate Mondays. \u00a0Smashing Pumpkins \u2013 United States (live Paris)","rel":"","context":"Dans &quot;DPC&quot;","block_context":{"text":"DPC","link":"https:\/\/www.wallendorff.com\/belogue\/category\/dpc\/"},"img":{"alt_text":"","src":"https:\/\/i0.wp.com\/www.wallendorff.com\/belogue\/wp-content\/uploads\/2015\/04\/200705281.jpg?resize=350%2C200&ssl=1","width":350,"height":200},"classes":[]},{"id":21380,"url":"https:\/\/www.wallendorff.com\/belogue\/2013\/08\/01\/paleo-festival-nyon-jour-2\/","url_meta":{"origin":915,"position":5},"title":"Pal\u00e9o Festival 2013, Nyon &#8211; jour 2","author":"dpc","date":"1 ao\u00fbt 2013","format":false,"excerpt":"Quand Arctic Monkeys sont apparus, je les ai vus tous les mois\u00a0: une interview chez Radio France, la Black Session qui allait avec, un Trabendo, un Bataclan puis une deuxi\u00e8me interview derri\u00e8re la sc\u00e8ne du chapiteau des Eurock\u00e9ennes. Et puis plus rien, pour des raisons\u00a0de calendriers incompatibles et de quelques\u2026","rel":"","context":"Dans &quot;Alive&quot;","block_context":{"text":"Alive","link":"https:\/\/www.wallendorff.com\/belogue\/category\/alive\/"},"img":{"alt_text":"","src":"https:\/\/i0.wp.com\/www.wallendorff.com\/belogue\/wp-content\/uploads\/2015\/04\/201308011.jpg?resize=350%2C200&ssl=1","width":350,"height":200,"srcset":"https:\/\/i0.wp.com\/www.wallendorff.com\/belogue\/wp-content\/uploads\/2015\/04\/201308011.jpg?resize=350%2C200&ssl=1 1x, https:\/\/i0.wp.com\/www.wallendorff.com\/belogue\/wp-content\/uploads\/2015\/04\/201308011.jpg?resize=525%2C300&ssl=1 1.5x, https:\/\/i0.wp.com\/www.wallendorff.com\/belogue\/wp-content\/uploads\/2015\/04\/201308011.jpg?resize=700%2C400&ssl=1 2x"},"classes":[]}],"_links":{"self":[{"href":"https:\/\/www.wallendorff.com\/belogue\/wp-json\/wp\/v2\/posts\/915","targetHints":{"allow":["GET"]}}],"collection":[{"href":"https:\/\/www.wallendorff.com\/belogue\/wp-json\/wp\/v2\/posts"}],"about":[{"href":"https:\/\/www.wallendorff.com\/belogue\/wp-json\/wp\/v2\/types\/post"}],"author":[{"embeddable":true,"href":"https:\/\/www.wallendorff.com\/belogue\/wp-json\/wp\/v2\/users\/1"}],"replies":[{"embeddable":true,"href":"https:\/\/www.wallendorff.com\/belogue\/wp-json\/wp\/v2\/comments?post=915"}],"version-history":[{"count":1,"href":"https:\/\/www.wallendorff.com\/belogue\/wp-json\/wp\/v2\/posts\/915\/revisions"}],"predecessor-version":[{"id":15732,"href":"https:\/\/www.wallendorff.com\/belogue\/wp-json\/wp\/v2\/posts\/915\/revisions\/15732"}],"wp:featuredmedia":[{"embeddable":true,"href":"https:\/\/www.wallendorff.com\/belogue\/wp-json\/wp\/v2\/media\/24847"}],"wp:attachment":[{"href":"https:\/\/www.wallendorff.com\/belogue\/wp-json\/wp\/v2\/media?parent=915"}],"wp:term":[{"taxonomy":"category","embeddable":true,"href":"https:\/\/www.wallendorff.com\/belogue\/wp-json\/wp\/v2\/categories?post=915"},{"taxonomy":"post_tag","embeddable":true,"href":"https:\/\/www.wallendorff.com\/belogue\/wp-json\/wp\/v2\/tags?post=915"}],"curies":[{"name":"wp","href":"https:\/\/api.w.org\/{rel}","templated":true}]}}