{"id":911,"date":"2007-03-14T14:54:06","date_gmt":"2007-03-14T14:54:06","guid":{"rendered":"http:\/\/www.po-l.com\/wordpress\/?p=911"},"modified":"2012-02-03T11:04:22","modified_gmt":"2012-02-03T09:04:22","slug":"previously-unreleased-53","status":"publish","type":"post","link":"https:\/\/www.wallendorff.com\/belogue\/2007\/03\/14\/previously-unreleased-53\/","title":{"rendered":"Previously unreleased #53\u00b9."},"content":{"rendered":"\n<div id=\"photo\">\n<p><img decoding=\"async\" src=\"https:\/\/www.wallendorff.com\/belogue\/photo\/2007\/03\/20070314.jpg\" \/><br \/>\n          Malibu Stacy, l&rsquo;Ancienne Belgique, Bruxelles, 2 mars.<\/p>\n<\/p><\/div>\n<p style=\"text-align:right\">Parce que des fois<em>, <\/em>des chanteurs planqu&eacute;s derri&egrave;re de flous bras, c&rsquo;est mieux pour rendre de l&rsquo;ambiance qui r&egrave;gne dans les ar&egrave;nes wallonnes.<\/p>\n<div id=\"bandeson\">\n<p><img decoding=\"async\" src=\"https:\/\/www.wallendorff.com\/belogue\/photo\/pochettes\/a\/arctic_monkeys-favourite_worst_nightmare.jpg\" align=\"left\" \/>&nbsp;<a href=\"http:\/\/www.arcticmonkeys.co.uk\">Arctic Monkeys<\/a> &ndash; <em>Brianstorm<\/em>        <\/p>\n<\/div>\n<div id=\"bas_note\">\n<p>_____<\/p>\n<p><sup>1<\/sup> Concept sympa venu de la talentueuse webmastrice de ce beau nouveau <a href=\"http:\/\/www.julietterobert.com\">site-l&agrave;<\/a>. <\/p>\n<p><sup>2<\/sup> Pardon mais leur nouveau logo en guimauve molle galactique de l&rsquo;espace, je me demande d&rsquo;o&ugrave; ils nous l&rsquo;ont p&eacute;ch&eacute;, dites donc. <\/p>\n<\/p><\/div>\n","protected":false},"excerpt":{"rendered":"<p>Malibu Stacy, l&rsquo;Ancienne Belgique, Bruxelles, 2 mars. Parce que des fois, des chanteurs planqu&eacute;s derri&egrave;re de flous bras, c&rsquo;est mieux pour rendre de l&rsquo;ambiance qui r&egrave;gne dans les ar&egrave;nes wallonnes. &nbsp;Arctic Monkeys &ndash; Brianstorm _____ 1 Concept sympa venu de la talentueuse webmastrice de ce beau nouveau site-l&agrave;. 2 Pardon mais leur nouveau logo en&hellip;<\/p>\n","protected":false},"author":1,"featured_media":24843,"comment_status":"open","ping_status":"open","sticky":false,"template":"","format":"standard","meta":{"_acf_changed":false,"ngg_post_thumbnail":0,"jetpack_post_was_ever_published":false,"_jetpack_newsletter_access":"","_jetpack_dont_email_post_to_subs":false,"_jetpack_newsletter_tier_id":0,"_jetpack_memberships_contains_paywalled_content":false,"_jetpack_memberships_contains_paid_content":false,"footnotes":"","jetpack_publicize_message":"","jetpack_publicize_feature_enabled":true,"jetpack_social_post_already_shared":false,"jetpack_social_options":{"image_generator_settings":{"template":"highway","default_image_id":0,"font":"","enabled":false},"version":2}},"categories":[5],"tags":[10134,10084,1952,10367,10178,1957,10313,10703,181,132,1951,143],"class_list":["post-911","post","type-post","status-publish","format-standard","has-post-thumbnail","hentry","category-previously-unreleased","tag-10134","tag-alive","tag-ancienne-belgique","tag-arctic-monkeys","tag-belgique","tag-brianstorm","tag-bruxelles","tag-bruxelles-capitale","tag-ef-70-200-mm-f28l-usm","tag-eos-20d","tag-malibu-stacy","tag-noir-et-blanc"],"acf":[],"geo":{"latitude":50.8472443,"longitude":4.3488159,"description":"Anspachlaan 110, 1000 Brussels, Belgium"},"jetpack_publicize_connections":[],"jetpack_featured_media_url":"https:\/\/www.wallendorff.com\/belogue\/wp-content\/uploads\/2015\/04\/200703141.jpg","jetpack_shortlink":"https:\/\/wp.me\/p3b35P-eH","jetpack_sharing_enabled":true,"jetpack-related-posts":[{"id":907,"url":"https:\/\/www.wallendorff.com\/belogue\/2007\/03\/05\/malibu-stacy-l-ancienne-belgique-bruxelles\/","url_meta":{"origin":911,"position":0},"title":"Malibu Stacy @ l&rsquo;Ancienne Belgique, Bruxelles.","author":"dpc","date":"5 mars 2007","format":false,"excerpt":"En th\u00e9orie le concept est louable\u00a0: la Communaut\u00e9 Wallonne et sa cons\u0153ur Flamande d\u00e9cident de se m\u00e9langer un peu en organisant deux soir\u00e9es \u00e0 l'AB \u2015\u00a0financ\u00e9 par les Flamands\u00a0\u2015 et au Botanique \u2015\u00a0soutenu par les Wallons\u00a0\u2015, avec des groupes des deux provinces et par cons\u00e9quent leurs publics associ\u00e9s, deux soirs\u2026","rel":"","context":"Dans &quot;Alive&quot;","block_context":{"text":"Alive","link":"https:\/\/www.wallendorff.com\/belogue\/category\/alive\/"},"img":{"alt_text":"","src":"https:\/\/i0.wp.com\/www.wallendorff.com\/belogue\/wp-content\/uploads\/2015\/04\/200703031.jpg?resize=350%2C200&ssl=1","width":350,"height":200},"classes":[]},{"id":637,"url":"https:\/\/www.wallendorff.com\/belogue\/2006\/08\/15\/previously-unreleased-40\/","url_meta":{"origin":911,"position":1},"title":"Previously Unreleased #40&sup1;.","author":"dpc","date":"15 ao\u00fbt 2006","format":false,"excerpt":"Arctic Monkeys, le Bataclan, Paris, 2 mai. \u00a0Peter Bj\u00f6rn and John \u2013 Young Folks","rel":"","context":"Dans &quot;Previously unreleased&quot;","block_context":{"text":"Previously unreleased","link":"https:\/\/www.wallendorff.com\/belogue\/category\/previously-unreleased\/"},"img":{"alt_text":"","src":"https:\/\/i0.wp.com\/www.wallendorff.com\/belogue\/wp-content\/uploads\/2015\/04\/200608151.jpg?resize=350%2C200&ssl=1","width":350,"height":200},"classes":[]},{"id":97,"url":"https:\/\/www.wallendorff.com\/belogue\/2006\/03\/10\/previously-unreleased-27\/","url_meta":{"origin":911,"position":2},"title":"Previously unreleased #271.","author":"dpc","date":"10 mars 2006","format":false,"excerpt":"Arctic Monkeys, Le Trabendo, Paris, 24 f\u00e9vrier, 21h19. Bon. Caf\u00e9. Vite. \u00a0The Subways \u2013 Staring at the Sun (TV on the Radio cover) (acoustic) _____ 1 Concept choupi repomp\u00e9 ici.","rel":"","context":"Dans &quot;Previously unreleased&quot;","block_context":{"text":"Previously unreleased","link":"https:\/\/www.wallendorff.com\/belogue\/category\/previously-unreleased\/"},"img":{"alt_text":"","src":"https:\/\/i0.wp.com\/www.wallendorff.com\/belogue\/wp-content\/uploads\/2015\/04\/200603091.jpg?resize=350%2C200&ssl=1","width":350,"height":200},"classes":[]},{"id":927,"url":"https:\/\/www.wallendorff.com\/belogue\/2007\/04\/04\/malibu-stacy-la-boule-noire-paris\/","url_meta":{"origin":911,"position":3},"title":"Malibu Stacy @ la Boule Noire, Paris.","author":"dpc","date":"4 avril 2007","format":false,"excerpt":"C'est pas une Boule Noire \u00e0 moiti\u00e9 vide qui d\u00e9motivera les Belges. Au contraire, David de Froidmont profite des espaces laiss\u00e9s ici et l\u00e0 pour chanter depuis le public d\u00e8s We Are The Boys, qui ouvre le set. Poursuivi par un roadie qui tient son fil de micro, le chanteur\u2026","rel":"","context":"Dans &quot;Alive&quot;","block_context":{"text":"Alive","link":"https:\/\/www.wallendorff.com\/belogue\/category\/alive\/"},"img":{"alt_text":"","src":"https:\/\/i0.wp.com\/www.wallendorff.com\/belogue\/wp-content\/uploads\/2015\/04\/200704041.jpg?resize=350%2C200&ssl=1","width":350,"height":200,"srcset":"https:\/\/i0.wp.com\/www.wallendorff.com\/belogue\/wp-content\/uploads\/2015\/04\/200704041.jpg?resize=350%2C200&ssl=1 1x, https:\/\/i0.wp.com\/www.wallendorff.com\/belogue\/wp-content\/uploads\/2015\/04\/200704041.jpg?resize=525%2C300&ssl=1 1.5x, https:\/\/i0.wp.com\/www.wallendorff.com\/belogue\/wp-content\/uploads\/2015\/04\/200704041.jpg?resize=700%2C400&ssl=1 2x"},"classes":[]},{"id":41945,"url":"https:\/\/www.wallendorff.com\/belogue\/2019\/06\/03\/black-rebel-motorcycle-club-lancienne-belgique-bruxelles-30-mai-2019\/","url_meta":{"origin":911,"position":4},"title":"Black Rebel Motorcycle Club @ l&rsquo;Ancienne Belgique, Bruxelles, 30 mai 2019.","author":"dpc","date":"3 juin 2019","format":false,"excerpt":"Red Eye and Tears (reprise) | Awake | Beat the Devil's Tattoo | Spook | Spread Your Love","rel":"","context":"Dans &quot;Alive&quot;","block_context":{"text":"Alive","link":"https:\/\/www.wallendorff.com\/belogue\/category\/alive\/"},"img":{"alt_text":"","src":"https:\/\/i0.wp.com\/www.wallendorff.com\/belogue\/wp-content\/uploads\/2019\/06\/20190603-01.jpg?resize=350%2C200&ssl=1","width":350,"height":200,"srcset":"https:\/\/i0.wp.com\/www.wallendorff.com\/belogue\/wp-content\/uploads\/2019\/06\/20190603-01.jpg?resize=350%2C200&ssl=1 1x, https:\/\/i0.wp.com\/www.wallendorff.com\/belogue\/wp-content\/uploads\/2019\/06\/20190603-01.jpg?resize=525%2C300&ssl=1 1.5x, https:\/\/i0.wp.com\/www.wallendorff.com\/belogue\/wp-content\/uploads\/2019\/06\/20190603-01.jpg?resize=700%2C400&ssl=1 2x, https:\/\/i0.wp.com\/www.wallendorff.com\/belogue\/wp-content\/uploads\/2019\/06\/20190603-01.jpg?resize=1050%2C600&ssl=1 3x"},"classes":[]},{"id":20738,"url":"https:\/\/www.wallendorff.com\/belogue\/2013\/04\/05\/black-rebel-motorcycle-club-lancienne-belgique-bruxelles-1er-avril\/","url_meta":{"origin":911,"position":5},"title":"Black Rebel Motorcycle Club @ l&rsquo;Ancienne Belgique, Bruxelles, 1er avril.","author":"dpc","date":"5 avril 2013","format":false,"excerpt":"Let the Day Begin (The Call) | Rival | Red Eyes and Tears | Hate the Taste | Beat the Devil's Tattoo | Whatever Happened to My Rock 'n' Roll (Punk Song) | Ain't No Easy Way | Berlin | 666 Conducer | Love Burns | Returning | Mercy (acoustic)\u2026","rel":"","context":"Dans &quot;Alive&quot;","block_context":{"text":"Alive","link":"https:\/\/www.wallendorff.com\/belogue\/category\/alive\/"},"img":{"alt_text":"","src":"https:\/\/i0.wp.com\/www.wallendorff.com\/belogue\/wp-content\/uploads\/2015\/04\/20130405.jpg?resize=350%2C200&ssl=1","width":350,"height":200,"srcset":"https:\/\/i0.wp.com\/www.wallendorff.com\/belogue\/wp-content\/uploads\/2015\/04\/20130405.jpg?resize=350%2C200&ssl=1 1x, https:\/\/i0.wp.com\/www.wallendorff.com\/belogue\/wp-content\/uploads\/2015\/04\/20130405.jpg?resize=525%2C300&ssl=1 1.5x, https:\/\/i0.wp.com\/www.wallendorff.com\/belogue\/wp-content\/uploads\/2015\/04\/20130405.jpg?resize=700%2C400&ssl=1 2x"},"classes":[]}],"_links":{"self":[{"href":"https:\/\/www.wallendorff.com\/belogue\/wp-json\/wp\/v2\/posts\/911","targetHints":{"allow":["GET"]}}],"collection":[{"href":"https:\/\/www.wallendorff.com\/belogue\/wp-json\/wp\/v2\/posts"}],"about":[{"href":"https:\/\/www.wallendorff.com\/belogue\/wp-json\/wp\/v2\/types\/post"}],"author":[{"embeddable":true,"href":"https:\/\/www.wallendorff.com\/belogue\/wp-json\/wp\/v2\/users\/1"}],"replies":[{"embeddable":true,"href":"https:\/\/www.wallendorff.com\/belogue\/wp-json\/wp\/v2\/comments?post=911"}],"version-history":[{"count":2,"href":"https:\/\/www.wallendorff.com\/belogue\/wp-json\/wp\/v2\/posts\/911\/revisions"}],"predecessor-version":[{"id":15709,"href":"https:\/\/www.wallendorff.com\/belogue\/wp-json\/wp\/v2\/posts\/911\/revisions\/15709"}],"wp:featuredmedia":[{"embeddable":true,"href":"https:\/\/www.wallendorff.com\/belogue\/wp-json\/wp\/v2\/media\/24843"}],"wp:attachment":[{"href":"https:\/\/www.wallendorff.com\/belogue\/wp-json\/wp\/v2\/media?parent=911"}],"wp:term":[{"taxonomy":"category","embeddable":true,"href":"https:\/\/www.wallendorff.com\/belogue\/wp-json\/wp\/v2\/categories?post=911"},{"taxonomy":"post_tag","embeddable":true,"href":"https:\/\/www.wallendorff.com\/belogue\/wp-json\/wp\/v2\/tags?post=911"}],"curies":[{"name":"wp","href":"https:\/\/api.w.org\/{rel}","templated":true}]}}