{"id":907,"date":"2007-03-05T10:41:46","date_gmt":"2007-03-05T10:41:46","guid":{"rendered":"http:\/\/www.po-l.com\/wordpress\/?p=907"},"modified":"2011-10-26T14:02:21","modified_gmt":"2011-10-26T12:02:21","slug":"malibu-stacy-l-ancienne-belgique-bruxelles","status":"publish","type":"post","link":"https:\/\/www.wallendorff.com\/belogue\/2007\/03\/05\/malibu-stacy-l-ancienne-belgique-bruxelles\/","title":{"rendered":"Malibu Stacy @ l&rsquo;Ancienne Belgique, Bruxelles."},"content":{"rendered":"\n<div id=\"photo\">\n<p><img decoding=\"async\" src=\"https:\/\/www.wallendorff.com\/belogue\/photo\/2007\/03\/20070303.jpg\" \/><\/p>\n<\/p><\/div>\n<p>En th&eacute;orie le concept est louable&nbsp;: la Communaut&eacute; Wallonne et sa cons&oelig;ur Flamande d&eacute;cident de se m&eacute;langer un peu en organisant deux soir&eacute;es &agrave; l&rsquo;AB &#8213;&nbsp;financ&eacute; par les Flamands&nbsp;&#8213;  et au Botanique &#8213;&nbsp;soutenu par les Wallons&nbsp;&#8213;, avec des groupes des deux provinces et par cons&eacute;quent leurs publics associ&eacute;s, deux soirs dans une grande communion d&rsquo;<em>alle&iuml;e m&rsquo;fi<\/em> et de <em>neuken en de keuken<\/em> baign&eacute;e de Jup&rsquo;, boisson embl&eacute;matique cl&eacute; de vo&ucirc;te de l&rsquo;unit&eacute; nationale [avec le Roi et Bob et Bobette]. Un truc beau, quoi, pour faire oublier <a href=\"http:\/\/tempsreel.nouvelobs.com\/actualites\/medias\/20061214.OBS2901\/la_secession_de_la_flandreun_canular_de_la_rtbf.html\">les derniers &eacute;v&eacute;nements<\/a>.<\/p>\n<p>Sauf que.<\/p>\n<p>En fait, il s&rsquo;agira simplement d&rsquo;envoyer les Wallons jouer dans la salle des Flamands et les Flamands le lendemain soir dans la salle des Wallons. Du coup, les groupes sont logiquement suivis par leur public et au final, les deux soirs en reviendront juste &agrave; &eacute;changer groupes et publics sans les m&eacute;langer, ce qui transforme le projet en banal d&eacute;paysement<sup>1<\/sup> pas terrib&rsquo; puisque, que l&rsquo;on soit &agrave; l&rsquo;AB ou au Bota, on tourne quand m&ecirc;me &agrave; la Jup&rsquo;.<\/p>\n<p>Bref, dans une Ancienne Belgique<sup>2<\/sup> pleine de Wallons &#8213;&nbsp;et de Jup&rsquo;&nbsp;&#8213;, Malibu Stacy  d&eacute;marre bien mais c&rsquo;est &agrave; partir de <em>Los AnGeles<\/em>, single longuement r&eacute;clam&eacute;, que vraiment tout le monde se d&eacute;cha&icirc;ne. Derri&egrave;re le chanteur, J l&acirc;che r&eacute;guli&egrave;rement son clavier pour aller se balader avec un tambourin, un peu &agrave; la Brian Jonestown Massacre &#8213;&nbsp;mais avec moins de poils&nbsp;&#8213; et se fait marcher dessus une paire de fois. Y a du slam, un peu, des cris, beaucoup, de la folie furieuse pendant <em>Sex In Malibu<\/em>, entretenue par <em>Peniche Praia<\/em> et par les ch&oelig;urs vocif&eacute;rants de <em>Walk Like An Egyptian<\/em>, reprise des Bangles. La soir&eacute;e se termine dans le bordel allum&eacute; <em>VHF-UHF<\/em>, parti et achev&eacute; en vrille. S&eacute;duisants sur disque, Malibu Stacy font mieux en live&nbsp;: ce soir ils concluent.<\/p>\n<div id=\"bandeson\">\n<p><img decoding=\"async\" src=\"https:\/\/www.wallendorff.com\/belogue\/photo\/pochettes\/m\/malibu_stacy-g.jpg\" align=\"left\" \/>&nbsp;<a href=\"http:\/\/www.myspace.com\/malibustacyband\">Malibu Stacy<\/a> &ndash; <em>Peniche Praia<\/em>        <\/p>\n<\/p><\/div>\n<div id=\"bas_note\">\n<p>_____<\/p>\n<p><sup>1<\/sup> Rh&acirc;&acirc;&acirc;, mon esprit cart&eacute;sien amateur de logique universelle ne comprendras jamais pourquoi on &eacute;crit pays et d&eacute;paysement plut&ocirc;t que pa&yuml;s et d&eacute;pa&yuml;sement. Le monde est mal foutu.<\/p>\n<p><sup>2<\/sup> O&ugrave; je n&rsquo;avais pas mis les pieds depuis un m&eacute;morable concert de Goude Charlotte il y a deux ans, lors duquel le Joel Madden avait d&eacute;barqu&eacute; sur sc&egrave;ne en beuglant &laquo;&nbsp;guten tag&nbsp;&raquo; &agrave; la salle, ces deux-l&agrave; faut d&eacute;cid&eacute;ment les noyer patin, rerh&acirc;&acirc;&acirc; je suis vraiment enrag&eacute;, ce matin.<\/p>\n<\/div>\n","protected":false},"excerpt":{"rendered":"<p>En th&eacute;orie le concept est louable&nbsp;: la Communaut&eacute; Wallonne et sa cons&oelig;ur Flamande d&eacute;cident de se m&eacute;langer un peu en organisant deux soir&eacute;es &agrave; l&rsquo;AB &#8213;&nbsp;financ&eacute; par les Flamands&nbsp;&#8213; et au Botanique &#8213;&nbsp;soutenu par les Wallons&nbsp;&#8213;, avec des groupes des deux provinces et par cons&eacute;quent leurs publics associ&eacute;s, deux soirs dans une grande communion d&rsquo;alle&iuml;e&hellip;<\/p>\n","protected":false},"author":1,"featured_media":24839,"comment_status":"closed","ping_status":"closed","sticky":false,"template":"","format":"standard","meta":{"_acf_changed":false,"ngg_post_thumbnail":0,"jetpack_post_was_ever_published":false,"_jetpack_newsletter_access":"","_jetpack_dont_email_post_to_subs":false,"_jetpack_newsletter_tier_id":0,"_jetpack_memberships_contains_paywalled_content":false,"_jetpack_memberships_contains_paid_content":false,"footnotes":"","jetpack_publicize_message":"","jetpack_publicize_feature_enabled":true,"jetpack_social_post_already_shared":false,"jetpack_social_options":{"image_generator_settings":{"template":"highway","default_image_id":0,"font":"","enabled":false},"version":2}},"categories":[7],"tags":[10134,10084,1952,10178,10313,10703,181,132,619,1951,1953],"class_list":["post-907","post","type-post","status-publish","format-standard","has-post-thumbnail","hentry","category-alive","tag-10134","tag-alive","tag-ancienne-belgique","tag-belgique","tag-bruxelles","tag-bruxelles-capitale","tag-ef-70-200-mm-f28l-usm","tag-eos-20d","tag-good-charlotte","tag-malibu-stacy","tag-peniche-praia"],"acf":[],"geo":{"latitude":50.8472443,"longitude":4.3488159,"description":"Anspachlaan 110, 1000 Brussels, Belgium"},"jetpack_publicize_connections":[],"jetpack_featured_media_url":"https:\/\/www.wallendorff.com\/belogue\/wp-content\/uploads\/2015\/04\/200703031.jpg","jetpack_shortlink":"https:\/\/wp.me\/p3b35P-eD","jetpack_sharing_enabled":true,"jetpack-related-posts":[{"id":911,"url":"https:\/\/www.wallendorff.com\/belogue\/2007\/03\/14\/previously-unreleased-53\/","url_meta":{"origin":907,"position":0},"title":"Previously unreleased #53\u00b9.","author":"dpc","date":"14 mars 2007","format":false,"excerpt":"Malibu Stacy, l'Ancienne Belgique, Bruxelles, 2 mars. Parce que des fois, des chanteurs planqu\u00e9s derri\u00e8re de flous bras, c'est mieux pour rendre de l'ambiance qui r\u00e8gne dans les ar\u00e8nes wallonnes. \u00a0Arctic Monkeys \u2013 Brianstorm _____ 1 Concept sympa venu de la talentueuse webmastrice de ce beau nouveau site-l\u00e0. 2 Pardon\u2026","rel":"","context":"Dans &quot;Previously unreleased&quot;","block_context":{"text":"Previously unreleased","link":"https:\/\/www.wallendorff.com\/belogue\/category\/previously-unreleased\/"},"img":{"alt_text":"","src":"https:\/\/i0.wp.com\/www.wallendorff.com\/belogue\/wp-content\/uploads\/2015\/04\/200703141.jpg?resize=350%2C200&ssl=1","width":350,"height":200},"classes":[]},{"id":927,"url":"https:\/\/www.wallendorff.com\/belogue\/2007\/04\/04\/malibu-stacy-la-boule-noire-paris\/","url_meta":{"origin":907,"position":1},"title":"Malibu Stacy @ la Boule Noire, Paris.","author":"dpc","date":"4 avril 2007","format":false,"excerpt":"C'est pas une Boule Noire \u00e0 moiti\u00e9 vide qui d\u00e9motivera les Belges. Au contraire, David de Froidmont profite des espaces laiss\u00e9s ici et l\u00e0 pour chanter depuis le public d\u00e8s We Are The Boys, qui ouvre le set. Poursuivi par un roadie qui tient son fil de micro, le chanteur\u2026","rel":"","context":"Dans &quot;Alive&quot;","block_context":{"text":"Alive","link":"https:\/\/www.wallendorff.com\/belogue\/category\/alive\/"},"img":{"alt_text":"","src":"https:\/\/i0.wp.com\/www.wallendorff.com\/belogue\/wp-content\/uploads\/2015\/04\/200704041.jpg?resize=350%2C200&ssl=1","width":350,"height":200,"srcset":"https:\/\/i0.wp.com\/www.wallendorff.com\/belogue\/wp-content\/uploads\/2015\/04\/200704041.jpg?resize=350%2C200&ssl=1 1x, https:\/\/i0.wp.com\/www.wallendorff.com\/belogue\/wp-content\/uploads\/2015\/04\/200704041.jpg?resize=525%2C300&ssl=1 1.5x, https:\/\/i0.wp.com\/www.wallendorff.com\/belogue\/wp-content\/uploads\/2015\/04\/200704041.jpg?resize=700%2C400&ssl=1 2x"},"classes":[]},{"id":7501,"url":"https:\/\/www.wallendorff.com\/belogue\/2010\/05\/06\/bru-dansait-mere-deux-surtait\/","url_meta":{"origin":907,"position":2},"title":"Bru dansait ; m\u00e8re d&rsquo;eux sortait.","author":"dpc","date":"6 mai 2010","format":false,"excerpt":"Rue Pierre Semard, Paris, 1er avril. Version color\u00e9e\u00a0; nocturne\u00a0; parisienne\u00a0; mise au point\u00a0; et s\u00e8che\u00a0; de \u00e7a, donc. [Ce billet vous \u00e9tait offert par l'association de soutien au point-virgule.] \u00a0James Murphy \u2013 If You Need a Friend","rel":"","context":"Dans &quot;DPC&quot;","block_context":{"text":"DPC","link":"https:\/\/www.wallendorff.com\/belogue\/category\/dpc\/"},"img":{"alt_text":"","src":"https:\/\/i0.wp.com\/www.wallendorff.com\/belogue\/wp-content\/uploads\/2015\/04\/201005061.jpg?resize=350%2C200&ssl=1","width":350,"height":200},"classes":[]},{"id":7438,"url":"https:\/\/www.wallendorff.com\/belogue\/2010\/04\/27\/its-getting-lonely-down-here\/","url_meta":{"origin":907,"position":3},"title":"It&rsquo;s getting lonely down here.","author":"dpc","date":"27 avril 2010","format":false,"excerpt":"Ch\u00e2teau de Dieppe, 21 mars. On aura beaucoup tourn\u00e9 en bandes-sons d\u00e9primantes avec Dieppe, mais faut reconna\u00eetre que le brouillard, le gris, les gens tout seuls et les ciels mena\u00e7ants et sombres, \u00e7a colle quand m\u00eame super tr\u00e8s mal avec Justin Bieber ou les Stooges. Je sais bien, j'ai essay\u00e9.\u2026","rel":"","context":"Dans &quot;DPC&quot;","block_context":{"text":"DPC","link":"https:\/\/www.wallendorff.com\/belogue\/category\/dpc\/"},"img":{"alt_text":"","src":"https:\/\/i0.wp.com\/www.wallendorff.com\/belogue\/wp-content\/uploads\/2015\/04\/201004271.jpg?resize=350%2C200&ssl=1","width":350,"height":200},"classes":[]},{"id":20738,"url":"https:\/\/www.wallendorff.com\/belogue\/2013\/04\/05\/black-rebel-motorcycle-club-lancienne-belgique-bruxelles-1er-avril\/","url_meta":{"origin":907,"position":4},"title":"Black Rebel Motorcycle Club @ l&rsquo;Ancienne Belgique, Bruxelles, 1er avril.","author":"dpc","date":"5 avril 2013","format":false,"excerpt":"Let the Day Begin (The Call) | Rival | Red Eyes and Tears | Hate the Taste | Beat the Devil's Tattoo | Whatever Happened to My Rock 'n' Roll (Punk Song) | Ain't No Easy Way | Berlin | 666 Conducer | Love Burns | Returning | Mercy (acoustic)\u2026","rel":"","context":"Dans &quot;Alive&quot;","block_context":{"text":"Alive","link":"https:\/\/www.wallendorff.com\/belogue\/category\/alive\/"},"img":{"alt_text":"","src":"https:\/\/i0.wp.com\/www.wallendorff.com\/belogue\/wp-content\/uploads\/2015\/04\/20130405.jpg?resize=350%2C200&ssl=1","width":350,"height":200,"srcset":"https:\/\/i0.wp.com\/www.wallendorff.com\/belogue\/wp-content\/uploads\/2015\/04\/20130405.jpg?resize=350%2C200&ssl=1 1x, https:\/\/i0.wp.com\/www.wallendorff.com\/belogue\/wp-content\/uploads\/2015\/04\/20130405.jpg?resize=525%2C300&ssl=1 1.5x, https:\/\/i0.wp.com\/www.wallendorff.com\/belogue\/wp-content\/uploads\/2015\/04\/20130405.jpg?resize=700%2C400&ssl=1 2x"},"classes":[]},{"id":7431,"url":"https:\/\/www.wallendorff.com\/belogue\/2010\/04\/26\/des-tours-ne-mandent-ni-meurent\/","url_meta":{"origin":907,"position":5},"title":"Des tours ne mandent ni meurent.","author":"dpc","date":"26 avril 2010","format":false,"excerpt":"Ch\u00e2teau de Dieppe, 21 mars. Le No articles on this date l\u00e0 ci-dessous dans l'Un an je passe m'indique insidieusement qu'il serait temps de repartir quelque part, mine de rien. \u00a0The Raconteurs \u2013 These Stones Will Shout","rel":"","context":"Dans &quot;DPC&quot;","block_context":{"text":"DPC","link":"https:\/\/www.wallendorff.com\/belogue\/category\/dpc\/"},"img":{"alt_text":"","src":"https:\/\/i0.wp.com\/www.wallendorff.com\/belogue\/wp-content\/uploads\/2015\/04\/201004261.jpg?resize=350%2C200&ssl=1","width":350,"height":200},"classes":[]}],"_links":{"self":[{"href":"https:\/\/www.wallendorff.com\/belogue\/wp-json\/wp\/v2\/posts\/907","targetHints":{"allow":["GET"]}}],"collection":[{"href":"https:\/\/www.wallendorff.com\/belogue\/wp-json\/wp\/v2\/posts"}],"about":[{"href":"https:\/\/www.wallendorff.com\/belogue\/wp-json\/wp\/v2\/types\/post"}],"author":[{"embeddable":true,"href":"https:\/\/www.wallendorff.com\/belogue\/wp-json\/wp\/v2\/users\/1"}],"replies":[{"embeddable":true,"href":"https:\/\/www.wallendorff.com\/belogue\/wp-json\/wp\/v2\/comments?post=907"}],"version-history":[{"count":2,"href":"https:\/\/www.wallendorff.com\/belogue\/wp-json\/wp\/v2\/posts\/907\/revisions"}],"predecessor-version":[{"id":14092,"href":"https:\/\/www.wallendorff.com\/belogue\/wp-json\/wp\/v2\/posts\/907\/revisions\/14092"}],"wp:featuredmedia":[{"embeddable":true,"href":"https:\/\/www.wallendorff.com\/belogue\/wp-json\/wp\/v2\/media\/24839"}],"wp:attachment":[{"href":"https:\/\/www.wallendorff.com\/belogue\/wp-json\/wp\/v2\/media?parent=907"}],"wp:term":[{"taxonomy":"category","embeddable":true,"href":"https:\/\/www.wallendorff.com\/belogue\/wp-json\/wp\/v2\/categories?post=907"},{"taxonomy":"post_tag","embeddable":true,"href":"https:\/\/www.wallendorff.com\/belogue\/wp-json\/wp\/v2\/tags?post=907"}],"curies":[{"name":"wp","href":"https:\/\/api.w.org\/{rel}","templated":true}]}}