{"id":9047,"date":"2010-09-16T10:02:38","date_gmt":"2010-09-16T08:02:38","guid":{"rendered":"http:\/\/www.po-l.com\/belogue\/?p=9047"},"modified":"2012-06-28T10:18:05","modified_gmt":"2012-06-28T08:18:05","slug":"mire-ou-menent-iles","status":"publish","type":"post","link":"https:\/\/www.wallendorff.com\/belogue\/2010\/09\/16\/mire-ou-menent-iles\/","title":{"rendered":"Mire o\u00f9 m\u00e8nent \u00eeles."},"content":{"rendered":"\n<div id=\"photo\">\n<p><img decoding=\"async\" src=\"https:\/\/www.wallendorff.com\/belogue\/photo\/2010\/09\/20100916.jpg\" \/><br \/>\nPointe du Raz, 24 juillet.<\/p>\n<\/p><\/div>\n<p style=\"text-align:right\">Mission accomplie.<\/p>\n<div id=\"bandeson\">\n<p><img decoding=\"async\" src=\"https:\/\/www.wallendorff.com\/belogue\/photo\/pochettes\/s\/sad_day_for_puppets-pale_silver_and_shiny_gold.jpg\" align=\"left\" \/>&nbsp;<a href=\"http:\/\/www.saddayforpuppets.com\/\">Sad Day for Puppets<\/a> &ndash; <em>Tingle in My Hand<\/em><\/p>\n<\/p><\/div>\n","protected":false},"excerpt":{"rendered":"<p>Pointe du Raz, 24 juillet. Mission accomplie. &nbsp;Sad Day for Puppets &ndash; Tingle in My Hand<\/p>\n","protected":false},"author":1,"featured_media":25900,"comment_status":"open","ping_status":"open","sticky":false,"template":"","format":"standard","meta":{"_acf_changed":false,"ngg_post_thumbnail":0,"jetpack_post_was_ever_published":false,"_jetpack_newsletter_access":"","_jetpack_dont_email_post_to_subs":false,"_jetpack_newsletter_tier_id":0,"_jetpack_memberships_contains_paywalled_content":false,"_jetpack_memberships_contains_paid_content":false,"footnotes":"","jetpack_publicize_message":"","jetpack_publicize_feature_enabled":true,"jetpack_social_post_already_shared":false,"jetpack_social_options":{"image_generator_settings":{"template":"highway","default_image_id":0,"font":"","enabled":false},"version":2}},"categories":[3],"tags":[10791,2571,2615,10144,10311,10484,10340,4157,10483,143,10599,4163,4216,4178,4176,10530,4217],"class_list":["post-9047","post","type-post","status-publish","format-standard","has-post-thumbnail","hentry","category-dpc","tag-bretagne","tag-ef-16-35-mm-f28l-ii-usm","tag-eos-5d-mark-ii","tag-ciel","tag-dos","tag-eau","tag-fille","tag-finistere","tag-mer","tag-noir-et-blanc","tag-nuage","tag-ocean-atlantique","tag-phare-de-la-vieille","tag-plogoff","tag-pointe-du-raz","tag-sad-day-for-puppets","tag-tingle-in-my-hand"],"acf":[],"geo":{"latitude":48.0397491,"longitude":-4.7372322,"description":"Pointe du Raz, 29770 Plogoff, France"},"jetpack_publicize_connections":[],"jetpack_featured_media_url":"https:\/\/www.wallendorff.com\/belogue\/wp-content\/uploads\/2015\/04\/201009161.jpg","jetpack_shortlink":"https:\/\/wp.me\/p3b35P-2lV","jetpack_sharing_enabled":true,"jetpack-related-posts":[{"id":8766,"url":"https:\/\/www.wallendorff.com\/belogue\/2010\/09\/08\/raz-vire-a-van-rave-hein\/","url_meta":{"origin":9047,"position":0},"title":"Raz vire \u00e0 Van rave, hein.","author":"dpc","date":"8 septembre 2010","format":false,"excerpt":"Pointe du Raz, 24 juillet. Ou pointe du Van aussi. Le probl\u00e8me avec les t\u00e9l\u00e9objectifs qui zoument loin loin c'est que vient un moment o\u00f9 l'on se trouve avec une telle distance entre le l\u00e0 o\u00f9 vont les yeux et le l\u00e0 o\u00f9 restent les pieds que l'on ne sait\u2026","rel":"","context":"Dans &quot;DPC&quot;","block_context":{"text":"DPC","link":"https:\/\/www.wallendorff.com\/belogue\/category\/dpc\/"},"img":{"alt_text":"","src":"https:\/\/i0.wp.com\/www.wallendorff.com\/belogue\/wp-content\/uploads\/2015\/04\/201009081.jpg?resize=350%2C200&ssl=1","width":350,"height":200},"classes":[]},{"id":9041,"url":"https:\/\/www.wallendorff.com\/belogue\/2010\/09\/15\/mont-galets\/","url_meta":{"origin":9047,"position":1},"title":"Mont-galets.","author":"dpc","date":"15 septembre 2010","format":false,"excerpt":"Pointe du Raz, 24 juillet. Un tel choix de titre apr\u00e8s celui-l\u00e0 m'oblige donc \u00e0 trouver un troisi\u00e8me jeu de mot en station de m\u00e9tro pour demain parce que jamais deux sans trois [mais tout le temps un sans deux, paradoxalement]. Ahah tellement trop facile, vous imaginez pas comme tout\u2026","rel":"","context":"Dans &quot;DPC&quot;","block_context":{"text":"DPC","link":"https:\/\/www.wallendorff.com\/belogue\/category\/dpc\/"},"img":{"alt_text":"","src":"https:\/\/i0.wp.com\/www.wallendorff.com\/belogue\/wp-content\/uploads\/2015\/04\/201009151.jpg?resize=350%2C200&ssl=1","width":350,"height":200},"classes":[]},{"id":34132,"url":"https:\/\/www.wallendorff.com\/belogue\/2017\/06\/02\/rade-et-paquerettes\/","url_meta":{"origin":9047,"position":2},"title":"Rade et p\u00e2querettes.","author":"dpc","date":"2 juin 2017","format":false,"excerpt":"Pointe du Raz, 14 avril. Big Beautiful Day PWR BTTM","rel":"","context":"Dans &quot;DPC&quot;","block_context":{"text":"DPC","link":"https:\/\/www.wallendorff.com\/belogue\/category\/dpc\/"},"img":{"alt_text":"","src":"https:\/\/i0.wp.com\/www.wallendorff.com\/belogue\/wp-content\/uploads\/2017\/06\/20170602.jpg?resize=350%2C200&ssl=1","width":350,"height":200,"srcset":"https:\/\/i0.wp.com\/www.wallendorff.com\/belogue\/wp-content\/uploads\/2017\/06\/20170602.jpg?resize=350%2C200&ssl=1 1x, https:\/\/i0.wp.com\/www.wallendorff.com\/belogue\/wp-content\/uploads\/2017\/06\/20170602.jpg?resize=525%2C300&ssl=1 1.5x"},"classes":[]},{"id":8795,"url":"https:\/\/www.wallendorff.com\/belogue\/2010\/09\/10\/en-avoir-plein-le-duo\/","url_meta":{"origin":9047,"position":3},"title":"En avoir plein le duo.","author":"dpc","date":"10 septembre 2010","format":false,"excerpt":"Pointe du Raz, 24 juillet. Toute ma vie est avec toi, moi j'attends, toi tu pars. C'est curieux, une telle envol\u00e9e de violons sur un texte aussi d\u00e9sabus\u00e9. Sont quand m\u00eame forts ces gens. \u00a0Arcade Fire \u2013 Empty Room","rel":"","context":"Dans &quot;DPC&quot;","block_context":{"text":"DPC","link":"https:\/\/www.wallendorff.com\/belogue\/category\/dpc\/"},"img":{"alt_text":"","src":"https:\/\/i0.wp.com\/www.wallendorff.com\/belogue\/wp-content\/uploads\/2015\/04\/201009101.jpg?resize=350%2C200&ssl=1","width":350,"height":200},"classes":[]},{"id":5139,"url":"https:\/\/www.wallendorff.com\/belogue\/2009\/11\/22\/riz-noce-rose\/","url_meta":{"origin":9047,"position":4},"title":"Riz n\u00f4\u00e7\u00e9 r\u00f4se.","author":"dpc","date":"22 novembre 2009","format":false,"excerpt":"Passage Lhomme, Paris, 1er ao\u00fbt. \u00a0Sad Day for Puppets \u2013 Last Night Sans conteste le titre le plus pourri de l'histoire, mais on a le droit c'est dimanche, hein.","rel":"","context":"Dans &quot;DPC&quot;","block_context":{"text":"DPC","link":"https:\/\/www.wallendorff.com\/belogue\/category\/dpc\/"},"img":{"alt_text":"","src":"https:\/\/i0.wp.com\/www.wallendorff.com\/belogue\/wp-content\/uploads\/2015\/04\/200911221.jpg?resize=350%2C200&ssl=1","width":350,"height":200},"classes":[]},{"id":8914,"url":"https:\/\/www.wallendorff.com\/belogue\/2010\/09\/13\/menhir-montant\/","url_meta":{"origin":9047,"position":5},"title":"Menhir montant.","author":"dpc","date":"13 septembre 2010","format":false,"excerpt":"Baie des Tr\u00e9pass\u00e9s, 24 juillet. Bon je triche un peu. La vraie baie, celle avec la plage, celle qui, selon une croyance bretonne, durant la nuit de No\u00ebl, [...] r\u00e9sonnerait des chants des \u00e2mes en peine qui sont ballot\u00e9es sur le bateau des morts1 se situe plus sur la droite.\u2026","rel":"","context":"Dans &quot;DPC&quot;","block_context":{"text":"DPC","link":"https:\/\/www.wallendorff.com\/belogue\/category\/dpc\/"},"img":{"alt_text":"","src":"https:\/\/i0.wp.com\/www.wallendorff.com\/belogue\/wp-content\/uploads\/2015\/04\/201009131.jpg?resize=350%2C200&ssl=1","width":350,"height":200},"classes":[]}],"_links":{"self":[{"href":"https:\/\/www.wallendorff.com\/belogue\/wp-json\/wp\/v2\/posts\/9047","targetHints":{"allow":["GET"]}}],"collection":[{"href":"https:\/\/www.wallendorff.com\/belogue\/wp-json\/wp\/v2\/posts"}],"about":[{"href":"https:\/\/www.wallendorff.com\/belogue\/wp-json\/wp\/v2\/types\/post"}],"author":[{"embeddable":true,"href":"https:\/\/www.wallendorff.com\/belogue\/wp-json\/wp\/v2\/users\/1"}],"replies":[{"embeddable":true,"href":"https:\/\/www.wallendorff.com\/belogue\/wp-json\/wp\/v2\/comments?post=9047"}],"version-history":[{"count":1,"href":"https:\/\/www.wallendorff.com\/belogue\/wp-json\/wp\/v2\/posts\/9047\/revisions"}],"predecessor-version":[{"id":17955,"href":"https:\/\/www.wallendorff.com\/belogue\/wp-json\/wp\/v2\/posts\/9047\/revisions\/17955"}],"wp:featuredmedia":[{"embeddable":true,"href":"https:\/\/www.wallendorff.com\/belogue\/wp-json\/wp\/v2\/media\/25900"}],"wp:attachment":[{"href":"https:\/\/www.wallendorff.com\/belogue\/wp-json\/wp\/v2\/media?parent=9047"}],"wp:term":[{"taxonomy":"category","embeddable":true,"href":"https:\/\/www.wallendorff.com\/belogue\/wp-json\/wp\/v2\/categories?post=9047"},{"taxonomy":"post_tag","embeddable":true,"href":"https:\/\/www.wallendorff.com\/belogue\/wp-json\/wp\/v2\/tags?post=9047"}],"curies":[{"name":"wp","href":"https:\/\/api.w.org\/{rel}","templated":true}]}}