{"id":9041,"date":"2010-09-15T10:15:57","date_gmt":"2010-09-15T08:15:57","guid":{"rendered":"http:\/\/www.po-l.com\/belogue\/?p=9041"},"modified":"2012-06-27T09:53:32","modified_gmt":"2012-06-27T07:53:32","slug":"mont-galets","status":"publish","type":"post","link":"https:\/\/www.wallendorff.com\/belogue\/2010\/09\/15\/mont-galets\/","title":{"rendered":"Mont-galets."},"content":{"rendered":"\n<div id=\"photo\">\n<p><img decoding=\"async\" src=\"https:\/\/www.wallendorff.com\/belogue\/photo\/2010\/09\/20100915.jpg\" \/><br \/>\nPointe du Raz, 24 juillet.<\/p>\n<\/p><\/div>\n<p style=\"text-align:right\">Un tel choix de titre apr&egrave;s <a href=\"https:\/\/www.wallendorff.com\/belogue\/2010\/09\/13\/menhir-montant\/\">celui-l&agrave;<\/a> m&rsquo;oblige donc &agrave; trouver un troisi&egrave;me jeu de mot en station de m&eacute;tro pour demain parce que jamais deux sans trois [mais tout le temps un sans deux, paradoxalement].<\/p>\n<p style=\"text-align:right\">Ahah tellement trop facile, vous imaginez pas comme tout &ccedil;a peut-&ecirc;tre stressant des fois, vraiment.<\/p>\n<div id=\"bandeson\">\n<p><img decoding=\"async\" src=\"https:\/\/www.wallendorff.com\/belogue\/photo\/pochettes\/m\/mumford&#038;sons-sigh_no_more.jpg\" align=\"left\" \/>&nbsp;<a href=\"http:\/\/www.mumfordandsons.com\/\">Mumford &amp; Sons<\/a> &ndash; <em>Roll Away Your Stone<\/em> [un peu facile j&rsquo;avoue oui.]<\/p>\n<\/p><\/div>\n","protected":false},"excerpt":{"rendered":"<p>Pointe du Raz, 24 juillet. Un tel choix de titre apr&egrave;s celui-l&agrave; m&rsquo;oblige donc &agrave; trouver un troisi&egrave;me jeu de mot en station de m&eacute;tro pour demain parce que jamais deux sans trois [mais tout le temps un sans deux, paradoxalement]. Ahah tellement trop facile, vous imaginez pas comme tout &ccedil;a peut-&ecirc;tre stressant des fois,&hellip;<\/p>\n","protected":false},"author":1,"featured_media":25898,"comment_status":"open","ping_status":"open","sticky":false,"template":"","format":"standard","meta":{"_acf_changed":false,"ngg_post_thumbnail":0,"jetpack_post_was_ever_published":false,"_jetpack_newsletter_access":"","_jetpack_dont_email_post_to_subs":false,"_jetpack_newsletter_tier_id":0,"_jetpack_memberships_contains_paywalled_content":false,"_jetpack_memberships_contains_paid_content":false,"footnotes":"","jetpack_publicize_message":"","jetpack_publicize_feature_enabled":true,"jetpack_social_post_already_shared":false,"jetpack_social_options":{"image_generator_settings":{"template":"highway","default_image_id":0,"font":"","enabled":false},"version":2}},"categories":[3],"tags":[10791,4214,4212,2571,2615,10144,10484,4157,10120,10483,4213,10607,4163,4216,4178,4176,4166,4215,4559],"class_list":["post-9041","post","type-post","status-publish","format-standard","has-post-thumbnail","hentry","category-dpc","tag-bretagne","tag-caillou","tag-cairn","tag-ef-16-35-mm-f28l-ii-usm","tag-eos-5d-mark-ii","tag-ciel","tag-eau","tag-finistere","tag-france","tag-mer","tag-montjoie","tag-mumford-sons","tag-ocean-atlantique","tag-phare-de-la-vieille","tag-plogoff","tag-pointe-du-raz","tag-rocher","tag-roll-away-your-stone","tag-sigh-no-more-album"],"acf":[],"geo":{"latitude":48.0395927,"longitude":-4.7368989,"description":"Pointe du Raz, 29770 Plogoff, France"},"jetpack_publicize_connections":[],"jetpack_featured_media_url":"https:\/\/www.wallendorff.com\/belogue\/wp-content\/uploads\/2015\/04\/201009151.jpg","jetpack_shortlink":"https:\/\/wp.me\/p3b35P-2lP","jetpack_sharing_enabled":true,"jetpack-related-posts":[{"id":20697,"url":"https:\/\/www.wallendorff.com\/belogue\/2013\/03\/27\/mumford-sons-mystery-jets-le-trianon-paris\/","url_meta":{"origin":9041,"position":0},"title":"Mumford &#038; Sons + Mystery Jets @ le Trianon, Paris.","author":"dpc","date":"27 mars 2013","format":false,"excerpt":"Babel | Little Lion Man | Whispers in the Dark | White Blank Page | Holland Road | Timshel (unplugged) | The Cave | Lover of the Light | Thistle & Weeds | Ghosts That We Knew | Awake My Soul | Roll Away Your Stone | Dust Bowl Dance\u2026","rel":"","context":"Dans &quot;Alive&quot;","block_context":{"text":"Alive","link":"https:\/\/www.wallendorff.com\/belogue\/category\/alive\/"},"img":{"alt_text":"","src":"https:\/\/i0.wp.com\/www.wallendorff.com\/belogue\/wp-content\/uploads\/2015\/04\/20130327.jpg?resize=350%2C200&ssl=1","width":350,"height":200,"srcset":"https:\/\/i0.wp.com\/www.wallendorff.com\/belogue\/wp-content\/uploads\/2015\/04\/20130327.jpg?resize=350%2C200&ssl=1 1x, https:\/\/i0.wp.com\/www.wallendorff.com\/belogue\/wp-content\/uploads\/2015\/04\/20130327.jpg?resize=525%2C300&ssl=1 1.5x, https:\/\/i0.wp.com\/www.wallendorff.com\/belogue\/wp-content\/uploads\/2015\/04\/20130327.jpg?resize=700%2C400&ssl=1 2x"},"classes":[]},{"id":128454,"url":"https:\/\/www.wallendorff.com\/belogue\/2024\/06\/18\/cetait-2010\/","url_meta":{"origin":9041,"position":1},"title":"C&rsquo;\u00e9tait 2010.","author":"dpc","date":"18 juin 2024","format":false,"excerpt":"2010, ann\u00e9e z\u00e9ro. Paris, 9 janvier 2010. Black Rebel Motorcycle Club, Paris, 27 janvier 2010 Mumford & Sons, Paris, 21 f\u00e9vrier 2010 John Butler Trio @ la Boule Noire, Paris, 15 mars 2010 Dieppe, 20 mars 2010. Paris, 25 avril 2010. Gossip @ le Z\u00e9nith, Paris, 26 mai 2010 Gossip\u2026","rel":"","context":"Dans &quot;DPC&quot;","block_context":{"text":"DPC","link":"https:\/\/www.wallendorff.com\/belogue\/category\/dpc\/"},"img":{"alt_text":"","src":"https:\/\/i0.wp.com\/www.wallendorff.com\/belogue\/wp-content\/uploads\/2024\/06\/20240618-20.jpg?resize=350%2C200&ssl=1","width":350,"height":200,"srcset":"https:\/\/i0.wp.com\/www.wallendorff.com\/belogue\/wp-content\/uploads\/2024\/06\/20240618-20.jpg?resize=350%2C200&ssl=1 1x, https:\/\/i0.wp.com\/www.wallendorff.com\/belogue\/wp-content\/uploads\/2024\/06\/20240618-20.jpg?resize=525%2C300&ssl=1 1.5x, https:\/\/i0.wp.com\/www.wallendorff.com\/belogue\/wp-content\/uploads\/2024\/06\/20240618-20.jpg?resize=700%2C400&ssl=1 2x, https:\/\/i0.wp.com\/www.wallendorff.com\/belogue\/wp-content\/uploads\/2024\/06\/20240618-20.jpg?resize=1050%2C600&ssl=1 3x"},"classes":[]},{"id":8766,"url":"https:\/\/www.wallendorff.com\/belogue\/2010\/09\/08\/raz-vire-a-van-rave-hein\/","url_meta":{"origin":9041,"position":2},"title":"Raz vire \u00e0 Van rave, hein.","author":"dpc","date":"8 septembre 2010","format":false,"excerpt":"Pointe du Raz, 24 juillet. Ou pointe du Van aussi. Le probl\u00e8me avec les t\u00e9l\u00e9objectifs qui zoument loin loin c'est que vient un moment o\u00f9 l'on se trouve avec une telle distance entre le l\u00e0 o\u00f9 vont les yeux et le l\u00e0 o\u00f9 restent les pieds que l'on ne sait\u2026","rel":"","context":"Dans &quot;DPC&quot;","block_context":{"text":"DPC","link":"https:\/\/www.wallendorff.com\/belogue\/category\/dpc\/"},"img":{"alt_text":"","src":"https:\/\/i0.wp.com\/www.wallendorff.com\/belogue\/wp-content\/uploads\/2015\/04\/201009081.jpg?resize=350%2C200&ssl=1","width":350,"height":200},"classes":[]},{"id":20140,"url":"https:\/\/www.wallendorff.com\/belogue\/2013\/01\/17\/bon-deux-gemmes-se-bondent\/","url_meta":{"origin":9041,"position":3},"title":"Bon, deux gemmes se bondent.","author":"dpc","date":"17 janvier 2013","format":false,"excerpt":"Square du Bicentenaire, Le Mans, 24 novembre 2012. Below My Feet Mumford & Sons","rel":"","context":"Dans &quot;DPC&quot;","block_context":{"text":"DPC","link":"https:\/\/www.wallendorff.com\/belogue\/category\/dpc\/"},"img":{"alt_text":"","src":"https:\/\/i0.wp.com\/www.wallendorff.com\/belogue\/wp-content\/uploads\/2015\/04\/201301171.jpg?resize=350%2C200&ssl=1","width":350,"height":200,"srcset":"https:\/\/i0.wp.com\/www.wallendorff.com\/belogue\/wp-content\/uploads\/2015\/04\/201301171.jpg?resize=350%2C200&ssl=1 1x, https:\/\/i0.wp.com\/www.wallendorff.com\/belogue\/wp-content\/uploads\/2015\/04\/201301171.jpg?resize=525%2C300&ssl=1 1.5x, https:\/\/i0.wp.com\/www.wallendorff.com\/belogue\/wp-content\/uploads\/2015\/04\/201301171.jpg?resize=700%2C400&ssl=1 2x"},"classes":[]},{"id":4949,"url":"https:\/\/www.wallendorff.com\/belogue\/2009\/10\/30\/such-a-while-ago\/","url_meta":{"origin":9041,"position":4},"title":"Such a while ago.","author":"dpc","date":"30 octobre 2009","format":false,"excerpt":"Grande mosqu\u00e9e, Paris, 22 mai. Mumford & Sons, ou Fleet Foxes sans leurs cornflakes au valium. [Amateurs de Decemberists bienvenus.] \u00a0Mumford & Sons \u2013 The Cave","rel":"","context":"Dans &quot;DPC&quot;","block_context":{"text":"DPC","link":"https:\/\/www.wallendorff.com\/belogue\/category\/dpc\/"},"img":{"alt_text":"","src":"https:\/\/i0.wp.com\/www.wallendorff.com\/belogue\/wp-content\/uploads\/2015\/04\/200910301.jpg?resize=350%2C200&ssl=1","width":350,"height":200},"classes":[]},{"id":9047,"url":"https:\/\/www.wallendorff.com\/belogue\/2010\/09\/16\/mire-ou-menent-iles\/","url_meta":{"origin":9041,"position":5},"title":"Mire o\u00f9 m\u00e8nent \u00eeles.","author":"dpc","date":"16 septembre 2010","format":false,"excerpt":"Pointe du Raz, 24 juillet. Mission accomplie. \u00a0Sad Day for Puppets \u2013 Tingle in My Hand","rel":"","context":"Dans &quot;DPC&quot;","block_context":{"text":"DPC","link":"https:\/\/www.wallendorff.com\/belogue\/category\/dpc\/"},"img":{"alt_text":"","src":"https:\/\/i0.wp.com\/www.wallendorff.com\/belogue\/wp-content\/uploads\/2015\/04\/201009161.jpg?resize=350%2C200&ssl=1","width":350,"height":200,"srcset":"https:\/\/i0.wp.com\/www.wallendorff.com\/belogue\/wp-content\/uploads\/2015\/04\/201009161.jpg?resize=350%2C200&ssl=1 1x, https:\/\/i0.wp.com\/www.wallendorff.com\/belogue\/wp-content\/uploads\/2015\/04\/201009161.jpg?resize=525%2C300&ssl=1 1.5x, https:\/\/i0.wp.com\/www.wallendorff.com\/belogue\/wp-content\/uploads\/2015\/04\/201009161.jpg?resize=700%2C400&ssl=1 2x"},"classes":[]}],"_links":{"self":[{"href":"https:\/\/www.wallendorff.com\/belogue\/wp-json\/wp\/v2\/posts\/9041","targetHints":{"allow":["GET"]}}],"collection":[{"href":"https:\/\/www.wallendorff.com\/belogue\/wp-json\/wp\/v2\/posts"}],"about":[{"href":"https:\/\/www.wallendorff.com\/belogue\/wp-json\/wp\/v2\/types\/post"}],"author":[{"embeddable":true,"href":"https:\/\/www.wallendorff.com\/belogue\/wp-json\/wp\/v2\/users\/1"}],"replies":[{"embeddable":true,"href":"https:\/\/www.wallendorff.com\/belogue\/wp-json\/wp\/v2\/comments?post=9041"}],"version-history":[{"count":1,"href":"https:\/\/www.wallendorff.com\/belogue\/wp-json\/wp\/v2\/posts\/9041\/revisions"}],"predecessor-version":[{"id":17941,"href":"https:\/\/www.wallendorff.com\/belogue\/wp-json\/wp\/v2\/posts\/9041\/revisions\/17941"}],"wp:featuredmedia":[{"embeddable":true,"href":"https:\/\/www.wallendorff.com\/belogue\/wp-json\/wp\/v2\/media\/25898"}],"wp:attachment":[{"href":"https:\/\/www.wallendorff.com\/belogue\/wp-json\/wp\/v2\/media?parent=9041"}],"wp:term":[{"taxonomy":"category","embeddable":true,"href":"https:\/\/www.wallendorff.com\/belogue\/wp-json\/wp\/v2\/categories?post=9041"},{"taxonomy":"post_tag","embeddable":true,"href":"https:\/\/www.wallendorff.com\/belogue\/wp-json\/wp\/v2\/tags?post=9041"}],"curies":[{"name":"wp","href":"https:\/\/api.w.org\/{rel}","templated":true}]}}