{"id":900,"date":"2007-02-20T09:39:29","date_gmt":"2007-02-20T09:39:29","guid":{"rendered":"http:\/\/www.po-l.com\/wordpress\/?p=900"},"modified":"2012-01-26T11:36:28","modified_gmt":"2012-01-26T09:36:28","slug":"clairs-hiers","status":"publish","type":"post","link":"https:\/\/www.wallendorff.com\/belogue\/2007\/02\/20\/clairs-hiers\/","title":{"rendered":"Clairs hiers."},"content":{"rendered":"\n<div id=\"photo\">\n<p><img decoding=\"async\" src=\"https:\/\/www.wallendorff.com\/belogue\/photo\/2007\/02\/20070220.jpg\" \/><br \/>\n          For&ecirc;t de S&eacute;cheval, 11 f&eacute;vrier.<\/p>\n<\/p><\/div>\n<p style=\"text-align:right\"><em> &ldquo;Dance in the dark of night,<br \/>\n        Sing to the morning light.&rdquo;<\/em><\/p>\n<div id=\"bandeson\">\n<p><img decoding=\"async\" src=\"https:\/\/www.wallendorff.com\/belogue\/photo\/pochettes\/p\/page_jimmy_plant_robert-no_quarter.jpg\" align=\"left\" \/>&nbsp;<a href=\"http:\/\/www.jimmypageonline.com\/\">Jimmy Page<\/a> \/ <a href=\"http:\/\/www.robertplant.com\/\">Robert Plant<\/a> &ndash; <em>The Battle of Evermore<\/em> (live)<\/p>\n<\/p><\/div>\n","protected":false},"excerpt":{"rendered":"<p>For&ecirc;t de S&eacute;cheval, 11 f&eacute;vrier. &ldquo;Dance in the dark of night, Sing to the morning light.&rdquo; &nbsp;Jimmy Page \/ Robert Plant &ndash; The Battle of Evermore (live)<\/p>\n","protected":false},"author":1,"featured_media":24832,"comment_status":"open","ping_status":"open","sticky":false,"template":"","format":"standard","meta":{"_acf_changed":false,"ngg_post_thumbnail":0,"jetpack_post_was_ever_published":false,"_jetpack_newsletter_access":"","_jetpack_dont_email_post_to_subs":false,"_jetpack_newsletter_tier_id":0,"_jetpack_memberships_contains_paywalled_content":false,"_jetpack_memberships_contains_paid_content":false,"footnotes":"","jetpack_publicize_message":"","jetpack_publicize_feature_enabled":true,"jetpack_social_post_already_shared":false,"jetpack_social_options":{"image_generator_settings":{"template":"highway","default_image_id":0,"font":"","enabled":false},"version":2}},"categories":[3],"tags":[10345,10255,142,132,10254,10217,10120,1027,143,1943,1200],"class_list":["post-900","post","type-post","status-publish","format-standard","has-post-thumbnail","hentry","category-dpc","tag-arbre","tag-ardenne","tag-ef-s-10-22-mm-f35-45-usm","tag-eos-20d","tag-champagne-ardenne","tag-foret","tag-france","tag-jimmy-page-robert-plant","tag-noir-et-blanc","tag-secheval","tag-the-battle-of-evermore"],"acf":[],"geo":{"latitude":49.8228951,"longitude":4.6924496,"description":null},"jetpack_publicize_connections":[],"jetpack_featured_media_url":"https:\/\/www.wallendorff.com\/belogue\/wp-content\/uploads\/2015\/04\/200702201.jpg","jetpack_shortlink":"https:\/\/wp.me\/p3b35P-ew","jetpack_sharing_enabled":true,"jetpack-related-posts":[{"id":284,"url":"https:\/\/www.wallendorff.com\/belogue\/2005\/08\/25\/vous-etes-de-meche\/","url_meta":{"origin":900,"position":0},"title":"Vous &ecirc;tes de M&egrave;che ?","author":"dpc","date":"25 ao\u00fbt 2005","format":false,"excerpt":"St-P\u00e9e-sur-Nivelle, 19 ao\u00fbt. Non, on est d'Annem\u00e0che. [aaaaaaaah, aaaaaaaaaaaaaah, ahahahah] \/Edit post-douche\u00a0: Demain je vois Plant en vrai. En vrai. Robert Plant. \u00c7a fait quelquechose, quand m\u00eame. On a beau dire, on reste impressionn\u00e9 toute sa vie par les h\u00e9ros de son enfance. \u00ab\u00a0Dance in the dark of night, sing\u2026","rel":"","context":"Dans &quot;DPC&quot;","block_context":{"text":"DPC","link":"https:\/\/www.wallendorff.com\/belogue\/category\/dpc\/"},"img":{"alt_text":"","src":"https:\/\/i0.wp.com\/www.wallendorff.com\/belogue\/wp-content\/uploads\/2015\/04\/200508251.jpg?resize=350%2C200&ssl=1","width":350,"height":200},"classes":[]},{"id":11910,"url":"https:\/\/www.wallendorff.com\/belogue\/2011\/01\/20\/beaucoup-de-buis-pour-rien\/","url_meta":{"origin":900,"position":1},"title":"Beaucoup de buis pour rien.","author":"dpc","date":"20 janvier 2011","format":false,"excerpt":"Haybes, 5 d\u00e9cembre 2010. \u00a0Florence and the Machine \u2013 Cosmic Love (short club mix)","rel":"","context":"Dans &quot;DPC&quot;","block_context":{"text":"DPC","link":"https:\/\/www.wallendorff.com\/belogue\/category\/dpc\/"},"img":{"alt_text":"","src":"https:\/\/i0.wp.com\/www.wallendorff.com\/belogue\/wp-content\/uploads\/2015\/04\/201101201.jpg?resize=350%2C200&ssl=1","width":350,"height":200},"classes":[]},{"id":10360,"url":"https:\/\/www.wallendorff.com\/belogue\/2010\/12\/06\/someone-i-used-to-know\/","url_meta":{"origin":900,"position":2},"title":"Someone I used to know.","author":"dpc","date":"6 d\u00e9cembre 2010","format":false,"excerpt":"Montigny-sur-Meuse, 5 d\u00e9cembre. Je ne me lasserai jamais de ces travers\u00e9es de champs de neige en TER avec le Postal Service. Jamais. The Postal Service \u2013 We Will Become Silhouettes","rel":"","context":"Dans &quot;DPC&quot;","block_context":{"text":"DPC","link":"https:\/\/www.wallendorff.com\/belogue\/category\/dpc\/"},"img":{"alt_text":"","src":"https:\/\/i0.wp.com\/www.wallendorff.com\/belogue\/wp-content\/uploads\/2015\/04\/201012061.jpg?resize=350%2C200&ssl=1","width":350,"height":200,"srcset":"https:\/\/i0.wp.com\/www.wallendorff.com\/belogue\/wp-content\/uploads\/2015\/04\/201012061.jpg?resize=350%2C200&ssl=1 1x, https:\/\/i0.wp.com\/www.wallendorff.com\/belogue\/wp-content\/uploads\/2015\/04\/201012061.jpg?resize=525%2C300&ssl=1 1.5x, https:\/\/i0.wp.com\/www.wallendorff.com\/belogue\/wp-content\/uploads\/2015\/04\/201012061.jpg?resize=700%2C400&ssl=1 2x"},"classes":[]},{"id":74,"url":"https:\/\/www.wallendorff.com\/belogue\/2005\/09\/05\/toux-chatte-oncques-eut\/","url_meta":{"origin":900,"position":3},"title":"Toux chatte oncques eut.","author":"dpc","date":"5 septembre 2005","format":false,"excerpt":"Ardenne, 3 septembre. Allez, joyeux lundi. \u00a0Sons & Daughters \u2014 Medicine","rel":"","context":"Dans &quot;DPC&quot;","block_context":{"text":"DPC","link":"https:\/\/www.wallendorff.com\/belogue\/category\/dpc\/"},"img":{"alt_text":"","src":"https:\/\/i0.wp.com\/www.wallendorff.com\/belogue\/wp-content\/uploads\/2015\/04\/200509051.jpg?resize=350%2C200&ssl=1","width":350,"height":200},"classes":[]},{"id":35561,"url":"https:\/\/www.wallendorff.com\/belogue\/2017\/08\/25\/le-cabaret-vert-2017-jour-1\/","url_meta":{"origin":900,"position":4},"title":"Le Cabaret Vert 2017, jour 1.","author":"dpc","date":"25 ao\u00fbt 2017","format":false,"excerpt":"","rel":"","context":"Dans &quot;Alive&quot;","block_context":{"text":"Alive","link":"https:\/\/www.wallendorff.com\/belogue\/category\/alive\/"},"img":{"alt_text":"","src":"https:\/\/i0.wp.com\/www.wallendorff.com\/belogue\/wp-content\/uploads\/2017\/08\/20170825-39.jpg?resize=350%2C200&ssl=1","width":350,"height":200,"srcset":"https:\/\/i0.wp.com\/www.wallendorff.com\/belogue\/wp-content\/uploads\/2017\/08\/20170825-39.jpg?resize=350%2C200&ssl=1 1x, https:\/\/i0.wp.com\/www.wallendorff.com\/belogue\/wp-content\/uploads\/2017\/08\/20170825-39.jpg?resize=525%2C300&ssl=1 1.5x, https:\/\/i0.wp.com\/www.wallendorff.com\/belogue\/wp-content\/uploads\/2017\/08\/20170825-39.jpg?resize=700%2C400&ssl=1 2x"},"classes":[]},{"id":13190,"url":"https:\/\/www.wallendorff.com\/belogue\/2011\/08\/31\/the-wombats-le-cabaret-vert-charleville-mezieres-26-aout\/","url_meta":{"origin":900,"position":5},"title":"The Wombats @ le Cabaret Vert, Charleville-M\u00e9zi\u00e8res, 26 ao\u00fbt.","author":"dpc","date":"31 ao\u00fbt 2011","format":false,"excerpt":"\u00a0The Wombats \u2013 1996 [youtube]http:\/\/www.youtube.com\/watch?v=m3ZwhfIG6cw[\/youtube]","rel":"","context":"Dans &quot;Alive&quot;","block_context":{"text":"Alive","link":"https:\/\/www.wallendorff.com\/belogue\/category\/alive\/"},"img":{"alt_text":"","src":"https:\/\/i0.wp.com\/www.wallendorff.com\/belogue\/wp-content\/uploads\/2015\/04\/201108311.jpg?resize=350%2C200&ssl=1","width":350,"height":200,"srcset":"https:\/\/i0.wp.com\/www.wallendorff.com\/belogue\/wp-content\/uploads\/2015\/04\/201108311.jpg?resize=350%2C200&ssl=1 1x, https:\/\/i0.wp.com\/www.wallendorff.com\/belogue\/wp-content\/uploads\/2015\/04\/201108311.jpg?resize=525%2C300&ssl=1 1.5x, https:\/\/i0.wp.com\/www.wallendorff.com\/belogue\/wp-content\/uploads\/2015\/04\/201108311.jpg?resize=700%2C400&ssl=1 2x"},"classes":[]}],"_links":{"self":[{"href":"https:\/\/www.wallendorff.com\/belogue\/wp-json\/wp\/v2\/posts\/900","targetHints":{"allow":["GET"]}}],"collection":[{"href":"https:\/\/www.wallendorff.com\/belogue\/wp-json\/wp\/v2\/posts"}],"about":[{"href":"https:\/\/www.wallendorff.com\/belogue\/wp-json\/wp\/v2\/types\/post"}],"author":[{"embeddable":true,"href":"https:\/\/www.wallendorff.com\/belogue\/wp-json\/wp\/v2\/users\/1"}],"replies":[{"embeddable":true,"href":"https:\/\/www.wallendorff.com\/belogue\/wp-json\/wp\/v2\/comments?post=900"}],"version-history":[{"count":1,"href":"https:\/\/www.wallendorff.com\/belogue\/wp-json\/wp\/v2\/posts\/900\/revisions"}],"predecessor-version":[{"id":15540,"href":"https:\/\/www.wallendorff.com\/belogue\/wp-json\/wp\/v2\/posts\/900\/revisions\/15540"}],"wp:featuredmedia":[{"embeddable":true,"href":"https:\/\/www.wallendorff.com\/belogue\/wp-json\/wp\/v2\/media\/24832"}],"wp:attachment":[{"href":"https:\/\/www.wallendorff.com\/belogue\/wp-json\/wp\/v2\/media?parent=900"}],"wp:term":[{"taxonomy":"category","embeddable":true,"href":"https:\/\/www.wallendorff.com\/belogue\/wp-json\/wp\/v2\/categories?post=900"},{"taxonomy":"post_tag","embeddable":true,"href":"https:\/\/www.wallendorff.com\/belogue\/wp-json\/wp\/v2\/tags?post=900"}],"curies":[{"name":"wp","href":"https:\/\/api.w.org\/{rel}","templated":true}]}}