{"id":9,"date":"2008-06-30T10:20:41","date_gmt":"2008-06-30T10:20:41","guid":{"rendered":"http:\/\/www.po-l.com\/wordpress\/?p=9"},"modified":"2013-05-23T12:29:54","modified_gmt":"2013-05-23T10:29:54","slug":"black-rebel-motorcycle-club-furia-sound-festival-cergy-pontoise-28-juin","status":"publish","type":"post","link":"https:\/\/www.wallendorff.com\/belogue\/2008\/06\/30\/black-rebel-motorcycle-club-furia-sound-festival-cergy-pontoise-28-juin\/","title":{"rendered":"Black Rebel Motorcycle Club @ Furia Sound Festival, Cergy-Pontoise, 28 juin."},"content":{"rendered":"<div id=\"photo\">\n<p><img decoding=\"async\" src=\"https:\/\/www.wallendorff.com\/belogue\/photo\/2008\/06\/20080630.jpg\" \/><\/p>\n<\/div>\n<p>Aaaaaaaah Blablabla <span class=\"gros\">plut&ocirc;t crever que de les louper<\/span> blablabla bla bla <span class=\"gros\">d&eacute;foncent tout<\/span> blablablabla <span class=\"gros\">trop bien<\/span> blablablablablablabla <span class=\"gros\">meilleur groupe du monde<\/span> <span class=\"petit\">(apr&egrave;s les White Stripes)<\/span> blablablabla blabla blablablabla <span class=\"gros\">vais me marier avec Peter Hayes<\/span> blablabla blablablabla <span class=\"gros\">Robert prends-moi grand fou<\/span> blablablablabla <span class=\"gros\">suis amoureux<\/span> blablablablablabla <span class=\"gros\"><em>Heart + Soul<\/em> dans mon top 5 de la vie<\/span><sup>1<\/sup>.<\/p>\n<div id=\"bandeson\">\n<p><img decoding=\"async\" src=\"https:\/\/www.wallendorff.com\/belogue\/photo\/pochettes\/b\/black_rebel_motorcycle_club-baby_81.jpg\"  \/>&nbsp;<a href=\"http:\/\/www.blackrebelmotorcycleclub.com\/\">Black Rebel Motorcycle Club<\/a> &ndash; <em>Weapon of Choice<\/em><\/p>\n<\/div>\n<h1>Bilan de la journ&eacute;e&nbsp;:<\/h1>\n<ul>\n<li>Nombre de folles bonnes pour l&rsquo;asile qui ont oubli&eacute; de prendre leurs m&eacute;dicaments et t&rsquo;accompagnent sur le chemin du festival&nbsp;: 1<\/li>\n<li> Nombre de lapins morts &agrave; l&rsquo;espace presse&nbsp;: 3<\/li>\n<li>Nombre de journalistes vivants &agrave; l&rsquo;espace presse&nbsp;: 1 <\/li>\n<li>Nombre de bi&egrave;res aval&eacute;es sur la journ&eacute;e&nbsp;: 3<sup>2<\/sup><\/li>\n<li>Nombre de morceaux-sans-flash moyen que la s&eacute;cu  laisse squatter les photographes en pied de sc&egrave;ne en plus des trois r&eacute;glementaires sur les 4 premiers concerts de la journ&eacute;e, en s&rsquo;excusant pardon monsieur de vous avoir bouscul&eacute;<sup>3<\/sup> avant que Robert Levon Been te regarde m&eacute;chamment<sup>4<\/sup> et que Tour Manager viennent virer tout le monde en vocif&eacute;rant que oui bon &ccedil;a suffit les conneries maintenant&nbsp;: 6,9. <\/li>\n<li>Ratio strings  \/ tomates  lanc&eacute;s aux BB Brunes&nbsp;: 1 \/ 3<\/li>\n<li>Nombre de bouteilles de flotte re&ccedil;ues du public&nbsp;: 1<\/li>\n<li>Nombre de bouteilles de flotte re&ccedil;ues de la sc&egrave;ne&nbsp;: 0,5<\/li>\n<li>Nombre de minutes de prolongations jou&eacute;es par le John Butler Trio&nbsp;: 38<\/li>\n<li>Nombre de solos de batterie interminables visant &agrave; emplir les minutes de prolongation du John Butler Trio&nbsp;: 2<\/li>\n<li>Nombre de hot-dogs vite ingurgit&eacute;s sur le coup de minuit parce que le rock n&rsquo;roll &ccedil;a creuse et qu&rsquo;il faut bien se r&eacute;conforter pendant les interminables solos de batterie du John Butler Trio&nbsp;: 1<\/li>\n<li>Courbatures aux lombaires parce qu&rsquo;on devient trop vieux pour ces conneries&nbsp;: 2 <\/li>\n<\/ul>\n<div id=\"bas_note\">\n<p>_____<\/p>\n<p> <sup>1<\/sup> Je la mets pas en bande-son parce que je le fais &agrave; chaque fois et qu&rsquo;il faut bien varier les plaisirs aussi et puis essayez de suivre un peu, elle est d&eacute;j&agrave; pass&eacute;e <a href=\"https:\/\/www.wallendorff.com\/belogue\/2007\/11\/21\/black-rebel-motorcycle-club-l-lyse-montmartre-paris\">ce jour-ci<\/a> et <a href=\"https:\/\/www.wallendorff.com\/belogue\/2005\/11\/03\/black-rebel-motorcycle-club-l-elysee-montmartre-paris\">cet autre jour-l&agrave;<\/a>.<\/p>\n<p><sup>2<\/sup> C&rsquo;est peu mais je faisais le Bob, aussi. <\/p>\n<p><sup>3<\/sup> La s&eacute;cu qui s&rsquo;excuse de t&rsquo;avoir bouscul&eacute;, normalement on voit &ccedil;a dans la <em>4<sup>e<\/sup> Dimension<\/em>. Ou les Bisounours.<\/p>\n<p><sup>4<\/sup> La photo vient plus tard.<\/p>\n<\/div>\n","protected":false},"excerpt":{"rendered":"<p>Aaaaaaaah Blablabla plut&ocirc;t crever que de les louper blablabla bla bla d&eacute;foncent tout blablablabla trop bien blablablablablablabla meilleur groupe du monde (apr&egrave;s les White Stripes) blablablabla blabla blablablabla vais me marier avec Peter Hayes blablabla blablablabla Robert prends-moi grand fou blablablablabla suis amoureux blablablablablabla Heart + Soul dans mon top 5 de la vie1. &nbsp;Black&hellip;<\/p>\n","protected":false},"author":1,"featured_media":23945,"comment_status":"open","ping_status":"open","sticky":false,"template":"","format":"standard","meta":{"_acf_changed":false,"ngg_post_thumbnail":0,"jetpack_post_was_ever_published":false,"_jetpack_newsletter_access":"","_jetpack_dont_email_post_to_subs":false,"_jetpack_newsletter_tier_id":0,"_jetpack_memberships_contains_paywalled_content":false,"_jetpack_memberships_contains_paid_content":false,"footnotes":"","jetpack_publicize_message":"","jetpack_publicize_feature_enabled":true,"jetpack_social_post_already_shared":false,"jetpack_social_options":{"image_generator_settings":{"template":"highway","default_image_id":0,"font":"","enabled":false},"version":2}},"categories":[7],"tags":[203,10084,4566,10118,10725,196,187,2473,10136,2472,1290,10407,948,1991],"class_list":["post-9","post","type-post","status-publish","format-standard","has-post-thumbnail","hentry","category-alive","tag-203","tag-alive","tag-baby-81","tag-black-rebel-motorcycle-club","tag-brmc","tag-ef-28-70-mm-f28l-usm","tag-eos-1d-mark-ii","tag-cergy-pontoise","tag-festival","tag-furia-sound-festival","tag-heart-soul","tag-silhouette","tag-val-doise","tag-weapon-of-choice"],"acf":[],"geo":{"latitude":49.0216904,"longitude":2.0461822,"description":null},"jetpack_publicize_connections":[],"jetpack_featured_media_url":"https:\/\/www.wallendorff.com\/belogue\/wp-content\/uploads\/2015\/04\/200806301.jpg","jetpack_shortlink":"https:\/\/wp.me\/p3b35P-9","jetpack_sharing_enabled":true,"jetpack-related-posts":[{"id":1268,"url":"https:\/\/www.wallendorff.com\/belogue\/2008\/07\/11\/furia-sound-festival-cergy-pontoise-28-juin\/","url_meta":{"origin":9,"position":0},"title":"Furia Sound Festival, Cergy-Pontoise, 28 juin.","author":"dpc","date":"11 juillet 2008","format":false,"excerpt":"Mademoiselle K, sc\u00e8ne 1, 18h00 The National, sc\u00e8ne 2, 19h00 Black Rebel Motorcycle Club, sc\u00e8ne 2, 20h50 BB Brunes, sc\u00e8ne 1, 21h40 The John Butler Trio, sc\u00e8ne 1, 23h40","rel":"","context":"Dans &quot;Alive&quot;","block_context":{"text":"Alive","link":"https:\/\/www.wallendorff.com\/belogue\/category\/alive\/"},"img":{"alt_text":"","src":"https:\/\/i0.wp.com\/www.wallendorff.com\/belogue\/wp-content\/uploads\/2015\/04\/200807111.jpg?resize=350%2C200&ssl=1","width":350,"height":200,"srcset":"https:\/\/i0.wp.com\/www.wallendorff.com\/belogue\/wp-content\/uploads\/2015\/04\/200807111.jpg?resize=350%2C200&ssl=1 1x, https:\/\/i0.wp.com\/www.wallendorff.com\/belogue\/wp-content\/uploads\/2015\/04\/200807111.jpg?resize=525%2C300&ssl=1 1.5x, https:\/\/i0.wp.com\/www.wallendorff.com\/belogue\/wp-content\/uploads\/2015\/04\/200807111.jpg?resize=700%2C400&ssl=1 2x"},"classes":[]},{"id":128393,"url":"https:\/\/www.wallendorff.com\/belogue\/2024\/06\/16\/cetait-2008\/","url_meta":{"origin":9,"position":1},"title":"C&rsquo;\u00e9tait 2008.","author":"dpc","date":"16 juin 2024","format":false,"excerpt":"2008, fin de cycles. KillerPilze @ le Trabendo, Paris, 12 janvier 2008. Linkin Park @ le Galaxie, Amn\u00e9ville, 17 janvier 2008. Paris, 27 janvier 2008. Mademoiselle K @ studios Jet, Bruxelles, 16 f\u00e9vrier 2008. Londres, 18 f\u00e9vrier 2008. Amsterdam, 2 avril 2008. Editors @ le Bataclan, Paris, 07 avril 2008\u2026","rel":"","context":"Dans &quot;DPC&quot;","block_context":{"text":"DPC","link":"https:\/\/www.wallendorff.com\/belogue\/category\/dpc\/"},"img":{"alt_text":"","src":"https:\/\/i0.wp.com\/www.wallendorff.com\/belogue\/wp-content\/uploads\/2024\/06\/20240616-04.jpg?resize=350%2C200&ssl=1","width":350,"height":200,"srcset":"https:\/\/i0.wp.com\/www.wallendorff.com\/belogue\/wp-content\/uploads\/2024\/06\/20240616-04.jpg?resize=350%2C200&ssl=1 1x, https:\/\/i0.wp.com\/www.wallendorff.com\/belogue\/wp-content\/uploads\/2024\/06\/20240616-04.jpg?resize=525%2C300&ssl=1 1.5x, https:\/\/i0.wp.com\/www.wallendorff.com\/belogue\/wp-content\/uploads\/2024\/06\/20240616-04.jpg?resize=700%2C400&ssl=1 2x, https:\/\/i0.wp.com\/www.wallendorff.com\/belogue\/wp-content\/uploads\/2024\/06\/20240616-04.jpg?resize=1050%2C600&ssl=1 3x"},"classes":[]},{"id":3721,"url":"https:\/\/www.wallendorff.com\/belogue\/2008\/12\/28\/2008en-3\/","url_meta":{"origin":9,"position":2},"title":"2008 en&#8230; #3.","author":"dpc","date":"28 d\u00e9cembre 2008","format":false,"excerpt":"La Maroquinerie, Paris, 28 mai. pr\u00e9sentent 2008 en 10 soir\u00e9es qui tachent grave je te dis pas Je crois en avoir parl\u00e9 comme il fallait d\u00e8s le lendemain du concert. Ce 27 mai, la meute de damn\u00e9s de Flogging Molly a pris la Maroquinerie, l'a retourn\u00e9e et l'a secou\u00e9e sans\u2026","rel":"","context":"Dans &quot;DPC&quot;","block_context":{"text":"DPC","link":"https:\/\/www.wallendorff.com\/belogue\/category\/dpc\/"},"img":{"alt_text":"","src":"https:\/\/i0.wp.com\/www.wallendorff.com\/belogue\/wp-content\/uploads\/2015\/04\/200812281.jpg?resize=350%2C200&ssl=1","width":350,"height":200},"classes":[]},{"id":23047,"url":"https:\/\/www.wallendorff.com\/belogue\/2014\/06\/25\/dix-ans-derriere-des-gens-et-a-cote-deux-aussi\/","url_meta":{"origin":9,"position":3},"title":"Dix ans derri\u00e8re des gens [et \u00e0 c\u00f4t\u00e9 d&rsquo;eux, aussi].","author":"dpc","date":"25 juin 2014","format":false,"excerpt":"[plus une statue.] Et l\u00e0 je vois d'avance deux ou trois petits malins venir me dire \u00ab\u00a0non mais dis donc, les photos mises en exergue des 10 ans d'autoportraits, des 10 ans de nuits, des 10 ans de cimeti\u00e8res et des 10 ans de filles-dans-des-ruelles-sombres-la-nuit-avec-un-lampadaire \u00e9taient d\u00e9j\u00e0 TOUTES des photos\u2026","rel":"","context":"Dans &quot;DPC&quot;","block_context":{"text":"DPC","link":"https:\/\/www.wallendorff.com\/belogue\/category\/dpc\/"},"img":{"alt_text":"","src":"https:\/\/i0.wp.com\/www.wallendorff.com\/belogue\/wp-content\/uploads\/2015\/04\/201202162.jpg?resize=350%2C200&ssl=1","width":350,"height":200,"srcset":"https:\/\/i0.wp.com\/www.wallendorff.com\/belogue\/wp-content\/uploads\/2015\/04\/201202162.jpg?resize=350%2C200&ssl=1 1x, https:\/\/i0.wp.com\/www.wallendorff.com\/belogue\/wp-content\/uploads\/2015\/04\/201202162.jpg?resize=525%2C300&ssl=1 1.5x, https:\/\/i0.wp.com\/www.wallendorff.com\/belogue\/wp-content\/uploads\/2015\/04\/201202162.jpg?resize=700%2C400&ssl=1 2x"},"classes":[]},{"id":1087,"url":"https:\/\/www.wallendorff.com\/belogue\/2007\/11\/21\/black-rebel-motorcycle-club-l-lyse-montmartre-paris\/","url_meta":{"origin":9,"position":4},"title":"Black Rebel Motorcycle Club @ l&rsquo;\u00c9lys\u00e9e-Montmartre, Paris.","author":"dpc","date":"21 novembre 2007","format":false,"excerpt":"Berlin | Weapon of Choice | Stop | All You Do Is Talk | Howl | 666 Conducer | Ain't No Easy Way | Spread Your Love | Red Eyes and Tears | Killing the Light | Mercy | Fault Line | Complicated Situation | Weight of the World |\u2026","rel":"","context":"Dans &quot;Alive&quot;","block_context":{"text":"Alive","link":"https:\/\/www.wallendorff.com\/belogue\/category\/alive\/"},"img":{"alt_text":"","src":"https:\/\/i0.wp.com\/www.wallendorff.com\/belogue\/wp-content\/uploads\/2015\/04\/20071121.jpg?resize=350%2C200&ssl=1","width":350,"height":200,"srcset":"https:\/\/i0.wp.com\/www.wallendorff.com\/belogue\/wp-content\/uploads\/2015\/04\/20071121.jpg?resize=350%2C200&ssl=1 1x, https:\/\/i0.wp.com\/www.wallendorff.com\/belogue\/wp-content\/uploads\/2015\/04\/20071121.jpg?resize=525%2C300&ssl=1 1.5x, https:\/\/i0.wp.com\/www.wallendorff.com\/belogue\/wp-content\/uploads\/2015\/04\/20071121.jpg?resize=700%2C400&ssl=1 2x"},"classes":[]},{"id":5470,"url":"https:\/\/www.wallendorff.com\/belogue\/2009\/12\/28\/en-3\/","url_meta":{"origin":9,"position":5},"title":"2009 en&#8230; #3.","author":"dpc","date":"28 d\u00e9cembre 2009","format":false,"excerpt":"Rock en Seine, Saint-Cloud, 28 ao\u00fbt. et pr\u00e9sentent 2009 en 10 concerts qui arrach\u00e8rent tout Hors concours\u00a0: Oasis, Rock en Seine, Saint-Cloud, 28 ao\u00fbt. Parce que forc\u00e9ment, quand je serai vieux, grabataire et que je sentirai le renferm\u00e9, la seule soir\u00e9e de 2009 dont je me souviendrai vraiment et gr\u00e2ce\u2026","rel":"","context":"Dans &quot;DPC&quot;","block_context":{"text":"DPC","link":"https:\/\/www.wallendorff.com\/belogue\/category\/dpc\/"},"img":{"alt_text":"","src":"https:\/\/i0.wp.com\/www.wallendorff.com\/belogue\/wp-content\/uploads\/2015\/04\/20090829-1991.jpg?resize=350%2C200&ssl=1","width":350,"height":200},"classes":[]}],"_links":{"self":[{"href":"https:\/\/www.wallendorff.com\/belogue\/wp-json\/wp\/v2\/posts\/9","targetHints":{"allow":["GET"]}}],"collection":[{"href":"https:\/\/www.wallendorff.com\/belogue\/wp-json\/wp\/v2\/posts"}],"about":[{"href":"https:\/\/www.wallendorff.com\/belogue\/wp-json\/wp\/v2\/types\/post"}],"author":[{"embeddable":true,"href":"https:\/\/www.wallendorff.com\/belogue\/wp-json\/wp\/v2\/users\/1"}],"replies":[{"embeddable":true,"href":"https:\/\/www.wallendorff.com\/belogue\/wp-json\/wp\/v2\/comments?post=9"}],"version-history":[{"count":5,"href":"https:\/\/www.wallendorff.com\/belogue\/wp-json\/wp\/v2\/posts\/9\/revisions"}],"predecessor-version":[{"id":21002,"href":"https:\/\/www.wallendorff.com\/belogue\/wp-json\/wp\/v2\/posts\/9\/revisions\/21002"}],"wp:featuredmedia":[{"embeddable":true,"href":"https:\/\/www.wallendorff.com\/belogue\/wp-json\/wp\/v2\/media\/23945"}],"wp:attachment":[{"href":"https:\/\/www.wallendorff.com\/belogue\/wp-json\/wp\/v2\/media?parent=9"}],"wp:term":[{"taxonomy":"category","embeddable":true,"href":"https:\/\/www.wallendorff.com\/belogue\/wp-json\/wp\/v2\/categories?post=9"},{"taxonomy":"post_tag","embeddable":true,"href":"https:\/\/www.wallendorff.com\/belogue\/wp-json\/wp\/v2\/tags?post=9"}],"curies":[{"name":"wp","href":"https:\/\/api.w.org\/{rel}","templated":true}]}}