{"id":899,"date":"2007-02-17T10:07:53","date_gmt":"2007-02-17T10:07:53","guid":{"rendered":"http:\/\/www.po-l.com\/wordpress\/?p=899"},"modified":"2012-09-25T14:19:18","modified_gmt":"2012-09-25T12:19:18","slug":"elista-la-fleche-d-or-paris","status":"publish","type":"post","link":"https:\/\/www.wallendorff.com\/belogue\/2007\/02\/17\/elista-la-fleche-d-or-paris\/","title":{"rendered":"Elista @ la Fl\u00e8che d&rsquo;Or, Paris."},"content":{"rendered":"\n<div id=\"photo\">\n<p><img decoding=\"async\" src=\"https:\/\/www.wallendorff.com\/belogue\/photo\/2007\/02\/20070217.jpg\" \/><\/p>\n<\/p><\/div>\n<p>Le m&ecirc;me que la <a href=\"https:\/\/www.wallendorff.com\/belogue\/2006\/12\/20\/elista-la-boule-noire-paris\">derni&egrave;re fois<\/a>, mais avec un m&eacute;chant final de batterie sur <em>Derri&egrave;re elle<\/em>, des pogos un peu partout [c&rsquo;est bien la premi&egrave;re fois que j&rsquo;en vois pogoter sur Elista, tiens] et un featuring breton m&eacute;morable [et houblonn&eacute;] sur <em>Debout<\/em>. Le concert &eacute;tait enregistr&eacute; par <a href=\"http:\/\/www.radioneo.org\">Radio N&eacute;o<\/a>, en revanche j&rsquo;ai aucune id&eacute;e de quand qu&rsquo;ils vont le diffuser. Mais &eacute;coutez <a href=\"http:\/\/www.myspace.com\/elistamusic\">Elista<\/a>, &ccedil;a rend intelligent, beau, &ccedil;a rend l&rsquo;haleine fra&icirc;che et &ccedil;a &eacute;loigne le mauvais &oelig;il.<\/p>\n<div id=\"bandeson\">\n<p><img decoding=\"async\" src=\"https:\/\/www.wallendorff.com\/belogue\/photo\/pochettes\/e\/elista-la_folie_douce.jpg\" align=\"left\" \/>&nbsp;<a href=\"http:\/\/www.elistamusique.com\/\">Elista<\/a> &ndash; <em>D&egrave;s le d&eacute;part, d&egrave;s le d&eacute;but<\/em><\/p>\n<\/div>\n","protected":false},"excerpt":{"rendered":"<p>Le m&ecirc;me que la derni&egrave;re fois, mais avec un m&eacute;chant final de batterie sur Derri&egrave;re elle, des pogos un peu partout [c&rsquo;est bien la premi&egrave;re fois que j&rsquo;en vois pogoter sur Elista, tiens] et un featuring breton m&eacute;morable [et houblonn&eacute;] sur Debout. Le concert &eacute;tait enregistr&eacute; par Radio N&eacute;o, en revanche j&rsquo;ai aucune id&eacute;e de&hellip;<\/p>\n","protected":false},"author":1,"featured_media":24831,"comment_status":"open","ping_status":"open","sticky":false,"template":"","format":"standard","meta":{"_acf_changed":false,"ngg_post_thumbnail":0,"jetpack_post_was_ever_published":false,"_jetpack_newsletter_access":"","_jetpack_dont_email_post_to_subs":false,"_jetpack_newsletter_tier_id":0,"_jetpack_memberships_contains_paywalled_content":false,"_jetpack_memberships_contains_paid_content":false,"footnotes":"","jetpack_publicize_message":"","jetpack_publicize_feature_enabled":true,"jetpack_social_post_already_shared":false,"jetpack_social_options":{"image_generator_settings":{"template":"highway","default_image_id":0,"font":"","enabled":false},"version":2}},"categories":[7],"tags":[10134,10216,10084,1438,132,1808,10163,10120,10121,10374,143,10098],"class_list":["post-899","post","type-post","status-publish","format-standard","has-post-thumbnail","hentry","category-alive","tag-10134","tag-10216","tag-alive","tag-ef-50-mm-f14-usm","tag-eos-20d","tag-des-le-depart-des-le-debut","tag-elista","tag-france","tag-ile-de-france","tag-la-fleche-dor","tag-noir-et-blanc","tag-paris"],"acf":[],"geo":{"latitude":48.8594246,"longitude":2.4029884,"description":"94-104 Rue de Bagnolet, 75020 Paris, France"},"jetpack_publicize_connections":[],"jetpack_featured_media_url":"https:\/\/www.wallendorff.com\/belogue\/wp-content\/uploads\/2015\/04\/200702171.jpg","jetpack_shortlink":"https:\/\/wp.me\/p3b35P-ev","jetpack_sharing_enabled":true,"jetpack-related-posts":[{"id":10610,"url":"https:\/\/www.wallendorff.com\/belogue\/2010\/12\/12\/elista-la-fleche-dor-paris-10-decembre\/","url_meta":{"origin":899,"position":0},"title":"Elista @ la Fl\u00e8che d&rsquo;Or, Paris, 10 d\u00e9cembre.","author":"dpc","date":"12 d\u00e9cembre 2010","format":false,"excerpt":"De retour trois ans apr\u00e8s. Nouvel album, L'Amour, la guerre et l'imb\u00e9cile, le 24 janvier. Plus d'infos sur LeurEspace. Mumford & Sons\u2013 Little Lion Man (live Shepherd's Bush Empire)","rel":"","context":"Dans &quot;Alive&quot;","block_context":{"text":"Alive","link":"https:\/\/www.wallendorff.com\/belogue\/category\/alive\/"},"img":{"alt_text":"","src":"https:\/\/i0.wp.com\/www.wallendorff.com\/belogue\/wp-content\/uploads\/2015\/04\/201012121.jpg?resize=350%2C200&ssl=1","width":350,"height":200,"srcset":"https:\/\/i0.wp.com\/www.wallendorff.com\/belogue\/wp-content\/uploads\/2015\/04\/201012121.jpg?resize=350%2C200&ssl=1 1x, https:\/\/i0.wp.com\/www.wallendorff.com\/belogue\/wp-content\/uploads\/2015\/04\/201012121.jpg?resize=525%2C300&ssl=1 1.5x, https:\/\/i0.wp.com\/www.wallendorff.com\/belogue\/wp-content\/uploads\/2015\/04\/201012121.jpg?resize=700%2C400&ssl=1 2x"},"classes":[]},{"id":855,"url":"https:\/\/www.wallendorff.com\/belogue\/2006\/12\/20\/elista-la-boule-noire-paris\/","url_meta":{"origin":899,"position":1},"title":"Elista @ la Boule Noire, Paris.","author":"dpc","date":"20 d\u00e9cembre 2006","format":false,"excerpt":"Finir dans les journaux r\u00e9veill\u00e9, La folie douce tendu, Mon ivresse (\u00c0 l'autoroute A3) survolt\u00e9... Si le c\u00f4t\u00e9 rock aiguis\u00e9 du deuxi\u00e8me album s\u00e9duisait sur disque, il arrache tout en live. Elista s'\u00e9nerve, enrage et \u00e9lectrise m\u00eame ses anciennes compos (La vie \u00e0 deux, D\u00e9\u00e7us du paradis). On passa par\u2026","rel":"","context":"Dans &quot;Alive&quot;","block_context":{"text":"Alive","link":"https:\/\/www.wallendorff.com\/belogue\/category\/alive\/"},"img":{"alt_text":"","src":"https:\/\/i0.wp.com\/www.wallendorff.com\/belogue\/wp-content\/uploads\/2015\/04\/200612201.jpg?resize=350%2C200&ssl=1","width":350,"height":200},"classes":[]},{"id":814,"url":"https:\/\/www.wallendorff.com\/belogue\/2006\/10\/26\/elista-le-bataclan-paris\/","url_meta":{"origin":899,"position":2},"title":"Elista @ Le Bataclan, Paris.","author":"dpc","date":"26 octobre 2006","format":false,"excerpt":"Ils ont s\u00e9duit en premi\u00e8re partie de The Servant hier soir, ils sont sympas, ils ont fait un chouette album y a trois ans et un encore plus chouette y a trois jours et je vous les conseille parce que pour une fois qu'un groupe fran\u00e7ais est bien, hein, profitons-en.\u2026","rel":"","context":"Dans &quot;Alive&quot;","block_context":{"text":"Alive","link":"https:\/\/www.wallendorff.com\/belogue\/category\/alive\/"},"img":{"alt_text":"","src":"https:\/\/i0.wp.com\/www.wallendorff.com\/belogue\/wp-content\/uploads\/2015\/04\/200610261.jpg?resize=350%2C200&ssl=1","width":350,"height":200},"classes":[]},{"id":3404,"url":"https:\/\/www.wallendorff.com\/belogue\/2008\/09\/08\/lit-lit-lit\/","url_meta":{"origin":899,"position":3},"title":"Lit lit lit.","author":"dpc","date":"8 septembre 2008","format":false,"excerpt":"Cour carr\u00e9e du Louvre, Paris, 6 ao\u00fbt. The Veils \u2013 Drive (R.E.M. cover) \u2013 (Drive XV) C'est quand m\u00eame chouette de faire dans le dynamique motivant d\u00e8s le lundi matin.","rel":"","context":"Dans &quot;DPC&quot;","block_context":{"text":"DPC","link":"https:\/\/www.wallendorff.com\/belogue\/category\/dpc\/"},"img":{"alt_text":"","src":"https:\/\/i0.wp.com\/www.wallendorff.com\/belogue\/wp-content\/uploads\/2015\/04\/200809081.jpg?resize=350%2C200&ssl=1","width":350,"height":200},"classes":[]},{"id":12469,"url":"https:\/\/www.wallendorff.com\/belogue\/2011\/03\/23\/elista-salon-du-livre-paris-19-mars\/","url_meta":{"origin":899,"position":4},"title":"Elista @ Salon du Livre, Paris, 19 mars.","author":"dpc","date":"23 mars 2011","format":false,"excerpt":"On va \u00e9viter d'\u00e9voquer \u00e7a pour l'instant. J'y suis all\u00e9 sans pr\u00e9voir de faire de photo et finalement en voil\u00e0 quatre, prises de mon si\u00e8ge. Pas pu m'emp\u00eacher. C'\u00e9tait plus fort que moi. Pardon. Maps & Atlases \u2013 Living Decorations","rel":"","context":"Dans &quot;Alive&quot;","block_context":{"text":"Alive","link":"https:\/\/www.wallendorff.com\/belogue\/category\/alive\/"},"img":{"alt_text":"","src":"https:\/\/i0.wp.com\/www.wallendorff.com\/belogue\/wp-content\/uploads\/2015\/04\/201103231.jpg?resize=350%2C200&ssl=1","width":350,"height":200,"srcset":"https:\/\/i0.wp.com\/www.wallendorff.com\/belogue\/wp-content\/uploads\/2015\/04\/201103231.jpg?resize=350%2C200&ssl=1 1x, https:\/\/i0.wp.com\/www.wallendorff.com\/belogue\/wp-content\/uploads\/2015\/04\/201103231.jpg?resize=525%2C300&ssl=1 1.5x, https:\/\/i0.wp.com\/www.wallendorff.com\/belogue\/wp-content\/uploads\/2015\/04\/201103231.jpg?resize=700%2C400&ssl=1 2x"},"classes":[]},{"id":969,"url":"https:\/\/www.wallendorff.com\/belogue\/2007\/06\/05\/elista-la-maroquinerie-paris\/","url_meta":{"origin":899,"position":5},"title":"Elista @ la Maroquinerie, Paris.","author":"dpc","date":"5 juin 2007","format":false,"excerpt":"Et happy 200, yeah. \u00a0Black Rebel Motorcycle Club \u2013 The Hardest Button to Button (The White Stripes cover) (live Reading 2003)","rel":"","context":"Dans &quot;Alive&quot;","block_context":{"text":"Alive","link":"https:\/\/www.wallendorff.com\/belogue\/category\/alive\/"},"img":{"alt_text":"","src":"https:\/\/i0.wp.com\/www.wallendorff.com\/belogue\/wp-content\/uploads\/2015\/04\/200706051.jpg?resize=350%2C200&ssl=1","width":350,"height":200,"srcset":"https:\/\/i0.wp.com\/www.wallendorff.com\/belogue\/wp-content\/uploads\/2015\/04\/200706051.jpg?resize=350%2C200&ssl=1 1x, https:\/\/i0.wp.com\/www.wallendorff.com\/belogue\/wp-content\/uploads\/2015\/04\/200706051.jpg?resize=525%2C300&ssl=1 1.5x, https:\/\/i0.wp.com\/www.wallendorff.com\/belogue\/wp-content\/uploads\/2015\/04\/200706051.jpg?resize=700%2C400&ssl=1 2x"},"classes":[]}],"_links":{"self":[{"href":"https:\/\/www.wallendorff.com\/belogue\/wp-json\/wp\/v2\/posts\/899","targetHints":{"allow":["GET"]}}],"collection":[{"href":"https:\/\/www.wallendorff.com\/belogue\/wp-json\/wp\/v2\/posts"}],"about":[{"href":"https:\/\/www.wallendorff.com\/belogue\/wp-json\/wp\/v2\/types\/post"}],"author":[{"embeddable":true,"href":"https:\/\/www.wallendorff.com\/belogue\/wp-json\/wp\/v2\/users\/1"}],"replies":[{"embeddable":true,"href":"https:\/\/www.wallendorff.com\/belogue\/wp-json\/wp\/v2\/comments?post=899"}],"version-history":[{"count":4,"href":"https:\/\/www.wallendorff.com\/belogue\/wp-json\/wp\/v2\/posts\/899\/revisions"}],"predecessor-version":[{"id":19083,"href":"https:\/\/www.wallendorff.com\/belogue\/wp-json\/wp\/v2\/posts\/899\/revisions\/19083"}],"wp:featuredmedia":[{"embeddable":true,"href":"https:\/\/www.wallendorff.com\/belogue\/wp-json\/wp\/v2\/media\/24831"}],"wp:attachment":[{"href":"https:\/\/www.wallendorff.com\/belogue\/wp-json\/wp\/v2\/media?parent=899"}],"wp:term":[{"taxonomy":"category","embeddable":true,"href":"https:\/\/www.wallendorff.com\/belogue\/wp-json\/wp\/v2\/categories?post=899"},{"taxonomy":"post_tag","embeddable":true,"href":"https:\/\/www.wallendorff.com\/belogue\/wp-json\/wp\/v2\/tags?post=899"}],"curies":[{"name":"wp","href":"https:\/\/api.w.org\/{rel}","templated":true}]}}