{"id":8914,"date":"2010-09-13T11:33:33","date_gmt":"2010-09-13T09:33:33","guid":{"rendered":"http:\/\/www.po-l.com\/belogue\/?p=8914"},"modified":"2012-06-25T09:50:38","modified_gmt":"2012-06-25T07:50:38","slug":"menhir-montant","status":"publish","type":"post","link":"https:\/\/www.wallendorff.com\/belogue\/2010\/09\/13\/menhir-montant\/","title":{"rendered":"Menhir montant."},"content":{"rendered":"\n<div id=\"photo\">\n<p><img decoding=\"async\" src=\"https:\/\/www.wallendorff.com\/belogue\/photo\/2010\/09\/20100913.jpg\" \/><br \/>\nBaie des Tr&eacute;pass&eacute;s, 24 juillet.<\/p>\n<\/p><\/div>\n<p>Bon je triche un peu. La vraie baie, celle avec la plage, celle qui, <em>selon une croyance bretonne, durant la nuit de No&euml;l, [&#8230;] r&eacute;sonnerait des chants des &acirc;mes en peine qui sont ballot&eacute;es sur le bateau des morts<\/em><sup>1<\/sup> se situe plus sur la droite. L&agrave; il s&rsquo;agit plut&ocirc;t de la pointe du Van, au fond, o&ugrave; fut invent&eacute;e la nage brass&eacute;e [brass&eacute;e du Van. Ahah.]. Mais c&rsquo;est un joli nom, baie des tr&eacute;pass&eacute;s, alors voil&agrave;.<\/p>\n<p style=\"text-align:right\">Oui oui tout &ccedil;a est passionnant.<\/p>\n<div id=\"bandeson\">\n<p><img decoding=\"async\" src=\"https:\/\/www.wallendorff.com\/belogue\/photo\/pochettes\/y\/yoav-a_foolproof_escape_plan.jpg\" align=\"left\" \/>&nbsp;<a href=\"http:\/\/www.yoavmusic.com\">Yoav<\/a> &ndash; <em>Yellowbright Smile<\/em><\/p>\n<\/p><\/div>\n<p>_____<\/p>\n<div id=\"bas_note\">\n<p><sup>1<\/sup> Extrait d&rsquo;un vieux grimoire du XXI<sup>e<\/sup> si&egrave;cle disponible <a href=\"http:\/\/fr.wikipedia.org\/wiki\/Baie_des_tr&eacute;pass&eacute;s\">ici<\/a>.<\/p>\n<\/div>\n","protected":false},"excerpt":{"rendered":"<p>Baie des Tr&eacute;pass&eacute;s, 24 juillet. Bon je triche un peu. La vraie baie, celle avec la plage, celle qui, selon une croyance bretonne, durant la nuit de No&euml;l, [&#8230;] r&eacute;sonnerait des chants des &acirc;mes en peine qui sont ballot&eacute;es sur le bateau des morts1 se situe plus sur la droite. L&agrave; il s&rsquo;agit plut&ocirc;t de&hellip;<\/p>\n","protected":false},"author":1,"featured_media":25895,"comment_status":"open","ping_status":"open","sticky":false,"template":"","format":"standard","meta":{"_acf_changed":false,"ngg_post_thumbnail":0,"jetpack_post_was_ever_published":false,"_jetpack_newsletter_access":"","_jetpack_dont_email_post_to_subs":false,"_jetpack_newsletter_tier_id":0,"_jetpack_memberships_contains_paywalled_content":false,"_jetpack_memberships_contains_paid_content":false,"footnotes":"","jetpack_publicize_message":"","jetpack_publicize_feature_enabled":true,"jetpack_social_post_already_shared":false,"jetpack_social_options":{"image_generator_settings":{"template":"highway","default_image_id":0,"font":"","enabled":false},"version":2}},"categories":[3],"tags":[4197,10791,2615,10484,4157,10120,10483,4163,4178,4176,4177,4166,170,4199,10797],"class_list":["post-8914","post","type-post","status-publish","format-standard","has-post-thumbnail","hentry","category-dpc","tag-baie-des-trepasses","tag-bretagne","tag-eos-5d-mark-ii","tag-eau","tag-finistere","tag-france","tag-mer","tag-ocean-atlantique","tag-plogoff","tag-pointe-du-raz","tag-pointe-du-van","tag-rocher","tag-sigma-70-300-mm-f4-56-dg-apo-macro","tag-yellowbright-smile","tag-yoav"],"acf":[],"geo":{"latitude":48.0407333,"longitude":-4.7349572,"description":"Pointe du Raz, 29770 Plogoff, France"},"jetpack_publicize_connections":[],"jetpack_featured_media_url":"https:\/\/www.wallendorff.com\/belogue\/wp-content\/uploads\/2015\/04\/201009131.jpg","jetpack_shortlink":"https:\/\/wp.me\/p3b35P-2jM","jetpack_sharing_enabled":true,"jetpack-related-posts":[{"id":126512,"url":"https:\/\/www.wallendorff.com\/belogue\/2023\/10\/31\/je-me-souviens-v-tadoussac-montreal\/","url_meta":{"origin":8914,"position":0},"title":"Je me souviens [V] : Tadoussac \u2013 Montr\u00e9al,","author":"dpc","date":"31 octobre 2023","format":false,"excerpt":"","rel":"","context":"Dans &quot;DPC&quot;","block_context":{"text":"DPC","link":"https:\/\/www.wallendorff.com\/belogue\/category\/dpc\/"},"img":{"alt_text":"","src":"https:\/\/i0.wp.com\/www.wallendorff.com\/belogue\/wp-content\/uploads\/2023\/10\/20231031-24.jpg?resize=350%2C200&ssl=1","width":350,"height":200,"srcset":"https:\/\/i0.wp.com\/www.wallendorff.com\/belogue\/wp-content\/uploads\/2023\/10\/20231031-24.jpg?resize=350%2C200&ssl=1 1x, https:\/\/i0.wp.com\/www.wallendorff.com\/belogue\/wp-content\/uploads\/2023\/10\/20231031-24.jpg?resize=525%2C300&ssl=1 1.5x, https:\/\/i0.wp.com\/www.wallendorff.com\/belogue\/wp-content\/uploads\/2023\/10\/20231031-24.jpg?resize=700%2C400&ssl=1 2x, https:\/\/i0.wp.com\/www.wallendorff.com\/belogue\/wp-content\/uploads\/2023\/10\/20231031-24.jpg?resize=1050%2C600&ssl=1 3x"},"classes":[]},{"id":11184,"url":"https:\/\/www.wallendorff.com\/belogue\/2011\/01\/02\/bouee-de-vingt-scenes\/","url_meta":{"origin":8914,"position":1},"title":"Bou\u00e9e de vingt sc\u00e8nes.","author":"dpc","date":"2 janvier 2011","format":false,"excerpt":"\u00ab\u00a0Cette bou\u00e9e a sauv\u00e9 des vies.\u00a0\u00bb Pointe de la Torche, 2 novembre 2010. The Decemberists \u2013 January Hymn","rel":"","context":"Dans &quot;DPC&quot;","block_context":{"text":"DPC","link":"https:\/\/www.wallendorff.com\/belogue\/category\/dpc\/"},"img":{"alt_text":"","src":"https:\/\/i0.wp.com\/www.wallendorff.com\/belogue\/wp-content\/uploads\/2015\/04\/201101021.jpg?resize=350%2C200&ssl=1","width":350,"height":200},"classes":[]},{"id":10977,"url":"https:\/\/www.wallendorff.com\/belogue\/2010\/12\/22\/lamer-con-voit-dents-scelle-londe-decolle-feu-clair\/","url_meta":{"origin":8914,"position":2},"title":"L&rsquo;amer con voit dents ; Scelle l&rsquo;onde, d\u00e9colle feu clair.","author":"dpc","date":"22 d\u00e9cembre 2010","format":false,"excerpt":"Pointe de Pen-Hir, 1er novembre. Yoav \u2013 Easy Chair","rel":"","context":"Dans &quot;DPC&quot;","block_context":{"text":"DPC","link":"https:\/\/www.wallendorff.com\/belogue\/category\/dpc\/"},"img":{"alt_text":"","src":"https:\/\/i0.wp.com\/www.wallendorff.com\/belogue\/wp-content\/uploads\/2015\/04\/201012221.jpg?resize=350%2C200&ssl=1","width":350,"height":200},"classes":[]},{"id":28272,"url":"https:\/\/www.wallendorff.com\/belogue\/2015\/07\/16\/la-colline-a-des-cieux\/","url_meta":{"origin":8914,"position":3},"title":"La colline a des cieux.","author":"dpc","date":"16 juillet 2015","format":false,"excerpt":"Baie du Mont-Saint-Michel, 12 avril. Waiting for the Night Depeche Mode","rel":"","context":"Dans &quot;DPC&quot;","block_context":{"text":"DPC","link":"https:\/\/www.wallendorff.com\/belogue\/category\/dpc\/"},"img":{"alt_text":"","src":"https:\/\/i0.wp.com\/www.wallendorff.com\/belogue\/wp-content\/uploads\/2015\/07\/20150716.jpg?resize=350%2C200&ssl=1","width":350,"height":200,"srcset":"https:\/\/i0.wp.com\/www.wallendorff.com\/belogue\/wp-content\/uploads\/2015\/07\/20150716.jpg?resize=350%2C200&ssl=1 1x, https:\/\/i0.wp.com\/www.wallendorff.com\/belogue\/wp-content\/uploads\/2015\/07\/20150716.jpg?resize=525%2C300&ssl=1 1.5x, https:\/\/i0.wp.com\/www.wallendorff.com\/belogue\/wp-content\/uploads\/2015\/07\/20150716.jpg?resize=700%2C400&ssl=1 2x, https:\/\/i0.wp.com\/www.wallendorff.com\/belogue\/wp-content\/uploads\/2015\/07\/20150716.jpg?resize=1050%2C600&ssl=1 3x"},"classes":[]},{"id":15716,"url":"https:\/\/www.wallendorff.com\/belogue\/2012\/02\/03\/by-lamplight\/","url_meta":{"origin":8914,"position":4},"title":"By lamplight.","author":"dpc","date":"3 f\u00e9vrier 2012","format":false,"excerpt":"Landmark London, Londres, 15 d\u00e9cembre 2011. \u00c0 CE SOIR. Et sinon j'ai constat\u00e9 hier que presqu'un an apr\u00e8s la sortie de Medium Rare des Foo Fighters, personne n'a encore mis le doigt sur le plagiat de sa pochette grossi\u00e8rement repomp\u00e9e sur celle d'un des lives que vend\u00e8rent les Raconteurs durant\u2026","rel":"","context":"Dans &quot;DPC&quot;","block_context":{"text":"DPC","link":"https:\/\/www.wallendorff.com\/belogue\/category\/dpc\/"},"img":{"alt_text":"","src":"https:\/\/i0.wp.com\/www.wallendorff.com\/belogue\/wp-content\/uploads\/2015\/04\/201202031.jpg?resize=350%2C200&ssl=1","width":350,"height":200},"classes":[]},{"id":8766,"url":"https:\/\/www.wallendorff.com\/belogue\/2010\/09\/08\/raz-vire-a-van-rave-hein\/","url_meta":{"origin":8914,"position":5},"title":"Raz vire \u00e0 Van rave, hein.","author":"dpc","date":"8 septembre 2010","format":false,"excerpt":"Pointe du Raz, 24 juillet. Ou pointe du Van aussi. Le probl\u00e8me avec les t\u00e9l\u00e9objectifs qui zoument loin loin c'est que vient un moment o\u00f9 l'on se trouve avec une telle distance entre le l\u00e0 o\u00f9 vont les yeux et le l\u00e0 o\u00f9 restent les pieds que l'on ne sait\u2026","rel":"","context":"Dans &quot;DPC&quot;","block_context":{"text":"DPC","link":"https:\/\/www.wallendorff.com\/belogue\/category\/dpc\/"},"img":{"alt_text":"","src":"https:\/\/i0.wp.com\/www.wallendorff.com\/belogue\/wp-content\/uploads\/2015\/04\/201009081.jpg?resize=350%2C200&ssl=1","width":350,"height":200},"classes":[]}],"_links":{"self":[{"href":"https:\/\/www.wallendorff.com\/belogue\/wp-json\/wp\/v2\/posts\/8914","targetHints":{"allow":["GET"]}}],"collection":[{"href":"https:\/\/www.wallendorff.com\/belogue\/wp-json\/wp\/v2\/posts"}],"about":[{"href":"https:\/\/www.wallendorff.com\/belogue\/wp-json\/wp\/v2\/types\/post"}],"author":[{"embeddable":true,"href":"https:\/\/www.wallendorff.com\/belogue\/wp-json\/wp\/v2\/users\/1"}],"replies":[{"embeddable":true,"href":"https:\/\/www.wallendorff.com\/belogue\/wp-json\/wp\/v2\/comments?post=8914"}],"version-history":[{"count":1,"href":"https:\/\/www.wallendorff.com\/belogue\/wp-json\/wp\/v2\/posts\/8914\/revisions"}],"predecessor-version":[{"id":17899,"href":"https:\/\/www.wallendorff.com\/belogue\/wp-json\/wp\/v2\/posts\/8914\/revisions\/17899"}],"wp:featuredmedia":[{"embeddable":true,"href":"https:\/\/www.wallendorff.com\/belogue\/wp-json\/wp\/v2\/media\/25895"}],"wp:attachment":[{"href":"https:\/\/www.wallendorff.com\/belogue\/wp-json\/wp\/v2\/media?parent=8914"}],"wp:term":[{"taxonomy":"category","embeddable":true,"href":"https:\/\/www.wallendorff.com\/belogue\/wp-json\/wp\/v2\/categories?post=8914"},{"taxonomy":"post_tag","embeddable":true,"href":"https:\/\/www.wallendorff.com\/belogue\/wp-json\/wp\/v2\/tags?post=8914"}],"curies":[{"name":"wp","href":"https:\/\/api.w.org\/{rel}","templated":true}]}}