{"id":8904,"date":"2010-09-12T14:21:06","date_gmt":"2010-09-12T12:21:06","guid":{"rendered":"http:\/\/www.po-l.com\/belogue\/?p=8904"},"modified":"2018-05-23T08:15:55","modified_gmt":"2018-05-23T06:15:55","slug":"isobel-campbell-mark-lanegan-damien-jurado-willy-mason-le-cafe-de-la-danse-paris","status":"publish","type":"post","link":"https:\/\/www.wallendorff.com\/belogue\/2010\/09\/12\/isobel-campbell-mark-lanegan-damien-jurado-willy-mason-le-cafe-de-la-danse-paris\/","title":{"rendered":"Isobel Campbell &#038; Mark Lanegan + Damien Jurado + Willy Mason @ le Caf\u00e9 de la Danse, Paris."},"content":{"rendered":"\n<div id=\"photo\">\n<p><img decoding=\"async\" src=\"https:\/\/www.wallendorff.com\/belogue\/photo\/2010\/09\/20100912.jpg\" \/><\/p>\n<\/p><\/div>\n<p>La formule a &eacute;volu&eacute; en deux ans. C&rsquo;est une bonne chose, d&rsquo;ailleurs, quand on consid&egrave;re ce <em>Sunday at Devil&rsquo;s Dirt<\/em> qui, en 2008, laissait un arri&egrave;re-go&ucirc;t de redite pas vraiment &agrave; la hauteur de <em>Ballads of the Broken Seas<\/em>. Sur <em>Hawk<\/em>, Campbell et Lanegan ont vari&eacute; les plaisirs, invitant du monde, se faisant deux reprises, se laissant ici ou l&agrave; l&rsquo;exclusivit&eacute; des vocaux. La transposition sur sc&egrave;ne de cet assemblage h&eacute;t&eacute;roclite rend l&rsquo;ensemble plus &eacute;nergique que par le pass&eacute;, gommant les temps morts, gardant la salle captiv&eacute;e. La relation Campbell-Lanegan, m&ecirc;me, semble avoir &eacute;volu&eacute;, gagn&eacute; en complicit&eacute;. L&rsquo;homme joue toujours les ours autistes mais se montre plus souriant, les yeux riv&eacute;s sur sa partenaire, compl&egrave;tement domin&eacute; mais ne demandant pas mieux. Parce que la chef de la bande &#8213;&nbsp;avec l&rsquo;arriv&eacute;e de Willy Mason &agrave; la place de Lanegan sur deux titres, c&rsquo;est encore plus flagrant&nbsp;&#8213;, &ccedil;a reste Campbell. Lanegan est l&agrave; pour faire joli. Ou moins joli, justement, puisque c&rsquo;est gr&acirc;ce &agrave; sa voix goudronn&eacute;e emp&ecirc;chant celle plus neigeuse de Campbell de s&rsquo;envoler que l&rsquo;&eacute;difice tient debout. Lanegan, c&rsquo;est le cul de plomb sauve Isobel le canard en plastique du chavirage dans un oc&eacute;an de glucose. Le goudron sur les sabots de la licorne. Mais on s&rsquo;&eacute;gare, encore.<\/p>\n<p>Retenons simplement que ce Caf&eacute; de la Danse fut convaincant&nbsp;: meilleure ambiance et aussi meilleure interaction, culminant avec ce fou rire g&eacute;n&eacute;ral quand Campbell et Lanegan se plantent au milieu de <em>(Do You Wanna) Walk with Me?<\/em>, exactement comme <a href=\"https:\/\/www.wallendorff.com\/belogue\/2008\/12\/04\/isobel-campbell-mark-lanegan-le-trabendo-paris\/\">il y a (d&eacute;j&agrave;) deux ans<\/a>. Tout va mieux en restant identique, c&rsquo;est beau. Pourvuxadure.<\/p>\n<div id=\"bandeson\">\n<p><img decoding=\"async\" src=\"https:\/\/www.wallendorff.com\/belogue\/photo\/pochettes\/c\/campbell_isobel-mark_lanegan-hawk.jpg\" align=\"left\" \/>&nbsp;<a href=\"http:\/\/www.myspace.com\/isobelcampbell\">Isobel Campbell<\/a> &amp; <a href=\"http:\/\/www.myspace.com\/marklanegan\">Mark Lanegan<\/a> &ndash; <em>You Won&rsquo;t Let Me Down Again<\/em><\/p>\n<\/p><\/div>\n<h1>Willy Mason<\/h1>ngg_shortcode_0_placeholder<h1>Damien Jurado<\/h1>ngg_shortcode_1_placeholder<h1>Isobel Campbell &amp; Mark Lanegan<\/h1>ngg_shortcode_2_placeholder","protected":false},"excerpt":{"rendered":"<p>La formule a &eacute;volu&eacute; en deux ans. C&rsquo;est une bonne chose, d&rsquo;ailleurs, quand on consid&egrave;re ce Sunday at Devil&rsquo;s Dirt qui, en 2008, laissait un arri&egrave;re-go&ucirc;t de redite pas vraiment &agrave; la hauteur de Ballads of the Broken Seas. Sur Hawk, Campbell et Lanegan ont vari&eacute; les plaisirs, invitant du monde, se faisant deux reprises,&hellip;<\/p>\n","protected":false},"author":1,"featured_media":25894,"comment_status":"open","ping_status":"open","sticky":false,"template":"","format":"standard","meta":{"_acf_changed":false,"ngg_post_thumbnail":0,"jetpack_post_was_ever_published":false,"_jetpack_newsletter_access":"","_jetpack_dont_email_post_to_subs":false,"_jetpack_newsletter_tier_id":0,"_jetpack_memberships_contains_paywalled_content":false,"_jetpack_memberships_contains_paid_content":false,"footnotes":"","jetpack_publicize_message":"","jetpack_publicize_feature_enabled":true,"jetpack_social_post_already_shared":false,"jetpack_social_options":{"image_generator_settings":{"template":"highway","default_image_id":0,"font":"","enabled":false},"version":2}},"categories":[7],"tags":[10654,10183,10084,2571,196,1438,2615,10796,4196,10136,10120,10121,10362,10598,10363,10098,10795,4195],"class_list":["post-8904","post","type-post","status-publish","format-standard","has-post-thumbnail","hentry","category-alive","tag-10654","tag-10183","tag-alive","tag-ef-16-35-mm-f28l-ii-usm","tag-ef-28-70-mm-f28l-usm","tag-ef-50-mm-f14-usm","tag-eos-5d-mark-ii","tag-damien-jurado","tag-eldorado-music-festival","tag-festival","tag-france","tag-ile-de-france","tag-isobel-campbell","tag-le-cafe-de-la-danse","tag-mark-lanegan","tag-paris","tag-willy-mason","tag-you-wont-let-me-down-again"],"acf":[],"geo":{"latitude":48.8540955,"longitude":2.3728526,"description":"3-13 Passage Louis Philippe, 75011 Paris, France"},"jetpack_publicize_connections":[],"jetpack_featured_media_url":"https:\/\/www.wallendorff.com\/belogue\/wp-content\/uploads\/2015\/04\/201009121.jpg","jetpack_shortlink":"https:\/\/wp.me\/p3b35P-2jC","jetpack_sharing_enabled":true,"jetpack-related-posts":[{"id":1244,"url":"https:\/\/www.wallendorff.com\/belogue\/2008\/06\/07\/isobel-campbell-mark-lanegan-la-cigale-paris\/","url_meta":{"origin":8904,"position":0},"title":"Isobel Campbell &amp; Mark Lanegan @ la Cigale, Paris.","author":"dpc","date":"7 juin 2008","format":false,"excerpt":"Puisque c'est de saison\u00a0: \u00a0Isobel Campbell & Mark Lanegan \u2013 Honeychild, What Can I Do?","rel":"","context":"Dans &quot;Alive&quot;","block_context":{"text":"Alive","link":"https:\/\/www.wallendorff.com\/belogue\/category\/alive\/"},"img":{"alt_text":"","src":"https:\/\/i0.wp.com\/www.wallendorff.com\/belogue\/wp-content\/uploads\/2015\/04\/200806071.jpg?resize=350%2C200&ssl=1","width":350,"height":200,"srcset":"https:\/\/i0.wp.com\/www.wallendorff.com\/belogue\/wp-content\/uploads\/2015\/04\/200806071.jpg?resize=350%2C200&ssl=1 1x, https:\/\/i0.wp.com\/www.wallendorff.com\/belogue\/wp-content\/uploads\/2015\/04\/200806071.jpg?resize=525%2C300&ssl=1 1.5x, https:\/\/i0.wp.com\/www.wallendorff.com\/belogue\/wp-content\/uploads\/2015\/04\/200806071.jpg?resize=700%2C400&ssl=1 2x"},"classes":[]},{"id":3649,"url":"https:\/\/www.wallendorff.com\/belogue\/2008\/12\/04\/isobel-campbell-mark-lanegan-le-trabendo-paris\/","url_meta":{"origin":8904,"position":1},"title":"Isobel Campbell &#038; Mark Lanegan @ le Trabendo, Paris.","author":"dpc","date":"4 d\u00e9cembre 2008","format":false,"excerpt":"Isobel Campbell & Mark Lanegan \u2013 Ramblin' Man (Hank William cover) Le truc le plus dingue \u00e0 retenir de la soir\u00e9e, \u00e7a reste que le Mark Lanegan, il porte les m\u00eames pompes que moi, ce qui montre bien qu'il est rock en 2008. \u00c0 part \u00e7a ce Trabendo aura \u00e9t\u00e9\u2026","rel":"","context":"Dans &quot;Alive&quot;","block_context":{"text":"Alive","link":"https:\/\/www.wallendorff.com\/belogue\/category\/alive\/"},"img":{"alt_text":"","src":"https:\/\/i0.wp.com\/www.wallendorff.com\/belogue\/wp-content\/uploads\/2015\/04\/200812041.jpg?resize=350%2C200&ssl=1","width":350,"height":200,"srcset":"https:\/\/i0.wp.com\/www.wallendorff.com\/belogue\/wp-content\/uploads\/2015\/04\/200812041.jpg?resize=350%2C200&ssl=1 1x, https:\/\/i0.wp.com\/www.wallendorff.com\/belogue\/wp-content\/uploads\/2015\/04\/200812041.jpg?resize=525%2C300&ssl=1 1.5x, https:\/\/i0.wp.com\/www.wallendorff.com\/belogue\/wp-content\/uploads\/2015\/04\/200812041.jpg?resize=700%2C400&ssl=1 2x"},"classes":[]},{"id":1269,"url":"https:\/\/www.wallendorff.com\/belogue\/2008\/07\/15\/a-bon-an-tant-d-heures\/","url_meta":{"origin":8904,"position":2},"title":"\u00c0 bon an, tant d&rsquo;heures.","author":"dpc","date":"15 juillet 2008","format":false,"excerpt":"Gare de l'Est, Paris, 18 juin. Et de me faire pr\u00e9f\u00e9rer l'en-train. \u00a0Isobel Campbell & Mark Lanegan \u2013 Trouble _____ 1 Je sais que \u00e7a fait redite de cette photo-ci et j'assume mes fixettes.","rel":"","context":"Dans &quot;DPC&quot;","block_context":{"text":"DPC","link":"https:\/\/www.wallendorff.com\/belogue\/category\/dpc\/"},"img":{"alt_text":"","src":"https:\/\/i0.wp.com\/www.wallendorff.com\/belogue\/wp-content\/uploads\/2015\/04\/200807151.jpg?resize=350%2C200&ssl=1","width":350,"height":200},"classes":[]},{"id":837,"url":"https:\/\/www.wallendorff.com\/belogue\/2006\/11\/26\/ces-rails-et-la-voie\/","url_meta":{"origin":8904,"position":3},"title":"Ces rails et la voie.","author":"dpc","date":"26 novembre 2006","format":false,"excerpt":"Gare Saint-Lazare, Paris, 25 novembre. \u201cNow after all, don't feel like nothing Like walking away Like a mouth full of rain At twelve o'clock The bell starts ringing A dog starts barking And you're still missing Still missing something You've never known what it was And I'm not one for\u2026","rel":"","context":"Dans &quot;DPC&quot;","block_context":{"text":"DPC","link":"https:\/\/www.wallendorff.com\/belogue\/category\/dpc\/"},"img":{"alt_text":"","src":"https:\/\/i0.wp.com\/www.wallendorff.com\/belogue\/wp-content\/uploads\/2015\/04\/200611261.jpg?resize=350%2C200&ssl=1","width":350,"height":200,"srcset":"https:\/\/i0.wp.com\/www.wallendorff.com\/belogue\/wp-content\/uploads\/2015\/04\/200611261.jpg?resize=350%2C200&ssl=1 1x, https:\/\/i0.wp.com\/www.wallendorff.com\/belogue\/wp-content\/uploads\/2015\/04\/200611261.jpg?resize=525%2C300&ssl=1 1.5x, https:\/\/i0.wp.com\/www.wallendorff.com\/belogue\/wp-content\/uploads\/2015\/04\/200611261.jpg?resize=700%2C400&ssl=1 2x"},"classes":[]},{"id":7410,"url":"https:\/\/www.wallendorff.com\/belogue\/2010\/04\/19\/vassal-amer\/","url_meta":{"origin":8904,"position":4},"title":"Vassal amer.","author":"dpc","date":"19 avril 2010","format":false,"excerpt":"Dieppe, 20 mars. Titre pourri en d\u00e9tournant Calogero. Y a vraiment pas de quoi \u00eatre fier. \u00a0Isobel Campbell & Mark Lanegan \u2013 Seafaring Song","rel":"","context":"Dans &quot;DPC&quot;","block_context":{"text":"DPC","link":"https:\/\/www.wallendorff.com\/belogue\/category\/dpc\/"},"img":{"alt_text":"","src":"https:\/\/i0.wp.com\/www.wallendorff.com\/belogue\/wp-content\/uploads\/2015\/04\/201004191.jpg?resize=350%2C200&ssl=1","width":350,"height":200},"classes":[]},{"id":12726,"url":"https:\/\/www.wallendorff.com\/belogue\/2011\/05\/10\/follow-ii\/","url_meta":{"origin":8904,"position":5},"title":"Follow [II].","author":"dpc","date":"10 mai 2011","format":false,"excerpt":"Rue Andr\u00e9-Antoine, Paris, 20 avril. \u00a0Isobel Campbell & Mark Lanegan \u2013 Something to Believe","rel":"","context":"Dans &quot;DPC&quot;","block_context":{"text":"DPC","link":"https:\/\/www.wallendorff.com\/belogue\/category\/dpc\/"},"img":{"alt_text":"","src":"https:\/\/i0.wp.com\/www.wallendorff.com\/belogue\/wp-content\/uploads\/2015\/04\/201105101.jpg?resize=350%2C200&ssl=1","width":350,"height":200},"classes":[]}],"_links":{"self":[{"href":"https:\/\/www.wallendorff.com\/belogue\/wp-json\/wp\/v2\/posts\/8904","targetHints":{"allow":["GET"]}}],"collection":[{"href":"https:\/\/www.wallendorff.com\/belogue\/wp-json\/wp\/v2\/posts"}],"about":[{"href":"https:\/\/www.wallendorff.com\/belogue\/wp-json\/wp\/v2\/types\/post"}],"author":[{"embeddable":true,"href":"https:\/\/www.wallendorff.com\/belogue\/wp-json\/wp\/v2\/users\/1"}],"replies":[{"embeddable":true,"href":"https:\/\/www.wallendorff.com\/belogue\/wp-json\/wp\/v2\/comments?post=8904"}],"version-history":[{"count":4,"href":"https:\/\/www.wallendorff.com\/belogue\/wp-json\/wp\/v2\/posts\/8904\/revisions"}],"predecessor-version":[{"id":21046,"href":"https:\/\/www.wallendorff.com\/belogue\/wp-json\/wp\/v2\/posts\/8904\/revisions\/21046"}],"wp:featuredmedia":[{"embeddable":true,"href":"https:\/\/www.wallendorff.com\/belogue\/wp-json\/wp\/v2\/media\/25894"}],"wp:attachment":[{"href":"https:\/\/www.wallendorff.com\/belogue\/wp-json\/wp\/v2\/media?parent=8904"}],"wp:term":[{"taxonomy":"category","embeddable":true,"href":"https:\/\/www.wallendorff.com\/belogue\/wp-json\/wp\/v2\/categories?post=8904"},{"taxonomy":"post_tag","embeddable":true,"href":"https:\/\/www.wallendorff.com\/belogue\/wp-json\/wp\/v2\/tags?post=8904"}],"curies":[{"name":"wp","href":"https:\/\/api.w.org\/{rel}","templated":true}]}}