{"id":890,"date":"2007-02-05T09:44:21","date_gmt":"2007-02-05T09:44:21","guid":{"rendered":"http:\/\/www.po-l.com\/wordpress\/?p=890"},"modified":"2012-02-17T11:47:16","modified_gmt":"2012-02-17T09:47:16","slug":"space-mot-keys-5","status":"publish","type":"post","link":"https:\/\/www.wallendorff.com\/belogue\/2007\/02\/05\/space-mot-keys-5\/","title":{"rendered":"Space mot-keys #5."},"content":{"rendered":"<div id=\"photo\">\n<p><img decoding=\"async\" src=\"https:\/\/www.wallendorff.com\/belogue\/images\/etoile_blanche.jpg\"><\/p>\n<\/div>\n<p style=\"text-align:center\"><small><img decoding=\"async\" src=\"https:\/\/www.wallendorff.com\/belogue\/photo\/2006\/10\/gougle.gif\" align=\"middle\"\/> ize proude tou pr&eacute;sente <\/small><\/p>\n<p style=\"text-align:center\"><img decoding=\"async\" src=\"https:\/\/www.wallendorff.com\/belogue\/photo\/2006\/10\/mots-cles.gif\" \/><\/p>\n<ul>\n<li><img decoding=\"async\" src=\"https:\/\/www.wallendorff.com\/belogue\/photo\/2007\/02\/20070205-01.gif\" \/><br \/>\n    Je pensais pas qu&rsquo;on me voyait.<br \/>\n    &nbsp; <\/li>\n<li><img decoding=\"async\" src=\"https:\/\/www.wallendorff.com\/belogue\/photo\/2007\/02\/20070205-02.gif\" \/><br \/>\n    <img decoding=\"async\" src=\"https:\/\/www.wallendorff.com\/belogue\/photo\/2007\/02\/20070205-03.gif\" \/><br \/>\n    <img decoding=\"async\" src=\"https:\/\/www.wallendorff.com\/belogue\/photo\/2007\/02\/20070205-19.gif\" \/><br \/>\n    <img decoding=\"async\" src=\"https:\/\/www.wallendorff.com\/belogue\/photo\/2007\/02\/20070205-23.gif\" \/> <br \/>\n    Y en a <a href=\"http:\/\/www.journalduneblonde.net\" target=\"_blank\">certaines<\/a> qui manifestement s&rsquo;amusent bien avec Gougle une fois le soir venu.<br \/>\n    &nbsp; <\/li>\n<li><img decoding=\"async\" src=\"https:\/\/www.wallendorff.com\/belogue\/photo\/2007\/02\/20070205-04.gif\" \/><br \/>\n    <img decoding=\"async\" src=\"https:\/\/www.wallendorff.com\/belogue\/photo\/2007\/02\/20070205-07.gif\"><br \/>\n    Ils ont pas d&ucirc; &ecirc;tre d&eacute;&ccedil;us du voyage, eux.<\/p>\n<\/li>\n<li><img decoding=\"async\" src=\"https:\/\/www.wallendorff.com\/belogue\/photo\/2007\/02\/20070205-05.gif\" \/><br \/>\n    Mon Dieu. <br \/>\n    &nbsp; <\/li>\n<li><img decoding=\"async\" src=\"https:\/\/www.wallendorff.com\/belogue\/photo\/2007\/02\/20070205-08.gif\" \/><br \/>\n    Ou &laquo;&nbsp;comment Niqua&ucirc;sse cherche &agrave; augmenter la part de n&eacute;o-m&eacute;tal     fran&ccedil;ais dans la prochaine Star Acad&eacute;mie&nbsp;&raquo;.<br \/>\n    &nbsp;<\/li>\n<li><img decoding=\"async\" src=\"https:\/\/www.wallendorff.com\/belogue\/photo\/2007\/02\/20070205-09.gif\" \/><br \/>\n    Si &ccedil;a veut dire &laquo;&nbsp;reprise de Madonna&nbsp;&raquo;, j&rsquo;ai peur.<br \/>\n    &nbsp; <\/li>\n<li><img decoding=\"async\" src=\"https:\/\/www.wallendorff.com\/belogue\/photo\/2007\/02\/20070205-11.gif\" \/><br \/>\n    Esp&egrave;ce de porc.<br \/>\n    &nbsp; <\/li>\n<li><img decoding=\"async\" src=\"https:\/\/www.wallendorff.com\/belogue\/photo\/2007\/02\/20070205-12.gif\" \/><br \/>\n    Et pourquoi pas <img decoding=\"async\" src=\"https:\/\/www.wallendorff.com\/belogue\/photo\/2007\/02\/20070205-13.gif\" \/>, tiens&nbsp;? <br \/>\n    &nbsp; <\/li>\n<li><img decoding=\"async\" src=\"https:\/\/www.wallendorff.com\/belogue\/photo\/2007\/02\/20070205-14.gif\" \/><br \/>\n    La SNCF est d&eacute;cid&eacute;ment fertile en id&eacute;es d&rsquo;animations en gares.<br \/>\n    &nbsp; <\/li>\n<li><img decoding=\"async\" src=\"https:\/\/www.wallendorff.com\/belogue\/photo\/2007\/02\/20070205-15.gif\" \/><br \/>\n    Les fant&ocirc;mes &eacute;cossais. Et les grandes oreilles.<br \/>\n    &nbsp; <\/li>\n<li><img decoding=\"async\" src=\"https:\/\/www.wallendorff.com\/belogue\/photo\/2007\/02\/20070205-16.gif\" \/><br \/>\n    On parle encore du Prince Charles, l&agrave;&nbsp;?<br \/>\n    &nbsp; <\/li>\n<li><img decoding=\"async\" src=\"https:\/\/www.wallendorff.com\/belogue\/photo\/2007\/02\/20070205-17.gif\" \/><br \/>\n    Il faut positiver, dans la vie.<br \/>\n    &nbsp; <\/li>\n<li><img decoding=\"async\" src=\"https:\/\/www.wallendorff.com\/belogue\/photo\/2007\/02\/20070205-18.gif\" \/><br \/>\n    On se le demande.<br \/>\n    &nbsp; <\/li>\n<li><img decoding=\"async\" src=\"https:\/\/www.wallendorff.com\/belogue\/photo\/2007\/02\/20070205-20.gif\" \/><br \/>\n    Moi ce que je pr&eacute;f&egrave;re c&rsquo;est la perruque. C&rsquo;est la frime, la perruque. On peut se prendre pour Louis XIV et couper la t&ecirc;te des gens avec une perruque.<br \/>\n    &nbsp; <\/li>\n<li><img decoding=\"async\" src=\"https:\/\/www.wallendorff.com\/belogue\/photo\/2007\/02\/20070205-21.gif\" \/> <br \/>\n    Rh&acirc;&acirc; patin c&rsquo;est pas de l&rsquo;ardennais, clanche, mais du lorrain. En ardennais on dit cliche, berdel.<br \/>\n    &nbsp; <\/li>\n<li><img decoding=\"async\" src=\"https:\/\/www.wallendorff.com\/belogue\/photo\/2007\/02\/20070205-22.gif\" \/><br \/>\n    Comme il est plaisant de voir que le Internet messin se porte toujours aussi bien.<br \/>\n    &nbsp; <\/li>\n<li> <img decoding=\"async\" src=\"https:\/\/www.wallendorff.com\/belogue\/photo\/2007\/02\/20070205-24.gif\" \/><br \/>\n    On peut en effet se poser la question. <br \/>\n    &nbsp; <\/li>\n<li><img decoding=\"async\" src=\"https:\/\/www.wallendorff.com\/belogue\/photo\/2007\/02\/20070205-25.gif\" \/><br \/>\n    Moi keuken. Toi ami moi.<\/li>\n<\/ul>\n","protected":false},"excerpt":{"rendered":"<p>ize proude tou pr&eacute;sente Je pensais pas qu&rsquo;on me voyait. &nbsp; Y en a certaines qui manifestement s&rsquo;amusent bien avec Gougle une fois le soir venu. &nbsp; Ils ont pas d&ucirc; &ecirc;tre d&eacute;&ccedil;us du voyage, eux. Mon Dieu. &nbsp; Ou &laquo;&nbsp;comment Niqua&ucirc;sse cherche &agrave; augmenter la part de n&eacute;o-m&eacute;tal fran&ccedil;ais dans la prochaine Star Acad&eacute;mie&nbsp;&raquo;.&hellip;<\/p>\n","protected":false},"author":1,"featured_media":24822,"comment_status":"open","ping_status":"open","sticky":false,"template":"","format":"standard","meta":{"_acf_changed":false,"ngg_post_thumbnail":0,"jetpack_post_was_ever_published":false,"_jetpack_newsletter_access":"","_jetpack_dont_email_post_to_subs":false,"_jetpack_newsletter_tier_id":0,"_jetpack_memberships_contains_paywalled_content":false,"_jetpack_memberships_contains_paid_content":false,"footnotes":"","jetpack_publicize_message":"","jetpack_publicize_feature_enabled":true,"jetpack_social_post_already_shared":false,"jetpack_social_options":{"image_generator_settings":{"template":"highway","default_image_id":0,"font":"","enabled":false},"version":2}},"categories":[12],"tags":[],"class_list":["post-890","post","type-post","status-publish","format-standard","has-post-thumbnail","hentry","category-space-mots-keys"],"acf":[],"geo":null,"jetpack_publicize_connections":[],"jetpack_featured_media_url":"https:\/\/www.wallendorff.com\/belogue\/wp-content\/uploads\/2015\/04\/gougle32.gif","jetpack_shortlink":"https:\/\/wp.me\/p3b35P-em","jetpack_sharing_enabled":true,"jetpack-related-posts":[{"id":3658,"url":"https:\/\/www.wallendorff.com\/belogue\/2008\/12\/08\/space-mots-keys-28\/","url_meta":{"origin":890,"position":0},"title":"Space mots-keys #28.","author":"dpc","date":"8 d\u00e9cembre 2008","format":false,"excerpt":"ize proude tou pr\u00e9sente La courte-liste\u00a0: [Qui raccourcit de mois en mois, oui j'ai vu.] \u00c0 qui le dites-vous, ma bonne dame. \u00a0 Y en a qui comptent passer un 21 juillet prochain bien rock n'roll, dis donc. \u00a0 Hum. Le Bescherelle\u00a0? \u00a0 B\u00e9ni soit ton nom. \u00a0 Ce journal\u2026","rel":"","context":"Dans &quot;Space mots-keys&quot;","block_context":{"text":"Space mots-keys","link":"https:\/\/www.wallendorff.com\/belogue\/category\/space-mots-keys\/"},"img":{"alt_text":"","src":"","width":0,"height":0},"classes":[]},{"id":3487,"url":"https:\/\/www.wallendorff.com\/belogue\/2008\/10\/09\/space-mots-keys-26\/","url_meta":{"origin":890,"position":1},"title":"Space mots-keys #26.","author":"dpc","date":"9 octobre 2008","format":false,"excerpt":"ize proude tou pr\u00e9sente La fourn\u00e9e du mois craint. C'est d'autant plus triste que cette 26e \u00e9dition marque le deuxi\u00e8me anniversaire de cette noble rubrique, qui s'en trouve fort mal honor\u00e9e. Avouons qu'il y a de quoi d\u00e9primer. La \u2015\u00a0tr\u00e8s\u00a0\u2015 courte-liste\u00a0: S\u00fbrement parce que la conjugaison telle qu'on la trouve\u2026","rel":"","context":"Dans &quot;Space mots-keys&quot;","block_context":{"text":"Space mots-keys","link":"https:\/\/www.wallendorff.com\/belogue\/category\/space-mots-keys\/"},"img":{"alt_text":"","src":"","width":0,"height":0},"classes":[]},{"id":3584,"url":"https:\/\/www.wallendorff.com\/belogue\/2008\/11\/17\/space-mots-keys-27\/","url_meta":{"origin":890,"position":2},"title":"Space mots-keys #27.","author":"dpc","date":"17 novembre 2008","format":false,"excerpt":"ize proude tou pr\u00e9sente Dites donc plus \u00e7a va et plus cette rubrique s'essoufle, je vais finir par la laisser tomber. La courte-liste\u00a0: En voil\u00e0 un qui n'a pas d\u00fb se sentir tr\u00e8s aid\u00e9 par le r\u00e9sultat sur lequel il est tomb\u00e9. \u00a0 Dans mes souvenirs c'\u00e9tait plut\u00f4t Agnan. \u00a0\u2026","rel":"","context":"Dans &quot;Space mots-keys&quot;","block_context":{"text":"Space mots-keys","link":"https:\/\/www.wallendorff.com\/belogue\/category\/space-mots-keys\/"},"img":{"alt_text":"","src":"","width":0,"height":0},"classes":[]},{"id":1075,"url":"https:\/\/www.wallendorff.com\/belogue\/2007\/11\/08\/space-mot-keys-14\/","url_meta":{"origin":890,"position":3},"title":"Space mot-keys #14.","author":"dpc","date":"8 novembre 2007","format":false,"excerpt":"ize proude tou pr\u00e9sente Curieux. Alors que ce site a battu en octobre son record historique de connexions [merci d'ailleurs pour les 4\u00a0650\u00a0000 milli\u00e8mes de visites enregistr\u00e9es le mois dernier, on organisera une grande f\u00eate \u00e0 Bastille pour No\u00ebl avec distribution de boudin blanc \u00e0 l'oignon], les mots-cl\u00e9s du mois\u2026","rel":"","context":"Dans &quot;Space mots-keys&quot;","block_context":{"text":"Space mots-keys","link":"https:\/\/www.wallendorff.com\/belogue\/category\/space-mots-keys\/"},"img":{"alt_text":"","src":"","width":0,"height":0},"classes":[]},{"id":947,"url":"https:\/\/www.wallendorff.com\/belogue\/2007\/05\/09\/space-mot-keys-8\/","url_meta":{"origin":890,"position":4},"title":"Space mot-keys #8.","author":"dpc","date":"9 mai 2007","format":false,"excerpt":"ize proude tou pr\u00e9sente Le choc\u00a0: Bataille of the Belges \u00a012 \u00a0\u00a0\u00a01 Les sondages le confirment, laisser sa brayette ouverte devant le Point \u00c9ph\u00e9m\u00e8re tout entier fait fuir ses cyber-fans. Didier Wampas est pr\u00e9venu. La courteliste\u00a0: Allez, allez, allez [pas besoin de me prier]. \u00a0 Merci, merci. Ton ch\u00e8que part\u2026","rel":"","context":"Dans &quot;Space mots-keys&quot;","block_context":{"text":"Space mots-keys","link":"https:\/\/www.wallendorff.com\/belogue\/category\/space-mots-keys\/"},"img":{"alt_text":"","src":"","width":0,"height":0},"classes":[]},{"id":799,"url":"https:\/\/www.wallendorff.com\/belogue\/2006\/10\/04\/space-mot-keys-1\/","url_meta":{"origin":890,"position":5},"title":"Space Mot-Keys #1.","author":"dpc","date":"4 octobre 2006","format":false,"excerpt":"ize proude tou pr\u00e9sente Le choc\u00a0: 22 requ\u00eates 24 requ\u00eates \u00c7a aura \u00e9t\u00e9 chaud, mais finalement Jack a foutu sa mis\u00e8re \u00e0 Thom juste d'une toute petite longueur de courgette. La courteliste\u00a0: 1 2 3 4 5 6 7 8 8 9 10 11 12 Calexico \u2015 All Systems Red13\u2026","rel":"","context":"Dans &quot;Space mots-keys&quot;","block_context":{"text":"Space mots-keys","link":"https:\/\/www.wallendorff.com\/belogue\/category\/space-mots-keys\/"},"img":{"alt_text":"","src":"","width":0,"height":0},"classes":[]}],"_links":{"self":[{"href":"https:\/\/www.wallendorff.com\/belogue\/wp-json\/wp\/v2\/posts\/890","targetHints":{"allow":["GET"]}}],"collection":[{"href":"https:\/\/www.wallendorff.com\/belogue\/wp-json\/wp\/v2\/posts"}],"about":[{"href":"https:\/\/www.wallendorff.com\/belogue\/wp-json\/wp\/v2\/types\/post"}],"author":[{"embeddable":true,"href":"https:\/\/www.wallendorff.com\/belogue\/wp-json\/wp\/v2\/users\/1"}],"replies":[{"embeddable":true,"href":"https:\/\/www.wallendorff.com\/belogue\/wp-json\/wp\/v2\/comments?post=890"}],"version-history":[{"count":2,"href":"https:\/\/www.wallendorff.com\/belogue\/wp-json\/wp\/v2\/posts\/890\/revisions"}],"predecessor-version":[{"id":15921,"href":"https:\/\/www.wallendorff.com\/belogue\/wp-json\/wp\/v2\/posts\/890\/revisions\/15921"}],"wp:featuredmedia":[{"embeddable":true,"href":"https:\/\/www.wallendorff.com\/belogue\/wp-json\/wp\/v2\/media\/24822"}],"wp:attachment":[{"href":"https:\/\/www.wallendorff.com\/belogue\/wp-json\/wp\/v2\/media?parent=890"}],"wp:term":[{"taxonomy":"category","embeddable":true,"href":"https:\/\/www.wallendorff.com\/belogue\/wp-json\/wp\/v2\/categories?post=890"},{"taxonomy":"post_tag","embeddable":true,"href":"https:\/\/www.wallendorff.com\/belogue\/wp-json\/wp\/v2\/tags?post=890"}],"curies":[{"name":"wp","href":"https:\/\/api.w.org\/{rel}","templated":true}]}}