{"id":885,"date":"2007-01-27T15:09:57","date_gmt":"2007-01-27T15:09:57","guid":{"rendered":"http:\/\/www.po-l.com\/wordpress\/?p=885"},"modified":"2011-10-26T14:21:15","modified_gmt":"2011-10-26T12:21:15","slug":"peter-von-poehl-le-bataclan-paris","status":"publish","type":"post","link":"https:\/\/www.wallendorff.com\/belogue\/2007\/01\/27\/peter-von-poehl-le-bataclan-paris\/","title":{"rendered":"Peter Von Poehl @ le Bataclan, Paris."},"content":{"rendered":"\n<div id=\"photo\">\n<p><img decoding=\"async\" src=\"https:\/\/www.wallendorff.com\/belogue\/photo\/2007\/01\/20070127.jpg\" \/><\/p>\n<\/p><\/div>\n<p>Peter est un mec sympa aux faux airs de Dave, qui parle beaucoup et bien, du genre &agrave; te mettre une chouette ambiance dans un Bataclan blind&eacute;, un truc bien chaleureux comme une soir&eacute;e &agrave; causer pr&egrave;s du Poehl<sup>1<\/sup>. Bon, forc&eacute;ment, il faudra lui pardonner ses errements humoristiques, surtout quand il cite Seinfeld et que si tout le monde se poehl<sup>2<\/sup>, c&rsquo;est avant tout parce que sa blague est nulle. Mais heureusement, &agrave; c&ocirc;t&eacute; de &ccedil;a, Peter chante des histoires de f&eacute;es des dents, d&rsquo;arbres &agrave; th&eacute; et d&rsquo;histoires d&rsquo;impossibles avec une voix douce comme une plume de paon<sup>3<\/sup>, provoquant des ch&oelig;urs dans la salle dans une r&ecirc;verie communicative, tout le monde avec du Poehl dans l&rsquo;&acirc;me, hein<sup>5<\/sup>. &Agrave; se demander comment ce mec-l&agrave; a pu faire partie d&rsquo;<sub><small>n<\/small><\/sub>AS<sub><small>e<\/small><\/sub> Dragon un jour. Plut&ocirc;t que vous mettre un morceau en bande-son, je vous renvoie sur la <a href=\"http:\/\/vox.skynetblogs.be\/post\/3740254\">chouette session acoustique chez Voxouze le 1<sup>er<\/sup> octobre dernier<\/a>, yeah.<\/p>\n<div id=\"bas_note\">\n<p>_____<\/p>\n<p><sup>1<\/sup> Ah, ah, ah.<\/p>\n<p><sup>2<\/sup> Ah, ah, ah.<\/p>\n<p><sup>3<\/sup> D&rsquo;o&ugrave; son pr&eacute;nom, s&ucirc;rement<sup>4<\/sup>.<\/p>\n<p><sup>4<\/sup> J&rsquo;ai honte. terriblement.<\/p>\n<p><sup>5<\/sup> Mais vraiment honte, hein, s&eacute;rieux.<\/p>\n<\/p><\/div>\n","protected":false},"excerpt":{"rendered":"<p>Peter est un mec sympa aux faux airs de Dave, qui parle beaucoup et bien, du genre &agrave; te mettre une chouette ambiance dans un Bataclan blind&eacute;, un truc bien chaleureux comme une soir&eacute;e &agrave; causer pr&egrave;s du Poehl1. Bon, forc&eacute;ment, il faudra lui pardonner ses errements humoristiques, surtout quand il cite Seinfeld et que&hellip;<\/p>\n","protected":false},"author":1,"featured_media":24817,"comment_status":"open","ping_status":"open","sticky":false,"template":"","format":"standard","meta":{"_acf_changed":false,"ngg_post_thumbnail":0,"jetpack_post_was_ever_published":false,"_jetpack_newsletter_access":"","_jetpack_dont_email_post_to_subs":false,"_jetpack_newsletter_tier_id":0,"_jetpack_memberships_contains_paywalled_content":false,"_jetpack_memberships_contains_paid_content":false,"footnotes":"","jetpack_publicize_message":"","jetpack_publicize_feature_enabled":true,"jetpack_social_post_already_shared":false,"jetpack_social_options":{"image_generator_settings":{"template":"highway","default_image_id":0,"font":"","enabled":false},"version":2}},"categories":[7],"tags":[10134,10183,10084,181,132,10120,10121,10332,10098,10430,180],"class_list":["post-885","post","type-post","status-publish","format-standard","has-post-thumbnail","hentry","category-alive","tag-10134","tag-10183","tag-alive","tag-ef-70-200-mm-f28l-usm","tag-eos-20d","tag-france","tag-ile-de-france","tag-le-bataclan","tag-paris","tag-peter-von-poehl","tag-vox"],"acf":[],"geo":{"latitude":48.8629417,"longitude":2.370445,"description":"1-15 Passage Saint-Pierre Amelot, 75011 Paris, France"},"jetpack_publicize_connections":[],"jetpack_featured_media_url":"https:\/\/www.wallendorff.com\/belogue\/wp-content\/uploads\/2015\/04\/200701271.jpg","jetpack_shortlink":"https:\/\/wp.me\/p3b35P-eh","jetpack_sharing_enabled":true,"jetpack-related-posts":[{"id":4080,"url":"https:\/\/www.wallendorff.com\/belogue\/2009\/03\/28\/eagles-of-death-metal-le-bataclan-paris\/","url_meta":{"origin":885,"position":0},"title":"Eagles of Death Metal @ le Bataclan, Paris.","author":"dpc","date":"28 mars 2009","format":false,"excerpt":"\u00a0 Ghinzu \u2013 Kill the Surfer Il y a quelque chose de jouissif \u00e0 se faire \u00e9craser par les rangs de derri\u00e8re alors qu'on s'agrippe d'une main \u00e0 la sc\u00e8ne et que de l'autre on tient le fotoapparat, tout bloqu\u00e9 en manuel et en autofocus \u00e0 t\u00eate chercheuse. On n'est\u2026","rel":"","context":"Dans &quot;Alive&quot;","block_context":{"text":"Alive","link":"https:\/\/www.wallendorff.com\/belogue\/category\/alive\/"},"img":{"alt_text":"","src":"https:\/\/i0.wp.com\/www.wallendorff.com\/belogue\/wp-content\/uploads\/2015\/04\/200903281.jpg?resize=350%2C200&ssl=1","width":350,"height":200,"srcset":"https:\/\/i0.wp.com\/www.wallendorff.com\/belogue\/wp-content\/uploads\/2015\/04\/200903281.jpg?resize=350%2C200&ssl=1 1x, https:\/\/i0.wp.com\/www.wallendorff.com\/belogue\/wp-content\/uploads\/2015\/04\/200903281.jpg?resize=525%2C300&ssl=1 1.5x, https:\/\/i0.wp.com\/www.wallendorff.com\/belogue\/wp-content\/uploads\/2015\/04\/200903281.jpg?resize=700%2C400&ssl=1 2x"},"classes":[]},{"id":130445,"url":"https:\/\/www.wallendorff.com\/belogue\/2024\/08\/31\/flogging-molly-le-bataclan-paris-27-aout-2024\/","url_meta":{"origin":885,"position":1},"title":"Flogging Molly @ le Bataclan, Paris, 27 ao\u00fbt 2024.","author":"dpc","date":"31 ao\u00fbt 2024","format":false,"excerpt":"Drunken Lullabies | The Hand of John L. Sullivan | Swagger | (Try) Keep the Man Down | Whistles the Wind | Life in a Tenement Square | A Song of Liberty | Tobacco Island | The Croppy Boy '98 | Float | Saints & Sinners | Rebels of the\u2026","rel":"","context":"Dans &quot;Alive&quot;","block_context":{"text":"Alive","link":"https:\/\/www.wallendorff.com\/belogue\/category\/alive\/"},"img":{"alt_text":"","src":"https:\/\/i0.wp.com\/www.wallendorff.com\/belogue\/wp-content\/uploads\/2024\/08\/20240830-26.jpg?resize=350%2C200&ssl=1","width":350,"height":200,"srcset":"https:\/\/i0.wp.com\/www.wallendorff.com\/belogue\/wp-content\/uploads\/2024\/08\/20240830-26.jpg?resize=350%2C200&ssl=1 1x, https:\/\/i0.wp.com\/www.wallendorff.com\/belogue\/wp-content\/uploads\/2024\/08\/20240830-26.jpg?resize=525%2C300&ssl=1 1.5x, https:\/\/i0.wp.com\/www.wallendorff.com\/belogue\/wp-content\/uploads\/2024\/08\/20240830-26.jpg?resize=700%2C400&ssl=1 2x, https:\/\/i0.wp.com\/www.wallendorff.com\/belogue\/wp-content\/uploads\/2024\/08\/20240830-26.jpg?resize=1050%2C600&ssl=1 3x"},"classes":[]},{"id":7786,"url":"https:\/\/www.wallendorff.com\/belogue\/2010\/07\/01\/the-dead-weather-le-bataclan-paris\/","url_meta":{"origin":885,"position":2},"title":"The Dead Weather @ le Bataclan, Paris.","author":"dpc","date":"1 juillet 2010","format":false,"excerpt":"Ahah et dire que quand j'\u00e9tais jeune et na\u00eff je m'\u00e9tais plaint du Bataclan de Pidji Harvet l'ann\u00e9e derni\u00e8re parce qu'on avait eu trop chaud. Hier c'\u00e9tait pire, bien pire, pire m\u00eame que la Cigale de l'ann\u00e9e derni\u00e8re avec des morts et tout\u00a0; mais pas des morts inutiles, hein, des\u2026","rel":"","context":"Dans &quot;Alive&quot;","block_context":{"text":"Alive","link":"https:\/\/www.wallendorff.com\/belogue\/category\/alive\/"},"img":{"alt_text":"","src":"https:\/\/i0.wp.com\/www.wallendorff.com\/belogue\/wp-content\/uploads\/2015\/04\/201007011.jpg?resize=350%2C200&ssl=1","width":350,"height":200,"srcset":"https:\/\/i0.wp.com\/www.wallendorff.com\/belogue\/wp-content\/uploads\/2015\/04\/201007011.jpg?resize=350%2C200&ssl=1 1x, https:\/\/i0.wp.com\/www.wallendorff.com\/belogue\/wp-content\/uploads\/2015\/04\/201007011.jpg?resize=525%2C300&ssl=1 1.5x, https:\/\/i0.wp.com\/www.wallendorff.com\/belogue\/wp-content\/uploads\/2015\/04\/201007011.jpg?resize=700%2C400&ssl=1 2x"},"classes":[]},{"id":4207,"url":"https:\/\/www.wallendorff.com\/belogue\/2009\/05\/19\/pj-harvey-john-parish-le-bataclan-paris\/","url_meta":{"origin":885,"position":3},"title":"PJ Harvey &#038; John Parish @ le Bataclan, Paris.","author":"dpc","date":"19 mai 2009","format":false,"excerpt":"Ah tiens il y a pile trois ans il faisait chaud aussi. Dans la vie il y a de chouettes soir\u00e9es o\u00f9 un management sympa et une s\u00e9curit\u00e9 super-coule t'entra\u00eenent dans des jeux de piste en fosse photo ach'te marrants. Dans la vie il y a aussi des soir\u00e9es qu'on\u2026","rel":"","context":"Dans &quot;Alive&quot;","block_context":{"text":"Alive","link":"https:\/\/www.wallendorff.com\/belogue\/category\/alive\/"},"img":{"alt_text":"","src":"https:\/\/i0.wp.com\/www.wallendorff.com\/belogue\/wp-content\/uploads\/2015\/04\/200905191.jpg?resize=350%2C200&ssl=1","width":350,"height":200,"srcset":"https:\/\/i0.wp.com\/www.wallendorff.com\/belogue\/wp-content\/uploads\/2015\/04\/200905191.jpg?resize=350%2C200&ssl=1 1x, https:\/\/i0.wp.com\/www.wallendorff.com\/belogue\/wp-content\/uploads\/2015\/04\/200905191.jpg?resize=525%2C300&ssl=1 1.5x, https:\/\/i0.wp.com\/www.wallendorff.com\/belogue\/wp-content\/uploads\/2015\/04\/200905191.jpg?resize=700%2C400&ssl=1 2x"},"classes":[]},{"id":826,"url":"https:\/\/www.wallendorff.com\/belogue\/2006\/11\/11\/the-bellrays-le-bataclan-paris\/","url_meta":{"origin":885,"position":4},"title":"The BellRays @ le Bataclan, Paris.","author":"dpc","date":"11 novembre 2006","format":false,"excerpt":"Derri\u00e8re Flash Express, s\u00e9duisant sans \u00eatre novateur, puis Tokyo Sex Destruction, survolt\u00e9 mais un peu brouillon, les BellRays y vont comme la derni\u00e8re fois avec un m\u00e9lange irr\u00e9sisitible de soul, de garage et de funk, devant un Bataclan \u00e0 moiti\u00e9 vide pour cause de concurrence du festival des Inroques. Le\u2026","rel":"","context":"Dans &quot;Alive&quot;","block_context":{"text":"Alive","link":"https:\/\/www.wallendorff.com\/belogue\/category\/alive\/"},"img":{"alt_text":"","src":"https:\/\/i0.wp.com\/www.wallendorff.com\/belogue\/wp-content\/uploads\/2015\/04\/200611111.jpg?resize=350%2C200&ssl=1","width":350,"height":200},"classes":[]},{"id":931,"url":"https:\/\/www.wallendorff.com\/belogue\/2007\/04\/11\/herman-dune-le-bataclan-paris\/","url_meta":{"origin":885,"position":5},"title":"Herman D\u00fcne @ le Bataclan, Paris.","author":"dpc","date":"11 avril 2007","format":false,"excerpt":"On r\u00e9sume pour aller vite\u00a0: Toujours se m\u00e9fier des concerts T\u00e9l\u00e9rama, \u00e7a attire une faune amorphe et blas\u00e9e contagieuse. Herman D\u00fcne, c'est bien... ... Sauf quand ils font dans le folklore caucasien. ... Sauf quand se pointe leur saxophoniste qui ressemble \u00e0 Z\u00e9gut, l'oreille musicale en moins. Sinon c'est bien\u00a0:\u2026","rel":"","context":"Dans &quot;Alive&quot;","block_context":{"text":"Alive","link":"https:\/\/www.wallendorff.com\/belogue\/category\/alive\/"},"img":{"alt_text":"","src":"https:\/\/i0.wp.com\/www.wallendorff.com\/belogue\/wp-content\/uploads\/2015\/04\/200704111.jpg?resize=350%2C200&ssl=1","width":350,"height":200},"classes":[]}],"_links":{"self":[{"href":"https:\/\/www.wallendorff.com\/belogue\/wp-json\/wp\/v2\/posts\/885","targetHints":{"allow":["GET"]}}],"collection":[{"href":"https:\/\/www.wallendorff.com\/belogue\/wp-json\/wp\/v2\/posts"}],"about":[{"href":"https:\/\/www.wallendorff.com\/belogue\/wp-json\/wp\/v2\/types\/post"}],"author":[{"embeddable":true,"href":"https:\/\/www.wallendorff.com\/belogue\/wp-json\/wp\/v2\/users\/1"}],"replies":[{"embeddable":true,"href":"https:\/\/www.wallendorff.com\/belogue\/wp-json\/wp\/v2\/comments?post=885"}],"version-history":[{"count":1,"href":"https:\/\/www.wallendorff.com\/belogue\/wp-json\/wp\/v2\/posts\/885\/revisions"}],"predecessor-version":[{"id":14102,"href":"https:\/\/www.wallendorff.com\/belogue\/wp-json\/wp\/v2\/posts\/885\/revisions\/14102"}],"wp:featuredmedia":[{"embeddable":true,"href":"https:\/\/www.wallendorff.com\/belogue\/wp-json\/wp\/v2\/media\/24817"}],"wp:attachment":[{"href":"https:\/\/www.wallendorff.com\/belogue\/wp-json\/wp\/v2\/media?parent=885"}],"wp:term":[{"taxonomy":"category","embeddable":true,"href":"https:\/\/www.wallendorff.com\/belogue\/wp-json\/wp\/v2\/categories?post=885"},{"taxonomy":"post_tag","embeddable":true,"href":"https:\/\/www.wallendorff.com\/belogue\/wp-json\/wp\/v2\/tags?post=885"}],"curies":[{"name":"wp","href":"https:\/\/api.w.org\/{rel}","templated":true}]}}