{"id":881,"date":"2007-01-24T10:24:02","date_gmt":"2007-01-24T10:24:02","guid":{"rendered":"http:\/\/www.po-l.com\/wordpress\/?p=881"},"modified":"2012-04-23T14:34:22","modified_gmt":"2012-04-23T12:34:22","slug":"satan-bout-saint-coin","status":"publish","type":"post","link":"https:\/\/www.wallendorff.com\/belogue\/2007\/01\/24\/satan-bout-saint-coin\/","title":{"rendered":"Satan-bout, Saint-coin."},"content":{"rendered":"<div id=\"photo\">\n<p><img decoding=\"async\" src=\"https:\/\/www.wallendorff.com\/belogue\/images\/etoile_blanche.jpg\"><\/p>\n<\/div>\n<p>Oui, on me l&rsquo;avait d&eacute;j&agrave; demand&eacute;. Et je m&rsquo;&eacute;tais d&rsquo;ailleurs pli&eacute; &agrave; l&rsquo;exercice avec &eacute;l&eacute;gance, offrant alors pl&eacute;thore d&rsquo;anecdotes r&eacute;gurgitoires et exhibitionnistes &agrave; qui voudrait les lire. Ces &eacute;v&eacute;nement e-pistolaires s&rsquo;&eacute;tant d&eacute;roul&eacute;s il y a de cela des ann&eacute;es, lors m&ecirc;me que j&rsquo;&eacute;voluais au rythme d&eacute;brid&eacute; d&rsquo;une folle jeunesse suintant par tous les pores de ma peau [quelque part en 2005, je ne vous dis pas o&ugrave;, &ccedil;a vous fera visiter les archives et ainsi mieux appr&eacute;cier la croustillance<sup>1<\/sup> des r&eacute;v&eacute;lations formul&eacute;es dans la note dont il est question], j&rsquo;ai d&eacute;cid&eacute; de passer cette fois-ci &agrave; des confidences plus raisonnables [donc plus banales], des divulgations plus distingu&eacute;es [donc moins velues] et des aveux moins honteux [donc moins dr&ocirc;les]. Jugez donc. <\/p>\n<ol>\n<li>Je suis jamais &agrave; l&rsquo;aise &agrave; c&ocirc;t&eacute; de trucs qui peuvent exploser. Que ce soit un four &agrave; micro-ondes, une pompe &agrave; essence, une bouteille de gaz, un fromage corse ou un presse-pur&eacute;e, j&rsquo;ai peur. Voil&agrave;.<\/li>\n<li>&Agrave; 5 ans je me suis pris une balan&ccedil;oire en pleine tronche. &Ccedil;a explique des trucs.<\/li>\n<li>J&rsquo;ai &eacute;t&eacute; pompier. Pas longtemps, hein. Mais pompier. <\/li>\n<li>Je pesais 4,560&nbsp;kg &agrave; la naissance et jusque l&agrave; je n&rsquo;ai toujours pas trouv&eacute; plus gros, comme b&eacute;b&eacute; [&agrave; part mon cousin et ses 5,2&nbsp;kg].<\/li>\n<li>Aujourd&rsquo;hui j&rsquo;ai un cale&ccedil;on noir [on a dit 5 trucs que les gens ne savent pas sur moi, pas 5 trucs que les gens ne savent pas sur moi et qui sont susceptibles de les int&eacute;resser].<\/li>\n<\/ol>\n<p>Comme je suis un gars cool, je passe le relais &agrave; <a href=\"http:\/\/www.journalduneblonde.net\">Eulala<\/a> en lui pr&eacute;cisant bien qu&rsquo;il s&rsquo;agit de trucs sur elle que les gens ne savent pas sur elle &#8213;&nbsp;et nonobstant la sollicitation d&eacute;j&agrave; &eacute;mise &agrave; son adresse par <a href=\"http:\/\/www.volasi.net\">Madame Kazakpoil<\/a>&nbsp;&#8213; parce que la derni&egrave;re fois <a href=\"http:\/\/www.journalduneblonde.net\/index.php\/2005\/11\/19\/380-secrets-de-famille\">elle a trich&eacute; <\/a> donc j&rsquo;ai le droit de r&eacute;it&eacute;rer ma demande. Et aussi &agrave; <a href=\"http:\/\/www.20six.fr\/callisto\">Callisto-Ballisto<\/a> et <a href=\"http:\/\/www.be-confused.com\/blog\">Ath<\/a> histoire qu&rsquo;elles nous fassent des notes pour &eacute;gayer mon caf&eacute; matinal, yeah.<\/p>\n<p><strong>Bande-son<\/strong>&nbsp;: <a href=\"http:\/\/www.couleur3.ch\/fr\/rsr.html?siteSect=101&amp;sid=6901418&amp;cKey=1153395869000\">Grand Cor des Alpes<\/a>&nbsp;&#8213; <em>Les voyages en t&eacute;l&eacute;ph&eacute;rique<\/em><\/p>\n<div id=\"bas_note\">\n<p>_____<\/p>\n<p><sup>1<\/sup> Si les journaleux s&rsquo;autorisent l&#8217;emploi d&rsquo;horreurs volantes comme <em>dangerosit&eacute;<\/em>, je peux bien m&rsquo;octroyer de temps &agrave; autres un n&eacute;ologisme &eacute;l&eacute;gant &agrave; la consonnance propice et &eacute;ph&eacute;m&egrave;re, hein.<\/p>\n<\/p><\/div>\n","protected":false},"excerpt":{"rendered":"<p>Oui, on me l&rsquo;avait d&eacute;j&agrave; demand&eacute;. Et je m&rsquo;&eacute;tais d&rsquo;ailleurs pli&eacute; &agrave; l&rsquo;exercice avec &eacute;l&eacute;gance, offrant alors pl&eacute;thore d&rsquo;anecdotes r&eacute;gurgitoires et exhibitionnistes &agrave; qui voudrait les lire. Ces &eacute;v&eacute;nement e-pistolaires s&rsquo;&eacute;tant d&eacute;roul&eacute;s il y a de cela des ann&eacute;es, lors m&ecirc;me que j&rsquo;&eacute;voluais au rythme d&eacute;brid&eacute; d&rsquo;une folle jeunesse suintant par tous les pores de&hellip;<\/p>\n","protected":false},"author":1,"featured_media":0,"comment_status":"open","ping_status":"open","sticky":false,"template":"","format":"standard","meta":{"_acf_changed":false,"ngg_post_thumbnail":0,"jetpack_post_was_ever_published":false,"_jetpack_newsletter_access":"","_jetpack_dont_email_post_to_subs":false,"_jetpack_newsletter_tier_id":0,"_jetpack_memberships_contains_paywalled_content":false,"_jetpack_memberships_contains_paid_content":false,"footnotes":"","jetpack_publicize_message":"","jetpack_publicize_feature_enabled":true,"jetpack_social_post_already_shared":false,"jetpack_social_options":{"image_generator_settings":{"template":"highway","default_image_id":0,"font":"","enabled":false},"version":2}},"categories":[6],"tags":[1707,1916,1022],"class_list":["post-881","post","type-post","status-publish","format-standard","hentry","category-pictureless-thoughts","tag-grand-cor-des-alpes","tag-les-voyages-en-telepherique","tag-questionnaire"],"acf":[],"geo":null,"jetpack_publicize_connections":[],"jetpack_featured_media_url":"","jetpack_shortlink":"https:\/\/wp.me\/p3b35P-ed","jetpack_sharing_enabled":true,"jetpack-related-posts":[{"id":135161,"url":"https:\/\/www.wallendorff.com\/belogue\/2026\/01\/30\/en-2025-2-2\/","url_meta":{"origin":881,"position":0},"title":"En 2025 [2\/2].","author":"dpc","date":"30 janvier 2026","format":false,"excerpt":"5 364 km dans Paris en 2025. C'est moins qu'en 2024 mais entre nous j'\u00e9tais un peu moins l\u00e0. On dirait que le clivage rive nord \u2013 rive sud est quand m\u00eame moins marqu\u00e9 qu'avant. Toujours beaucoup de voiture dans Paris en 2025 mais y a des choses dans la\u2026","rel":"","context":"Dans &quot;DPC&quot;","block_context":{"text":"DPC","link":"https:\/\/www.wallendorff.com\/belogue\/category\/dpc\/"},"img":{"alt_text":"","src":"https:\/\/i0.wp.com\/www.wallendorff.com\/belogue\/wp-content\/uploads\/2026\/01\/20260130-01.jpg?resize=350%2C200&ssl=1","width":350,"height":200,"srcset":"https:\/\/i0.wp.com\/www.wallendorff.com\/belogue\/wp-content\/uploads\/2026\/01\/20260130-01.jpg?resize=350%2C200&ssl=1 1x, https:\/\/i0.wp.com\/www.wallendorff.com\/belogue\/wp-content\/uploads\/2026\/01\/20260130-01.jpg?resize=525%2C300&ssl=1 1.5x, https:\/\/i0.wp.com\/www.wallendorff.com\/belogue\/wp-content\/uploads\/2026\/01\/20260130-01.jpg?resize=700%2C400&ssl=1 2x, https:\/\/i0.wp.com\/www.wallendorff.com\/belogue\/wp-content\/uploads\/2026\/01\/20260130-01.jpg?resize=1050%2C600&ssl=1 3x"},"classes":[]},{"id":131649,"url":"https:\/\/www.wallendorff.com\/belogue\/2025\/01\/28\/en-2024\/","url_meta":{"origin":881,"position":1},"title":"En 2024 [1\/2].","author":"dpc","date":"28 janvier 2025","format":false,"excerpt":"En 2024, j'ai parcouru 47 895 km, soit 5 001 de moins qu'en 2023...... et je n'ai pas encore r\u00e9ussi \u00e0 privil\u00e9gier le train.Pire : j'ai fait trop de bagnole. En 2024, j'ai visit\u00e9 10 pays, dont le Portugal pour la premi\u00e8re fois depuis... 1992. En 2024 j'ai un peu\u2026","rel":"","context":"Dans &quot;DPC&quot;","block_context":{"text":"DPC","link":"https:\/\/www.wallendorff.com\/belogue\/category\/dpc\/"},"img":{"alt_text":"","src":"https:\/\/i0.wp.com\/www.wallendorff.com\/belogue\/wp-content\/uploads\/2025\/01\/20250127-01.jpg?resize=350%2C200&ssl=1","width":350,"height":200,"srcset":"https:\/\/i0.wp.com\/www.wallendorff.com\/belogue\/wp-content\/uploads\/2025\/01\/20250127-01.jpg?resize=350%2C200&ssl=1 1x, https:\/\/i0.wp.com\/www.wallendorff.com\/belogue\/wp-content\/uploads\/2025\/01\/20250127-01.jpg?resize=525%2C300&ssl=1 1.5x, https:\/\/i0.wp.com\/www.wallendorff.com\/belogue\/wp-content\/uploads\/2025\/01\/20250127-01.jpg?resize=700%2C400&ssl=1 2x, https:\/\/i0.wp.com\/www.wallendorff.com\/belogue\/wp-content\/uploads\/2025\/01\/20250127-01.jpg?resize=1050%2C600&ssl=1 3x"},"classes":[]},{"id":131666,"url":"https:\/\/www.wallendorff.com\/belogue\/2025\/01\/29\/en-2024-2-2\/","url_meta":{"origin":881,"position":2},"title":"En 2024 [2\/2].","author":"dpc","date":"29 janvier 2025","format":false,"excerpt":"En 2024, j'ai parcouru 6 047 km dans Paris, soit encore plus qu'en 2023, en restant rive nord autant que possible car la rive sud est b\u00e2tie sur un cimeti\u00e8re indien. L\u00e0 aussi j'ai trop pris la voiture, mais j'avais une bonne excuse (pour \u00e9viter toute question trop personnelle disons\u2026","rel":"","context":"Dans &quot;DPC&quot;","block_context":{"text":"DPC","link":"https:\/\/www.wallendorff.com\/belogue\/category\/dpc\/"},"img":{"alt_text":"","src":"https:\/\/i0.wp.com\/www.wallendorff.com\/belogue\/wp-content\/uploads\/2025\/01\/20250127-06.jpg?resize=350%2C200&ssl=1","width":350,"height":200,"srcset":"https:\/\/i0.wp.com\/www.wallendorff.com\/belogue\/wp-content\/uploads\/2025\/01\/20250127-06.jpg?resize=350%2C200&ssl=1 1x, https:\/\/i0.wp.com\/www.wallendorff.com\/belogue\/wp-content\/uploads\/2025\/01\/20250127-06.jpg?resize=525%2C300&ssl=1 1.5x, https:\/\/i0.wp.com\/www.wallendorff.com\/belogue\/wp-content\/uploads\/2025\/01\/20250127-06.jpg?resize=700%2C400&ssl=1 2x, https:\/\/i0.wp.com\/www.wallendorff.com\/belogue\/wp-content\/uploads\/2025\/01\/20250127-06.jpg?resize=1050%2C600&ssl=1 3x"},"classes":[]},{"id":22948,"url":"https:\/\/www.wallendorff.com\/belogue\/2014\/06\/12\/dix-ans\/","url_meta":{"origin":881,"position":3},"title":"Dix ans.","author":"dpc","date":"12 juin 2014","format":false,"excerpt":"Il y a dix ans, les Pistons de D\u00e9troit \u00e9taient en finale NBA. Il y a neuf ans, les Pistons de D\u00e9troit \u00e9taient encore en finale NBA. Il y a huit ans, les Pistons de D\u00e9troit \u00e9taient en vacances apr\u00e8s s'\u00eatre fait vider comme des nases en sept manches de\u2026","rel":"","context":"Dans &quot;DPC&quot;","block_context":{"text":"DPC","link":"https:\/\/www.wallendorff.com\/belogue\/category\/dpc\/"},"img":{"alt_text":"","src":"https:\/\/i0.wp.com\/www.wallendorff.com\/belogue\/wp-content\/uploads\/2015\/04\/200901013.jpg?resize=350%2C200&ssl=1","width":350,"height":200,"srcset":"https:\/\/i0.wp.com\/www.wallendorff.com\/belogue\/wp-content\/uploads\/2015\/04\/200901013.jpg?resize=350%2C200&ssl=1 1x, https:\/\/i0.wp.com\/www.wallendorff.com\/belogue\/wp-content\/uploads\/2015\/04\/200901013.jpg?resize=525%2C300&ssl=1 1.5x"},"classes":[]},{"id":124649,"url":"https:\/\/www.wallendorff.com\/belogue\/2023\/06\/12\/servus-wien-6\/","url_meta":{"origin":881,"position":4},"title":"Servus Wien.","author":"dpc","date":"12 juin 2023","format":false,"excerpt":"[La galerie compl\u00e8te vient apr\u00e8s ce looooong texte traditionnel dont l'origine se perd dans les pr\u00e9mices de ce mill\u00e9naires.] Vienne, 14 \u2013 15 avril 2023. Can't Even Tell Soul Asylum Il y a dix-neuf ans, les Pistons de D\u00e9troit \u00e9taient en finale NBA. Il y a dix-huit ans, les Pistons\u2026","rel":"","context":"Dans &quot;DPC&quot;","block_context":{"text":"DPC","link":"https:\/\/www.wallendorff.com\/belogue\/category\/dpc\/"},"img":{"alt_text":"","src":"https:\/\/i0.wp.com\/www.wallendorff.com\/belogue\/wp-content\/uploads\/2023\/06\/20230612-09.jpg?resize=350%2C200&ssl=1","width":350,"height":200,"srcset":"https:\/\/i0.wp.com\/www.wallendorff.com\/belogue\/wp-content\/uploads\/2023\/06\/20230612-09.jpg?resize=350%2C200&ssl=1 1x, https:\/\/i0.wp.com\/www.wallendorff.com\/belogue\/wp-content\/uploads\/2023\/06\/20230612-09.jpg?resize=525%2C300&ssl=1 1.5x, https:\/\/i0.wp.com\/www.wallendorff.com\/belogue\/wp-content\/uploads\/2023\/06\/20230612-09.jpg?resize=700%2C400&ssl=1 2x, https:\/\/i0.wp.com\/www.wallendorff.com\/belogue\/wp-content\/uploads\/2023\/06\/20230612-09.jpg?resize=1050%2C600&ssl=1 3x"},"classes":[]},{"id":128261,"url":"https:\/\/www.wallendorff.com\/belogue\/2024\/06\/12\/cetait-2004\/","url_meta":{"origin":881,"position":5},"title":"C&rsquo;\u00e9tait 2004.","author":"dpc","date":"12 juin 2024","format":false,"excerpt":"En ouvrant ce journal, il y a 20 ans, je n'aurais jamais pens\u00e9 qu'il durerait si longtemps. Mais il a tenu, d'abord sur feu 20six, puis en solitaire sur ce site, traversant les plateformes et les modes jusqu'\u00e0 aujourd'hui. MySpace, Flickr, Facebook, Instagram passent et disparaissent, mais reste ce site.Je\u2026","rel":"","context":"Dans &quot;DPC&quot;","block_context":{"text":"DPC","link":"https:\/\/www.wallendorff.com\/belogue\/category\/dpc\/"},"img":{"alt_text":"","src":"https:\/\/i0.wp.com\/www.wallendorff.com\/belogue\/wp-content\/uploads\/2024\/06\/20240612-03.jpg?resize=350%2C200&ssl=1","width":350,"height":200,"srcset":"https:\/\/i0.wp.com\/www.wallendorff.com\/belogue\/wp-content\/uploads\/2024\/06\/20240612-03.jpg?resize=350%2C200&ssl=1 1x, https:\/\/i0.wp.com\/www.wallendorff.com\/belogue\/wp-content\/uploads\/2024\/06\/20240612-03.jpg?resize=525%2C300&ssl=1 1.5x, https:\/\/i0.wp.com\/www.wallendorff.com\/belogue\/wp-content\/uploads\/2024\/06\/20240612-03.jpg?resize=700%2C400&ssl=1 2x, https:\/\/i0.wp.com\/www.wallendorff.com\/belogue\/wp-content\/uploads\/2024\/06\/20240612-03.jpg?resize=1050%2C600&ssl=1 3x"},"classes":[]}],"_links":{"self":[{"href":"https:\/\/www.wallendorff.com\/belogue\/wp-json\/wp\/v2\/posts\/881","targetHints":{"allow":["GET"]}}],"collection":[{"href":"https:\/\/www.wallendorff.com\/belogue\/wp-json\/wp\/v2\/posts"}],"about":[{"href":"https:\/\/www.wallendorff.com\/belogue\/wp-json\/wp\/v2\/types\/post"}],"author":[{"embeddable":true,"href":"https:\/\/www.wallendorff.com\/belogue\/wp-json\/wp\/v2\/users\/1"}],"replies":[{"embeddable":true,"href":"https:\/\/www.wallendorff.com\/belogue\/wp-json\/wp\/v2\/comments?post=881"}],"version-history":[{"count":2,"href":"https:\/\/www.wallendorff.com\/belogue\/wp-json\/wp\/v2\/posts\/881\/revisions"}],"predecessor-version":[{"id":17019,"href":"https:\/\/www.wallendorff.com\/belogue\/wp-json\/wp\/v2\/posts\/881\/revisions\/17019"}],"wp:attachment":[{"href":"https:\/\/www.wallendorff.com\/belogue\/wp-json\/wp\/v2\/media?parent=881"}],"wp:term":[{"taxonomy":"category","embeddable":true,"href":"https:\/\/www.wallendorff.com\/belogue\/wp-json\/wp\/v2\/categories?post=881"},{"taxonomy":"post_tag","embeddable":true,"href":"https:\/\/www.wallendorff.com\/belogue\/wp-json\/wp\/v2\/tags?post=881"}],"curies":[{"name":"wp","href":"https:\/\/api.w.org\/{rel}","templated":true}]}}