{"id":880,"date":"2007-01-23T09:25:46","date_gmt":"2007-01-23T09:25:46","guid":{"rendered":"http:\/\/www.po-l.com\/wordpress\/?p=880"},"modified":"2012-01-16T11:34:59","modified_gmt":"2012-01-16T09:34:59","slug":"previously-unreleased-50","status":"publish","type":"post","link":"https:\/\/www.wallendorff.com\/belogue\/2007\/01\/23\/previously-unreleased-50\/","title":{"rendered":"Previously unreleased #50<sup>1<\/sup>."},"content":{"rendered":"\n<div id=\"photo\">\n<p><img decoding=\"async\" src=\"https:\/\/www.wallendorff.com\/belogue\/photo\/2007\/01\/20070123.jpg\"\/><br \/>\n              The Killers, le Bataclan, Paris, 15 novembre 2006.<\/p>\n<\/p><\/div>\n<div id=\"bandeson\">\n<p><img decoding=\"async\" src=\"https:\/\/www.wallendorff.com\/belogue\/photo\/pochettes\/blank.jpg\" align=\"left\" \/>&nbsp;<a href=\"http:\/\/www.catpowerthegreatest.com\/\">Cat Power<\/a> &ndash; <em>I Don&rsquo;t Blame You<\/em> (live Austin City Limits)<\/p>\n<\/p><\/div>\n<p>_____<\/p>\n<div id=\"bas_note\">\n<p><sup>1<\/sup> Tradition photographique emprunt&eacute;e &agrave; <a href=\"http:\/\/blog.julietterobert.com\">cette dou&eacute;e de l&rsquo;esth&eacute;tique<\/a>.<\/p>\n<\/p><\/div>\n","protected":false},"excerpt":{"rendered":"<p>The Killers, le Bataclan, Paris, 15 novembre 2006. &nbsp;Cat Power &ndash; I Don&rsquo;t Blame You (live Austin City Limits) _____ 1 Tradition photographique emprunt&eacute;e &agrave; cette dou&eacute;e de l&rsquo;esth&eacute;tique.<\/p>\n","protected":false},"author":1,"featured_media":24814,"comment_status":"open","ping_status":"open","sticky":false,"template":"","format":"standard","meta":{"_acf_changed":false,"ngg_post_thumbnail":0,"jetpack_post_was_ever_published":false,"_jetpack_newsletter_access":"","_jetpack_dont_email_post_to_subs":false,"_jetpack_newsletter_tier_id":0,"_jetpack_memberships_contains_paywalled_content":false,"_jetpack_memberships_contains_paid_content":false,"footnotes":"","jetpack_publicize_message":"","jetpack_publicize_feature_enabled":true,"jetpack_social_post_already_shared":false,"jetpack_social_options":{"image_generator_settings":{"template":"highway","default_image_id":0,"font":"","enabled":false},"version":2}},"categories":[5],"tags":[174,10183,10084,737,181,132,1389,10120,1915,10121,10332,10098,1207],"class_list":["post-880","post","type-post","status-publish","format-standard","has-post-thumbnail","hentry","category-previously-unreleased","tag-174","tag-10183","tag-alive","tag-bleu","tag-ef-70-200-mm-f28l-usm","tag-eos-20d","tag-cat-power","tag-france","tag-i-dont-blame-you","tag-ile-de-france","tag-le-bataclan","tag-paris","tag-the-killers"],"acf":[],"geo":{"latitude":48.8629417,"longitude":2.370445,"description":"1-15 Passage Saint-Pierre Amelot, 75011 Paris, France"},"jetpack_publicize_connections":[],"jetpack_featured_media_url":"https:\/\/www.wallendorff.com\/belogue\/wp-content\/uploads\/2015\/04\/200701231.jpg","jetpack_shortlink":"https:\/\/wp.me\/p3b35P-ec","jetpack_sharing_enabled":true,"jetpack-related-posts":[{"id":637,"url":"https:\/\/www.wallendorff.com\/belogue\/2006\/08\/15\/previously-unreleased-40\/","url_meta":{"origin":880,"position":0},"title":"Previously Unreleased #40&sup1;.","author":"dpc","date":"15 ao\u00fbt 2006","format":false,"excerpt":"Arctic Monkeys, le Bataclan, Paris, 2 mai. \u00a0Peter Bj\u00f6rn and John \u2013 Young Folks","rel":"","context":"Dans &quot;Previously unreleased&quot;","block_context":{"text":"Previously unreleased","link":"https:\/\/www.wallendorff.com\/belogue\/category\/previously-unreleased\/"},"img":{"alt_text":"","src":"https:\/\/i0.wp.com\/www.wallendorff.com\/belogue\/wp-content\/uploads\/2015\/04\/200608151.jpg?resize=350%2C200&ssl=1","width":350,"height":200},"classes":[]},{"id":134068,"url":"https:\/\/www.wallendorff.com\/belogue\/2025\/10\/16\/the-cat-empire-le-bataclan-paris-14-octobre-2025\/","url_meta":{"origin":880,"position":1},"title":"The Cat Empire @ le Bataclan, Paris, 14 octobre 2025.","author":"dpc","date":"16 octobre 2025","format":false,"excerpt":"The Cat Empire @ le Bataclan, Paris, 14\/10\/2025 The Cat Empire @ le Bataclan, Paris, 14\/10\/2025 The Cat Empire @ le Bataclan, Paris, 14\/10\/2025 The Cat Empire @ le Bataclan, Paris, 14\/10\/2025 The Cat Empire @ le Bataclan, Paris, 14\/10\/2025 The Cat Empire @ le Bataclan, Paris, 14\/10\/2025 The Cat\u2026","rel":"","context":"Dans &quot;Alive&quot;","block_context":{"text":"Alive","link":"https:\/\/www.wallendorff.com\/belogue\/category\/alive\/"},"img":{"alt_text":"","src":"https:\/\/i0.wp.com\/www.wallendorff.com\/belogue\/wp-content\/uploads\/2025\/10\/20251016-12.jpg?resize=350%2C200&ssl=1","width":350,"height":200,"srcset":"https:\/\/i0.wp.com\/www.wallendorff.com\/belogue\/wp-content\/uploads\/2025\/10\/20251016-12.jpg?resize=350%2C200&ssl=1 1x, https:\/\/i0.wp.com\/www.wallendorff.com\/belogue\/wp-content\/uploads\/2025\/10\/20251016-12.jpg?resize=525%2C300&ssl=1 1.5x, https:\/\/i0.wp.com\/www.wallendorff.com\/belogue\/wp-content\/uploads\/2025\/10\/20251016-12.jpg?resize=700%2C400&ssl=1 2x, https:\/\/i0.wp.com\/www.wallendorff.com\/belogue\/wp-content\/uploads\/2025\/10\/20251016-12.jpg?resize=1050%2C600&ssl=1 3x"},"classes":[]},{"id":159,"url":"https:\/\/www.wallendorff.com\/belogue\/2006\/05\/27\/previously-unreleased-34\/","url_meta":{"origin":880,"position":2},"title":"Previously unreleased #34.","author":"dpc","date":"27 mai 2006","format":false,"excerpt":"Nada Surf, Le Bataclan, Paris, 25 avril. \u00a0Two Gallants \u2013 Las Cruces Jail","rel":"","context":"Dans &quot;Previously unreleased&quot;","block_context":{"text":"Previously unreleased","link":"https:\/\/www.wallendorff.com\/belogue\/category\/previously-unreleased\/"},"img":{"alt_text":"","src":"https:\/\/i0.wp.com\/www.wallendorff.com\/belogue\/wp-content\/uploads\/2015\/04\/200605272.jpg?resize=350%2C200&ssl=1","width":350,"height":200},"classes":[]},{"id":838,"url":"https:\/\/www.wallendorff.com\/belogue\/2006\/11\/27\/previously-unreleased-47\/","url_meta":{"origin":880,"position":3},"title":"Previously unreleased #47\u00b9.","author":"dpc","date":"27 novembre 2006","format":false,"excerpt":"Mathieu Ch\u00e9did, 40 ans Rock n'Folk, le Bataclan, Paris, 24 octobre. \u00a0Thunderbirds Are Now! \u2013 Eat This City _____ 1 Concept trop yeah chez cette jeune fille d\u00e9rob\u00e9.","rel":"","context":"Dans &quot;Previously unreleased&quot;","block_context":{"text":"Previously unreleased","link":"https:\/\/www.wallendorff.com\/belogue\/category\/previously-unreleased\/"},"img":{"alt_text":"","src":"https:\/\/i0.wp.com\/www.wallendorff.com\/belogue\/wp-content\/uploads\/2015\/04\/200611271.jpg?resize=350%2C200&ssl=1","width":350,"height":200},"classes":[]},{"id":21073,"url":"https:\/\/www.wallendorff.com\/belogue\/2013\/06\/05\/previously-unreleased-91\/","url_meta":{"origin":880,"position":4},"title":"Previously unreleased #91.","author":"dpc","date":"5 juin 2013","format":false,"excerpt":"Cold War Kids, le Bataclan, Paris, 24 avril. JailbirdsCold War Kids","rel":"","context":"Dans &quot;Previously unreleased&quot;","block_context":{"text":"Previously unreleased","link":"https:\/\/www.wallendorff.com\/belogue\/category\/previously-unreleased\/"},"img":{"alt_text":"","src":"https:\/\/i0.wp.com\/www.wallendorff.com\/belogue\/wp-content\/uploads\/2015\/04\/20130605.jpg?resize=350%2C200&ssl=1","width":350,"height":200,"srcset":"https:\/\/i0.wp.com\/www.wallendorff.com\/belogue\/wp-content\/uploads\/2015\/04\/20130605.jpg?resize=350%2C200&ssl=1 1x, https:\/\/i0.wp.com\/www.wallendorff.com\/belogue\/wp-content\/uploads\/2015\/04\/20130605.jpg?resize=525%2C300&ssl=1 1.5x, https:\/\/i0.wp.com\/www.wallendorff.com\/belogue\/wp-content\/uploads\/2015\/04\/20130605.jpg?resize=700%2C400&ssl=1 2x"},"classes":[]},{"id":1083,"url":"https:\/\/www.wallendorff.com\/belogue\/2007\/11\/16\/previously-unreleased-73\/","url_meta":{"origin":880,"position":5},"title":"Previously unreleased #73\u00b9.","author":"dpc","date":"16 novembre 2007","format":false,"excerpt":"Kings of Leon, le Bataclan, 26 juin. Comprendre\u00a0: \u00ab\u00a0j'\u00e9tais tellement bourr\u00e9 au Beaujolais hier soir que j'en suis sorti sans photo ce matin, ce qui m'oblige \u00e0 meubler avec le premier fond de tiroir venu.\u00a0\u00bb J'ai honte, oui. \u00a0The White Stripes \u2013 Bone Broke _____ 1 Tradition fort jolie emprunt\u00e9e\u2026","rel":"","context":"Dans &quot;Previously unreleased&quot;","block_context":{"text":"Previously unreleased","link":"https:\/\/www.wallendorff.com\/belogue\/category\/previously-unreleased\/"},"img":{"alt_text":"","src":"https:\/\/i0.wp.com\/www.wallendorff.com\/belogue\/wp-content\/uploads\/2015\/04\/200711161.jpg?resize=350%2C200&ssl=1","width":350,"height":200},"classes":[]}],"_links":{"self":[{"href":"https:\/\/www.wallendorff.com\/belogue\/wp-json\/wp\/v2\/posts\/880","targetHints":{"allow":["GET"]}}],"collection":[{"href":"https:\/\/www.wallendorff.com\/belogue\/wp-json\/wp\/v2\/posts"}],"about":[{"href":"https:\/\/www.wallendorff.com\/belogue\/wp-json\/wp\/v2\/types\/post"}],"author":[{"embeddable":true,"href":"https:\/\/www.wallendorff.com\/belogue\/wp-json\/wp\/v2\/users\/1"}],"replies":[{"embeddable":true,"href":"https:\/\/www.wallendorff.com\/belogue\/wp-json\/wp\/v2\/comments?post=880"}],"version-history":[{"count":1,"href":"https:\/\/www.wallendorff.com\/belogue\/wp-json\/wp\/v2\/posts\/880\/revisions"}],"predecessor-version":[{"id":15361,"href":"https:\/\/www.wallendorff.com\/belogue\/wp-json\/wp\/v2\/posts\/880\/revisions\/15361"}],"wp:featuredmedia":[{"embeddable":true,"href":"https:\/\/www.wallendorff.com\/belogue\/wp-json\/wp\/v2\/media\/24814"}],"wp:attachment":[{"href":"https:\/\/www.wallendorff.com\/belogue\/wp-json\/wp\/v2\/media?parent=880"}],"wp:term":[{"taxonomy":"category","embeddable":true,"href":"https:\/\/www.wallendorff.com\/belogue\/wp-json\/wp\/v2\/categories?post=880"},{"taxonomy":"post_tag","embeddable":true,"href":"https:\/\/www.wallendorff.com\/belogue\/wp-json\/wp\/v2\/tags?post=880"}],"curies":[{"name":"wp","href":"https:\/\/api.w.org\/{rel}","templated":true}]}}