{"id":878,"date":"2007-01-20T13:00:15","date_gmt":"2007-01-20T13:00:15","guid":{"rendered":"http:\/\/www.po-l.com\/wordpress\/?p=878"},"modified":"2012-01-13T12:04:02","modified_gmt":"2012-01-13T10:04:02","slug":"s-engriller-gare","status":"publish","type":"post","link":"https:\/\/www.wallendorff.com\/belogue\/2007\/01\/20\/s-engriller-gare\/","title":{"rendered":"S&rsquo;engriller gare."},"content":{"rendered":"<div id=\"photo\">\n<p><img decoding=\"async\" src=\"https:\/\/www.wallendorff.com\/belogue\/photo\/2007\/01\/20070120.jpg\" border=\"0\" \/><br \/>\n Gare Centrale, Strasbourg, 19 d&eacute;cembre 2006.<\/p>\n<\/div>\n<p style=\"text-align:right\"><em>And now I wasn&rsquo;t alone<\/em>.<\/p>\n<div id=\"bandeson\">\n<p><img decoding=\"async\" src=\"https:\/\/www.wallendorff.com\/belogue\/photo\/pochettes\/k\/kweller_ben-ben_kweller.jpg\" align=\"left\" \/>&nbsp;<a href=\"http:\/\/www.benkweller.com\/\">Ben Kweller<\/a> &ndash; <em>Thirteen<\/em><\/p>\n<\/div>\n","protected":false},"excerpt":{"rendered":"<p>Gare Centrale, Strasbourg, 19 d&eacute;cembre 2006. And now I wasn&rsquo;t alone. &nbsp;Ben Kweller &ndash; Thirteen<\/p>\n","protected":false},"author":1,"featured_media":24812,"comment_status":"open","ping_status":"open","sticky":false,"template":"","format":"standard","meta":{"_acf_changed":false,"ngg_post_thumbnail":0,"jetpack_post_was_ever_published":false,"_jetpack_newsletter_access":"","_jetpack_dont_email_post_to_subs":false,"_jetpack_newsletter_tier_id":0,"_jetpack_memberships_contains_paywalled_content":false,"_jetpack_memberships_contains_paid_content":false,"footnotes":"","jetpack_publicize_message":"","jetpack_publicize_feature_enabled":true,"jetpack_social_post_already_shared":false,"jetpack_social_options":{"image_generator_settings":{"template":"highway","default_image_id":0,"font":"","enabled":false},"version":2}},"categories":[3],"tags":[10219,10424,544,132,10246,10120,10247,1910,143,173,10422,1911],"class_list":["post-878","post","type-post","status-publish","format-standard","has-post-thumbnail","hentry","category-dpc","tag-alsace","tag-bas-rhin","tag-ben-kweller","tag-eos-20d","tag-contre-jour","tag-france","tag-gare","tag-gare-centrale","tag-noir-et-blanc","tag-sigma-28-70-mm-f28-dg-ex","tag-strasbourg","tag-thirteen"],"acf":[],"geo":{"latitude":48.5854378,"longitude":7.7364779,"description":null},"jetpack_publicize_connections":[],"jetpack_featured_media_url":"https:\/\/www.wallendorff.com\/belogue\/wp-content\/uploads\/2015\/04\/200701201.jpg","jetpack_shortlink":"https:\/\/wp.me\/p3b35P-ea","jetpack_sharing_enabled":true,"jetpack-related-posts":[{"id":783,"url":"https:\/\/www.wallendorff.com\/belogue\/2006\/09\/08\/ben-kweller-la-fleche-d-or-paris\/","url_meta":{"origin":878,"position":0},"title":"Ben Kweller @ la Fl\u00e8che d&rsquo;Or, Paris.","author":"dpc","date":"8 septembre 2006","format":false,"excerpt":"Ben, c'est un gars sympa et sa coupe de cheveux est coule. Et sa veste en jean, aussi. Quand il d\u00e9barque, Ben, qu'il dit bonjour Paris avec sa voix qu'on dirait un peu celle de Garth et son visage poupin, Ben, on l'aime. Il est tout seul sur sc\u00e8ne, Ben.\u2026","rel":"","context":"Dans &quot;Alive&quot;","block_context":{"text":"Alive","link":"https:\/\/www.wallendorff.com\/belogue\/category\/alive\/"},"img":{"alt_text":"","src":"https:\/\/i0.wp.com\/www.wallendorff.com\/belogue\/wp-content\/uploads\/2015\/04\/200609081.jpg?resize=350%2C200&ssl=1","width":350,"height":200,"srcset":"https:\/\/i0.wp.com\/www.wallendorff.com\/belogue\/wp-content\/uploads\/2015\/04\/200609081.jpg?resize=350%2C200&ssl=1 1x, https:\/\/i0.wp.com\/www.wallendorff.com\/belogue\/wp-content\/uploads\/2015\/04\/200609081.jpg?resize=525%2C300&ssl=1 1.5x, https:\/\/i0.wp.com\/www.wallendorff.com\/belogue\/wp-content\/uploads\/2015\/04\/200609081.jpg?resize=700%2C400&ssl=1 2x"},"classes":[]},{"id":39562,"url":"https:\/\/www.wallendorff.com\/belogue\/2018\/08\/07\/into-the-wide-152\/","url_meta":{"origin":878,"position":1},"title":"Into the wide #152.","author":"dpc","date":"7 ao\u00fbt 2018","format":false,"excerpt":"Gare Centrale, Helsinki, 12 mai 2018. No Choir Florence and the Machine","rel":"","context":"Dans &quot;Into the wide&quot;","block_context":{"text":"Into the wide","link":"https:\/\/www.wallendorff.com\/belogue\/category\/into-the-wide\/"},"img":{"alt_text":"Gare centrale, Helsinki, 12 mai 2018.","src":"https:\/\/i0.wp.com\/www.wallendorff.com\/belogue\/wp-content\/uploads\/2018\/08\/20180807.jpg?resize=350%2C200&ssl=1","width":350,"height":200,"srcset":"https:\/\/i0.wp.com\/www.wallendorff.com\/belogue\/wp-content\/uploads\/2018\/08\/20180807.jpg?resize=350%2C200&ssl=1 1x, https:\/\/i0.wp.com\/www.wallendorff.com\/belogue\/wp-content\/uploads\/2018\/08\/20180807.jpg?resize=525%2C300&ssl=1 1.5x, https:\/\/i0.wp.com\/www.wallendorff.com\/belogue\/wp-content\/uploads\/2018\/08\/20180807.jpg?resize=700%2C400&ssl=1 2x, https:\/\/i0.wp.com\/www.wallendorff.com\/belogue\/wp-content\/uploads\/2018\/08\/20180807.jpg?resize=1050%2C600&ssl=1 3x"},"classes":[]},{"id":47443,"url":"https:\/\/www.wallendorff.com\/belogue\/2020\/12\/21\/vienne-berne-3-4-septembre-2020\/","url_meta":{"origin":878,"position":2},"title":"Vienne \u2013 Berne, 3 \u2013 4 septembre 2020.","author":"dpc","date":"21 d\u00e9cembre 2020","format":false,"excerpt":"","rel":"","context":"Dans &quot;DPC&quot;","block_context":{"text":"DPC","link":"https:\/\/www.wallendorff.com\/belogue\/category\/dpc\/"},"img":{"alt_text":"","src":"https:\/\/i0.wp.com\/www.wallendorff.com\/belogue\/wp-content\/uploads\/2020\/12\/20201221-07.jpg?resize=350%2C200&ssl=1","width":350,"height":200,"srcset":"https:\/\/i0.wp.com\/www.wallendorff.com\/belogue\/wp-content\/uploads\/2020\/12\/20201221-07.jpg?resize=350%2C200&ssl=1 1x, https:\/\/i0.wp.com\/www.wallendorff.com\/belogue\/wp-content\/uploads\/2020\/12\/20201221-07.jpg?resize=525%2C300&ssl=1 1.5x, https:\/\/i0.wp.com\/www.wallendorff.com\/belogue\/wp-content\/uploads\/2020\/12\/20201221-07.jpg?resize=700%2C400&ssl=1 2x, https:\/\/i0.wp.com\/www.wallendorff.com\/belogue\/wp-content\/uploads\/2020\/12\/20201221-07.jpg?resize=1050%2C600&ssl=1 3x"},"classes":[]},{"id":37153,"url":"https:\/\/www.wallendorff.com\/belogue\/2018\/02\/02\/a-lart-anvers\/","url_meta":{"origin":878,"position":3},"title":"[\u00c0 l&rsquo;art] Anvers.","author":"dpc","date":"2 f\u00e9vrier 2018","format":false,"excerpt":"Gare centrale d'Anvers, 22 novembre 2017. Fort KnoxNoel Gallagher's High Flying Birds","rel":"","context":"Dans &quot;DPC&quot;","block_context":{"text":"DPC","link":"https:\/\/www.wallendorff.com\/belogue\/category\/dpc\/"},"img":{"alt_text":"","src":"https:\/\/i0.wp.com\/www.wallendorff.com\/belogue\/wp-content\/uploads\/2018\/02\/20180202.jpg?resize=350%2C200&ssl=1","width":350,"height":200,"srcset":"https:\/\/i0.wp.com\/www.wallendorff.com\/belogue\/wp-content\/uploads\/2018\/02\/20180202.jpg?resize=350%2C200&ssl=1 1x, https:\/\/i0.wp.com\/www.wallendorff.com\/belogue\/wp-content\/uploads\/2018\/02\/20180202.jpg?resize=525%2C300&ssl=1 1.5x, https:\/\/i0.wp.com\/www.wallendorff.com\/belogue\/wp-content\/uploads\/2018\/02\/20180202.jpg?resize=700%2C400&ssl=1 2x, https:\/\/i0.wp.com\/www.wallendorff.com\/belogue\/wp-content\/uploads\/2018\/02\/20180202.jpg?resize=1050%2C600&ssl=1 3x"},"classes":[]},{"id":133958,"url":"https:\/\/www.wallendorff.com\/belogue\/2025\/09\/30\/septembre-2025\/","url_meta":{"origin":878,"position":4},"title":"Septembre 2025.","author":"dpc","date":"30 septembre 2025","format":false,"excerpt":"Un m\u00e9tro, un coucher de soleil, une tour en bois, une grosse boule, une tour en fer, un coup de balai, un parapluie, une sieste, un bi(f)tek, une ruine de jour, un ch\u00e2teau, un coucher de soleil, une page de bouquin, une \u00e9clipse de lune, un CNPE, une enseigne, une\u2026","rel":"","context":"Dans &quot;Blog-note&quot;","block_context":{"text":"Blog-note","link":"https:\/\/www.wallendorff.com\/belogue\/category\/blog-note\/"},"img":{"alt_text":"","src":"https:\/\/i0.wp.com\/www.wallendorff.com\/belogue\/wp-content\/uploads\/2025\/10\/20251013-15.jpg?resize=350%2C200&ssl=1","width":350,"height":200,"srcset":"https:\/\/i0.wp.com\/www.wallendorff.com\/belogue\/wp-content\/uploads\/2025\/10\/20251013-15.jpg?resize=350%2C200&ssl=1 1x, https:\/\/i0.wp.com\/www.wallendorff.com\/belogue\/wp-content\/uploads\/2025\/10\/20251013-15.jpg?resize=525%2C300&ssl=1 1.5x, https:\/\/i0.wp.com\/www.wallendorff.com\/belogue\/wp-content\/uploads\/2025\/10\/20251013-15.jpg?resize=700%2C400&ssl=1 2x, https:\/\/i0.wp.com\/www.wallendorff.com\/belogue\/wp-content\/uploads\/2025\/10\/20251013-15.jpg?resize=1050%2C600&ssl=1 3x"},"classes":[]},{"id":29220,"url":"https:\/\/www.wallendorff.com\/belogue\/2015\/09\/08\/odejsc-wrocic\/","url_meta":{"origin":878,"position":5},"title":"Odej\u015b\u0107, wr\u00f3ci\u0107.","author":"dpc","date":"8 septembre 2015","format":false,"excerpt":"Gare centrale de Cracovie, 12 mai. Mountain at My Gates Foals","rel":"","context":"Dans &quot;DPC&quot;","block_context":{"text":"DPC","link":"https:\/\/www.wallendorff.com\/belogue\/category\/dpc\/"},"img":{"alt_text":"","src":"https:\/\/i0.wp.com\/www.wallendorff.com\/belogue\/wp-content\/uploads\/2015\/09\/20150908.jpg?resize=350%2C200&ssl=1","width":350,"height":200,"srcset":"https:\/\/i0.wp.com\/www.wallendorff.com\/belogue\/wp-content\/uploads\/2015\/09\/20150908.jpg?resize=350%2C200&ssl=1 1x, https:\/\/i0.wp.com\/www.wallendorff.com\/belogue\/wp-content\/uploads\/2015\/09\/20150908.jpg?resize=525%2C300&ssl=1 1.5x, https:\/\/i0.wp.com\/www.wallendorff.com\/belogue\/wp-content\/uploads\/2015\/09\/20150908.jpg?resize=700%2C400&ssl=1 2x"},"classes":[]}],"_links":{"self":[{"href":"https:\/\/www.wallendorff.com\/belogue\/wp-json\/wp\/v2\/posts\/878","targetHints":{"allow":["GET"]}}],"collection":[{"href":"https:\/\/www.wallendorff.com\/belogue\/wp-json\/wp\/v2\/posts"}],"about":[{"href":"https:\/\/www.wallendorff.com\/belogue\/wp-json\/wp\/v2\/types\/post"}],"author":[{"embeddable":true,"href":"https:\/\/www.wallendorff.com\/belogue\/wp-json\/wp\/v2\/users\/1"}],"replies":[{"embeddable":true,"href":"https:\/\/www.wallendorff.com\/belogue\/wp-json\/wp\/v2\/comments?post=878"}],"version-history":[{"count":1,"href":"https:\/\/www.wallendorff.com\/belogue\/wp-json\/wp\/v2\/posts\/878\/revisions"}],"predecessor-version":[{"id":15335,"href":"https:\/\/www.wallendorff.com\/belogue\/wp-json\/wp\/v2\/posts\/878\/revisions\/15335"}],"wp:featuredmedia":[{"embeddable":true,"href":"https:\/\/www.wallendorff.com\/belogue\/wp-json\/wp\/v2\/media\/24812"}],"wp:attachment":[{"href":"https:\/\/www.wallendorff.com\/belogue\/wp-json\/wp\/v2\/media?parent=878"}],"wp:term":[{"taxonomy":"category","embeddable":true,"href":"https:\/\/www.wallendorff.com\/belogue\/wp-json\/wp\/v2\/categories?post=878"},{"taxonomy":"post_tag","embeddable":true,"href":"https:\/\/www.wallendorff.com\/belogue\/wp-json\/wp\/v2\/tags?post=878"}],"curies":[{"name":"wp","href":"https:\/\/api.w.org\/{rel}","templated":true}]}}