{"id":874,"date":"2007-01-14T23:43:18","date_gmt":"2007-01-14T23:43:18","guid":{"rendered":"http:\/\/www.po-l.com\/wordpress\/?p=874"},"modified":"2011-10-26T14:27:23","modified_gmt":"2011-10-26T12:27:23","slug":"peter-bjorn-john-la-maroquinerie-paris","status":"publish","type":"post","link":"https:\/\/www.wallendorff.com\/belogue\/2007\/01\/14\/peter-bjorn-john-la-maroquinerie-paris\/","title":{"rendered":"Peter Bj\u00f6rn &amp; John @ la Maroquinerie, Paris."},"content":{"rendered":"\n<div id=\"photo\">\n<p><img decoding=\"async\" src=\"https:\/\/www.wallendorff.com\/belogue\/photo\/2007\/01\/20070114.jpg\"\/><\/p>\n<\/p><\/div>\n<p>Comme leur groupe l&rsquo;indique&nbsp;: Peter au chant, Bj&ouml;rn &agrave; la basse et John &agrave; la batterie. Intro &agrave; la Air, pop douce qui glisse toute seule, vaguement Beatles, un peu Simon &amp; Garfunkel, Peter lit ses discours dans un fran&ccedil;ais balbutiant et louable sur des s&eacute;ries de petits bouts de papiers griffonn&eacute;s, organise une chorale pour <em>Big Black Coffin<\/em>, l&rsquo;ambiance monte d&rsquo;un cran sur <em>Objects Of My Affection<\/em> et le single &agrave; sifflets <em>Young Folks<\/em>. Pour rappeler le groupe, disparu apr&egrave;s un <em>Up Against The Wall<\/em> &eacute;nerv&eacute;, c&rsquo;est la communaut&eacute; su&eacute;doise locale &#8213;&nbsp;soit un bon tiers de la salle&nbsp;&#8213; qui donne de la voix en scandinave dans le texte. Peter Bj&ouml;rn &amp; John enfilent <em>Teen Love<\/em>, <em>Does It Matter Now?<\/em>, <em>I Don&rsquo;t Know What I Want Us To Do<\/em> et <em>Collect. Select. Reflect.<\/em> et se sauvent, Peter embarquant John et sa basse en coulisse, avant de saluer comme &agrave; l&rsquo;op&eacute;ra. On vit quand m&ecirc;me des samedis sympas.<\/p>\n<div id=\"bandeson\">\n<p><img decoding=\"async\" src=\"https:\/\/www.wallendorff.com\/belogue\/photo\/pochettes\/p\/peter_bjorn_and_john-writers_block.jpg\" align=\"left\" \/>&nbsp;<a href=\"http:\/\/www.myspace.com\/peterbjornandjohn\">Peter Bj&ouml;rn and John<\/a> &ndash; <em>Objects of My Affection<\/em>        <\/p>\n<\/div>\n","protected":false},"excerpt":{"rendered":"<p>Comme leur groupe l&rsquo;indique&nbsp;: Peter au chant, Bj&ouml;rn &agrave; la basse et John &agrave; la batterie. Intro &agrave; la Air, pop douce qui glisse toute seule, vaguement Beatles, un peu Simon &amp; Garfunkel, Peter lit ses discours dans un fran&ccedil;ais balbutiant et louable sur des s&eacute;ries de petits bouts de papiers griffonn&eacute;s, organise une chorale&hellip;<\/p>\n","protected":false},"author":1,"featured_media":24808,"comment_status":"open","ping_status":"open","sticky":false,"template":"","format":"standard","meta":{"_acf_changed":false,"ngg_post_thumbnail":0,"jetpack_post_was_ever_published":false,"_jetpack_newsletter_access":"","_jetpack_dont_email_post_to_subs":false,"_jetpack_newsletter_tier_id":0,"_jetpack_memberships_contains_paywalled_content":false,"_jetpack_memberships_contains_paid_content":false,"footnotes":"","jetpack_publicize_message":"","jetpack_publicize_feature_enabled":true,"jetpack_social_post_already_shared":false,"jetpack_social_options":{"image_generator_settings":{"template":"highway","default_image_id":0,"font":"","enabled":false},"version":2}},"categories":[7],"tags":[10134,10216,10084,196,132,10120,10121,10290,143,1902,10098,1729],"class_list":["post-874","post","type-post","status-publish","format-standard","has-post-thumbnail","hentry","category-alive","tag-10134","tag-10216","tag-alive","tag-ef-28-70-mm-f28l-usm","tag-eos-20d","tag-france","tag-ile-de-france","tag-la-maroquinerie","tag-noir-et-blanc","tag-objects-of-my-affection","tag-paris","tag-peter-bjorn-and-john"],"acf":[],"geo":{"latitude":48.8685608,"longitude":2.3919244,"description":"18-26 Rue Boyer, 75020 Paris, France"},"jetpack_publicize_connections":[],"jetpack_featured_media_url":"https:\/\/www.wallendorff.com\/belogue\/wp-content\/uploads\/2015\/04\/200701141.jpg","jetpack_shortlink":"https:\/\/wp.me\/p3b35P-e6","jetpack_sharing_enabled":true,"jetpack-related-posts":[{"id":935,"url":"https:\/\/www.wallendorff.com\/belogue\/2007\/04\/17\/peter-bjorn-john-le-trabendo-paris\/","url_meta":{"origin":874,"position":0},"title":"Peter Bj\u00f6rn &amp; John @ le Trabendo, Paris.","author":"dpc","date":"17 avril 2007","format":false,"excerpt":"Le Trabendo est d\u00e9peupl\u00e9, The Tellers ont re\u00e7u un de ces accueils typiques o\u00f9 tout le monde \u00e9coute sans bouger, comme si tu passais en concert devant un parterre de cadres de maison de disques. Intimid\u00e9s, ils ont quitt\u00e9 la sc\u00e8ne presque en s'excusant alors que, franchement, ils m\u00e9ritent. Peter\u2026","rel":"","context":"Dans &quot;Alive&quot;","block_context":{"text":"Alive","link":"https:\/\/www.wallendorff.com\/belogue\/category\/alive\/"},"img":{"alt_text":"","src":"https:\/\/i0.wp.com\/www.wallendorff.com\/belogue\/wp-content\/uploads\/2015\/04\/200704171.jpg?resize=350%2C200&ssl=1","width":350,"height":200,"srcset":"https:\/\/i0.wp.com\/www.wallendorff.com\/belogue\/wp-content\/uploads\/2015\/04\/200704171.jpg?resize=350%2C200&ssl=1 1x, https:\/\/i0.wp.com\/www.wallendorff.com\/belogue\/wp-content\/uploads\/2015\/04\/200704171.jpg?resize=525%2C300&ssl=1 1.5x, https:\/\/i0.wp.com\/www.wallendorff.com\/belogue\/wp-content\/uploads\/2015\/04\/200704171.jpg?resize=700%2C400&ssl=1 2x"},"classes":[]},{"id":12364,"url":"https:\/\/www.wallendorff.com\/belogue\/2011\/03\/01\/olof-arnalds-cleo-t-studio-des-champs-elysees-paris\/","url_meta":{"origin":874,"position":1},"title":"\u00d3l\u00f6f Arnalds + Cleo T. @ Studio des Champs-\u00c9lys\u00e9es, Paris.","author":"dpc","date":"1 mars 2011","format":false,"excerpt":"Nous pouvons donc revoir la formule \u00e9nonc\u00e9e la derni\u00e8re fois en ajoutant que dans une salle pleine \u00e0 \u03b6 pour-cent, les individus d'un groupe de \u03b2 photographeurs d\u00e9clenchant x fois absorberont individuellement une dose de grozyeux Yi \u2015\u00a0apr\u00e8s correction \u03b4 fonction du taux de grozyactivit\u00e9 \u03b1 de la salle et\u2026","rel":"","context":"Dans &quot;Alive&quot;","block_context":{"text":"Alive","link":"https:\/\/www.wallendorff.com\/belogue\/category\/alive\/"},"img":{"alt_text":"","src":"https:\/\/i0.wp.com\/www.wallendorff.com\/belogue\/wp-content\/uploads\/2015\/04\/201103011.jpg?resize=350%2C200&ssl=1","width":350,"height":200,"srcset":"https:\/\/i0.wp.com\/www.wallendorff.com\/belogue\/wp-content\/uploads\/2015\/04\/201103011.jpg?resize=350%2C200&ssl=1 1x, https:\/\/i0.wp.com\/www.wallendorff.com\/belogue\/wp-content\/uploads\/2015\/04\/201103011.jpg?resize=525%2C300&ssl=1 1.5x, https:\/\/i0.wp.com\/www.wallendorff.com\/belogue\/wp-content\/uploads\/2015\/04\/201103011.jpg?resize=700%2C400&ssl=1 2x"},"classes":[]},{"id":815,"url":"https:\/\/www.wallendorff.com\/belogue\/2006\/10\/27\/clefs-de-l-hagard\/","url_meta":{"origin":874,"position":2},"title":"Clefs de l&rsquo;hagard.","author":"dpc","date":"27 octobre 2006","format":false,"excerpt":"Rue Lemercier, Paris, 22 octobre. T'as pass\u00e9 une soir\u00e9e reposante et productive, t'as tri\u00e9 300 photos en retard, tu t'es lev\u00e9 d\u00e9tendu, tu trempes tes tartines dans une visite fructueuse qui t'apporte bien-\u00eatre et regain de joie au son d'un Peter Bj\u00f6rn And John qui t'en ferait presque voir Paris\u2026","rel":"","context":"Dans &quot;DPC&quot;","block_context":{"text":"DPC","link":"https:\/\/www.wallendorff.com\/belogue\/category\/dpc\/"},"img":{"alt_text":"","src":"https:\/\/i0.wp.com\/www.wallendorff.com\/belogue\/wp-content\/uploads\/2015\/04\/200610271.jpg?resize=350%2C200&ssl=1","width":350,"height":200},"classes":[]},{"id":6849,"url":"https:\/\/www.wallendorff.com\/belogue\/2010\/02\/22\/mumford-and-sons-mugison-la-maroquinerie-paris\/","url_meta":{"origin":874,"position":3},"title":"Mumford and Sons + Mugison @ la Maroquinerie, Paris.","author":"dpc","date":"22 f\u00e9vrier 2010","format":false,"excerpt":"\u00a0Flogging Molly \u2013 The Seven Deadly Sins (live) 160\u00a0000 albums vendus au Royaume-Uni et 27 en France, donc fort logiquement la premi\u00e8re date fran\u00e7aise de Mumford and Sons est emplie d'Anglaises enamour\u00e9es \u2015\u00a0curieux pour ce genre de musique\u00a0et de groupe\u00a0\u2015 qui ne jettent pas de bi\u00e8re \u2015\u00a0tr\u00e8s curieux pour ce\u2026","rel":"","context":"Dans &quot;Alive&quot;","block_context":{"text":"Alive","link":"https:\/\/www.wallendorff.com\/belogue\/category\/alive\/"},"img":{"alt_text":"","src":"https:\/\/i0.wp.com\/www.wallendorff.com\/belogue\/wp-content\/uploads\/2015\/04\/201002221.jpg?resize=350%2C200&ssl=1","width":350,"height":200,"srcset":"https:\/\/i0.wp.com\/www.wallendorff.com\/belogue\/wp-content\/uploads\/2015\/04\/201002221.jpg?resize=350%2C200&ssl=1 1x, https:\/\/i0.wp.com\/www.wallendorff.com\/belogue\/wp-content\/uploads\/2015\/04\/201002221.jpg?resize=525%2C300&ssl=1 1.5x, https:\/\/i0.wp.com\/www.wallendorff.com\/belogue\/wp-content\/uploads\/2015\/04\/201002221.jpg?resize=700%2C400&ssl=1 2x"},"classes":[]},{"id":786,"url":"https:\/\/www.wallendorff.com\/belogue\/2006\/09\/14\/previously-unreleased-43\/","url_meta":{"origin":874,"position":4},"title":"Previously unreleased #43\u00b9.","author":"dpc","date":"14 septembre 2006","format":false,"excerpt":"I Love UFO, la Boule Noire, Paris, 5 septembre. J'ai mat\u00e9 le nouveau DVD de U2, hier. Dans les bonus, il y a une compile du Zoo Confessionnal install\u00e9 \u00e0 l'\u00e9poque au beau milieu de la fosse pendant les concerts, o\u00f9 les gens pouvaient aller se confesser ou raconter n'importe\u2026","rel":"","context":"Dans &quot;Previously unreleased&quot;","block_context":{"text":"Previously unreleased","link":"https:\/\/www.wallendorff.com\/belogue\/category\/previously-unreleased\/"},"img":{"alt_text":"","src":"https:\/\/i0.wp.com\/www.wallendorff.com\/belogue\/wp-content\/uploads\/2015\/04\/200609141.jpg?resize=350%2C200&ssl=1","width":350,"height":200},"classes":[]},{"id":1072,"url":"https:\/\/www.wallendorff.com\/belogue\/2007\/11\/02\/the-wombats-la-maroquinerie-paris\/","url_meta":{"origin":874,"position":5},"title":"The Wombats @ la Maroquinerie, Paris.","author":"dpc","date":"2 novembre 2007","format":false,"excerpt":"Kill the Director | Lost in the Post | School Uniforms | Little Miss Pipedream | Moving to New York | Patricia the Stripper | Party in a Forest (Where's Laura?) | Here Comes the Anxiety | Let's Dance to Joy Division || My First Wedding | Back Fire at\u2026","rel":"","context":"Dans &quot;Alive&quot;","block_context":{"text":"Alive","link":"https:\/\/www.wallendorff.com\/belogue\/category\/alive\/"},"img":{"alt_text":"","src":"https:\/\/i0.wp.com\/www.wallendorff.com\/belogue\/wp-content\/uploads\/2007\/11\/20071102-07.jpg?resize=350%2C200&ssl=1","width":350,"height":200,"srcset":"https:\/\/i0.wp.com\/www.wallendorff.com\/belogue\/wp-content\/uploads\/2007\/11\/20071102-07.jpg?resize=350%2C200&ssl=1 1x, https:\/\/i0.wp.com\/www.wallendorff.com\/belogue\/wp-content\/uploads\/2007\/11\/20071102-07.jpg?resize=525%2C300&ssl=1 1.5x, https:\/\/i0.wp.com\/www.wallendorff.com\/belogue\/wp-content\/uploads\/2007\/11\/20071102-07.jpg?resize=700%2C400&ssl=1 2x, https:\/\/i0.wp.com\/www.wallendorff.com\/belogue\/wp-content\/uploads\/2007\/11\/20071102-07.jpg?resize=1050%2C600&ssl=1 3x"},"classes":[]}],"_links":{"self":[{"href":"https:\/\/www.wallendorff.com\/belogue\/wp-json\/wp\/v2\/posts\/874","targetHints":{"allow":["GET"]}}],"collection":[{"href":"https:\/\/www.wallendorff.com\/belogue\/wp-json\/wp\/v2\/posts"}],"about":[{"href":"https:\/\/www.wallendorff.com\/belogue\/wp-json\/wp\/v2\/types\/post"}],"author":[{"embeddable":true,"href":"https:\/\/www.wallendorff.com\/belogue\/wp-json\/wp\/v2\/users\/1"}],"replies":[{"embeddable":true,"href":"https:\/\/www.wallendorff.com\/belogue\/wp-json\/wp\/v2\/comments?post=874"}],"version-history":[{"count":1,"href":"https:\/\/www.wallendorff.com\/belogue\/wp-json\/wp\/v2\/posts\/874\/revisions"}],"predecessor-version":[{"id":14105,"href":"https:\/\/www.wallendorff.com\/belogue\/wp-json\/wp\/v2\/posts\/874\/revisions\/14105"}],"wp:featuredmedia":[{"embeddable":true,"href":"https:\/\/www.wallendorff.com\/belogue\/wp-json\/wp\/v2\/media\/24808"}],"wp:attachment":[{"href":"https:\/\/www.wallendorff.com\/belogue\/wp-json\/wp\/v2\/media?parent=874"}],"wp:term":[{"taxonomy":"category","embeddable":true,"href":"https:\/\/www.wallendorff.com\/belogue\/wp-json\/wp\/v2\/categories?post=874"},{"taxonomy":"post_tag","embeddable":true,"href":"https:\/\/www.wallendorff.com\/belogue\/wp-json\/wp\/v2\/tags?post=874"}],"curies":[{"name":"wp","href":"https:\/\/api.w.org\/{rel}","templated":true}]}}