{"id":871,"date":"2007-01-09T19:33:05","date_gmt":"2007-01-09T19:33:05","guid":{"rendered":"http:\/\/www.po-l.com\/wordpress\/?p=871"},"modified":"2012-04-23T14:35:23","modified_gmt":"2012-04-23T12:35:23","slug":"un-jour-j-irai-a-chicago-avec-toit","status":"publish","type":"post","link":"https:\/\/www.wallendorff.com\/belogue\/2007\/01\/09\/un-jour-j-irai-a-chicago-avec-toit\/","title":{"rendered":"Un jour j&rsquo;irai \u00e0 Chicago avec toit."},"content":{"rendered":"<div id=\"photo\">\n<p><img decoding=\"async\" src=\"https:\/\/www.wallendorff.com\/belogue\/images\/etoile_blanche.jpg\"><\/p>\n<\/div>\n<p style=\"text-align:center\"><a href=\"https:\/\/www.wallendorff.com\/belogue\/photo\/2007\/01\/200701091.jpg\"><img decoding=\"async\" src=\"https:\/\/www.wallendorff.com\/belogue\/photo\/2007\/01\/200701091t.jpg\" \/><\/a><\/p>\n<p style=\"text-align:center\"><a href=\"https:\/\/www.wallendorff.com\/belogue\/photo\/2007\/01\/20070109.jpg\"><img decoding=\"async\" src=\"https:\/\/www.wallendorff.com\/belogue\/photo\/2007\/01\/20070109t.jpg\" \/><\/a><\/p>\n<p style=\"text-align:right\">Mais c&rsquo;est pas gagn&eacute;, hein. <\/p>\n<div id=\"bandeson\">\n<p><img decoding=\"async\" src=\"https:\/\/www.wallendorff.com\/belogue\/photo\/pochettes\/a\/arcade_fire-neon_bible.jpg\" align=\"left\" \/>&nbsp;<a href=\"http:\/\/www.arcadefire.com\/\">Arcade Fire<\/a> &ndash; <em>Black Mirror<\/em><\/p>\n<\/p><\/div>\n","protected":false},"excerpt":{"rendered":"<p>Mais c&rsquo;est pas gagn&eacute;, hein. &nbsp;Arcade Fire &ndash; Black Mirror<\/p>\n","protected":false},"author":1,"featured_media":24805,"comment_status":"open","ping_status":"open","sticky":false,"template":"","format":"standard","meta":{"_acf_changed":false,"ngg_post_thumbnail":0,"jetpack_post_was_ever_published":false,"_jetpack_newsletter_access":"","_jetpack_dont_email_post_to_subs":false,"_jetpack_newsletter_tier_id":0,"_jetpack_memberships_contains_paywalled_content":false,"_jetpack_memberships_contains_paid_content":false,"footnotes":"","jetpack_publicize_message":"","jetpack_publicize_feature_enabled":true,"jetpack_social_post_already_shared":false,"jetpack_social_options":{"image_generator_settings":{"template":"highway","default_image_id":0,"font":"","enabled":false},"version":2}},"categories":[6],"tags":[10263,1896,162,55,163,4572],"class_list":["post-871","post","type-post","status-publish","format-standard","has-post-thumbnail","hentry","category-pictureless-thoughts","tag-arcade-fire","tag-black-mirror","tag-chicago","tag-etats-unis","tag-illinois","tag-neon-bible-album"],"acf":[],"geo":null,"jetpack_publicize_connections":[],"jetpack_featured_media_url":"https:\/\/www.wallendorff.com\/belogue\/wp-content\/uploads\/2015\/04\/200701091t1.jpg","jetpack_shortlink":"https:\/\/wp.me\/p3b35P-e3","jetpack_sharing_enabled":true,"jetpack-related-posts":[{"id":53077,"url":"https:\/\/www.wallendorff.com\/belogue\/2022\/09\/16\/arcade-fire-bercy-arena-paris-15-septembre-2022\/","url_meta":{"origin":871,"position":0},"title":"Arcade Fire @ Bercy Ar\u00e9na, Paris, 15 septembre 2022","author":"dpc","date":"16 septembre 2022","format":false,"excerpt":"Arcade Fire @ Bercy Ar\u00e9na, Paris, 15\/09\/2022 Arcade Fire @ Bercy Ar\u00e9na, Paris, 15\/09\/2022 Arcade Fire @ Bercy Ar\u00e9na, Paris, 15\/09\/2022 Arcade Fire @ Bercy Ar\u00e9na, Paris, 15\/09\/2022 Arcade Fire @ Bercy Ar\u00e9na, Paris, 15\/09\/2022 Arcade Fire @ Bercy Ar\u00e9na, Paris, 15\/09\/2022 Arcade Fire @ Bercy Ar\u00e9na, Paris, 15\/09\/2022 Arcade\u2026","rel":"","context":"Dans &quot;Alive&quot;","block_context":{"text":"Alive","link":"https:\/\/www.wallendorff.com\/belogue\/category\/alive\/"},"img":{"alt_text":"","src":"https:\/\/i0.wp.com\/www.wallendorff.com\/belogue\/wp-content\/uploads\/2022\/09\/20220916-06.jpg?resize=350%2C200&ssl=1","width":350,"height":200,"srcset":"https:\/\/i0.wp.com\/www.wallendorff.com\/belogue\/wp-content\/uploads\/2022\/09\/20220916-06.jpg?resize=350%2C200&ssl=1 1x, https:\/\/i0.wp.com\/www.wallendorff.com\/belogue\/wp-content\/uploads\/2022\/09\/20220916-06.jpg?resize=525%2C300&ssl=1 1.5x, https:\/\/i0.wp.com\/www.wallendorff.com\/belogue\/wp-content\/uploads\/2022\/09\/20220916-06.jpg?resize=700%2C400&ssl=1 2x, https:\/\/i0.wp.com\/www.wallendorff.com\/belogue\/wp-content\/uploads\/2022\/09\/20220916-06.jpg?resize=1050%2C600&ssl=1 3x"},"classes":[]},{"id":917,"url":"https:\/\/www.wallendorff.com\/belogue\/2007\/03\/21\/arcade-fire-l-olympia-paris\/","url_meta":{"origin":871,"position":1},"title":"Arcade Fire @ l&rsquo;Olympia, Paris.","author":"dpc","date":"21 mars 2007","format":false,"excerpt":"Keep the Car Running | No Cars Go | Ha\u00efti | Black Mirror | Poup\u00e9e de cire, poup\u00e9e de son (France Gall) | Neighborhood #2 (Laika) | My Body Is a Cage | Black Wave\/Bad Vibrations | Ocean of Noise | Neighborhood #1 (Tunnels) | The Well and the Lighthouse\u2026","rel":"","context":"Dans &quot;Alive&quot;","block_context":{"text":"Alive","link":"https:\/\/www.wallendorff.com\/belogue\/category\/alive\/"},"img":{"alt_text":"","src":"https:\/\/i0.wp.com\/www.wallendorff.com\/belogue\/wp-content\/uploads\/2015\/04\/200611015.jpg?resize=350%2C200&ssl=1","width":350,"height":200},"classes":[]},{"id":20300,"url":"https:\/\/www.wallendorff.com\/belogue\/2007\/03\/05\/neon-bible\/","url_meta":{"origin":871,"position":2},"title":"Neon Bible","author":"dpc","date":"5 mars 2007","format":false,"excerpt":"Merge Records_46\u201957\u201d_05\/03 Et c'est aur\u00e9ol\u00e9 de gloire, adoub\u00e9 par les plus grands, port\u00e9 unanimement aux nues qu'Arcade Fire s'\u00e9vanouit un soir de d\u00e9cembre 2005, apr\u00e8s \u00eatre pass\u00e9 en un an de l'anonymat indie \u00e0 la reconnaissance mondiale, des fonds de blogs aux couv\u2019 des Inrocks, des clubs montr\u00e9alais aux premi\u00e8re\u2026","rel":"","context":"Dans &quot;Chroniques&quot;","block_context":{"text":"Chroniques","link":"https:\/\/www.wallendorff.com\/belogue\/category\/chroniques\/"},"img":{"alt_text":"","src":"","width":0,"height":0},"classes":[]},{"id":886,"url":"https:\/\/www.wallendorff.com\/belogue\/2007\/01\/31\/arcade-fire-st-john-s-church-londres\/","url_meta":{"origin":871,"position":3},"title":"Arcade Fire @ St John&rsquo;s Church, Londres.","author":"dpc","date":"31 janvier 2007","format":false,"excerpt":"Wake Up | Keep the Car Running | Black Mirror | No Cars Go | Black Wave\/Bad Vibrations | Ha\u00efti | The Well and the Lighthouse | Ocean of Noise | Rebellion (Lies) | Intervention | (Antichrist Television Blues) || My Body Is a Cage | Neighborhood #2 (Laika) [D\u00e9sol\u00e9\u2026","rel":"","context":"Dans &quot;Alive&quot;","block_context":{"text":"Alive","link":"https:\/\/www.wallendorff.com\/belogue\/category\/alive\/"},"img":{"alt_text":"","src":"https:\/\/i0.wp.com\/www.wallendorff.com\/belogue\/wp-content\/uploads\/2015\/04\/200701311.jpg?resize=350%2C200&ssl=1","width":350,"height":200,"srcset":"https:\/\/i0.wp.com\/www.wallendorff.com\/belogue\/wp-content\/uploads\/2015\/04\/200701311.jpg?resize=350%2C200&ssl=1 1x, https:\/\/i0.wp.com\/www.wallendorff.com\/belogue\/wp-content\/uploads\/2015\/04\/200701311.jpg?resize=525%2C300&ssl=1 1.5x, https:\/\/i0.wp.com\/www.wallendorff.com\/belogue\/wp-content\/uploads\/2015\/04\/200701311.jpg?resize=700%2C400&ssl=1 2x"},"classes":[]},{"id":1003,"url":"https:\/\/www.wallendorff.com\/belogue\/2007\/07\/28\/arcade-fire-paleo-festival-nyon\/","url_meta":{"origin":871,"position":4},"title":"Arcade Fire @ Pal\u00e9o festival, Nyon.","author":"dpc","date":"28 juillet 2007","format":false,"excerpt":"Arcade Fire, les Eurock\u00e9ennes, Belfort, 1er juillet. Les Suisses sont cools. Les Suisse ont enregistr\u00e9 le concert d'Arcade Fire au Pal\u00e9o de mercredi et en ont diffus\u00e9 une heure hier soir. Concert manifestement aussi mortel qu'\u00e0 Belfort, avec le m\u00eame encha\u00eenement dingue de Power Out et Rebellion que je vous\u2026","rel":"","context":"Dans &quot;Alive&quot;","block_context":{"text":"Alive","link":"https:\/\/www.wallendorff.com\/belogue\/category\/alive\/"},"img":{"alt_text":"","src":"https:\/\/i0.wp.com\/www.wallendorff.com\/belogue\/wp-content\/uploads\/2015\/04\/200707281.jpg?resize=350%2C200&ssl=1","width":350,"height":200,"srcset":"https:\/\/i0.wp.com\/www.wallendorff.com\/belogue\/wp-content\/uploads\/2015\/04\/200707281.jpg?resize=350%2C200&ssl=1 1x, https:\/\/i0.wp.com\/www.wallendorff.com\/belogue\/wp-content\/uploads\/2015\/04\/200707281.jpg?resize=525%2C300&ssl=1 1.5x, https:\/\/i0.wp.com\/www.wallendorff.com\/belogue\/wp-content\/uploads\/2015\/04\/200707281.jpg?resize=700%2C400&ssl=1 2x"},"classes":[]},{"id":20216,"url":"https:\/\/www.wallendorff.com\/belogue\/2005\/02\/28\/the-arcade-fire-funeral\/","url_meta":{"origin":871,"position":5},"title":"Arcade Fire &ndash; Funeral","author":"dpc","date":"28 f\u00e9vrier 2005","format":false,"excerpt":"Rough Trade_47\u201956\u201d_28\/02 On l\u2019avait pressenti avec The Dears. Au bout de 15 ans de Roch Voisine, d\u2019Isabelle Boulay et de Garou, ce coup-ci c\u2019est s\u00fbr, Montr\u00e9al cherche \u00e0 se racheter. Et Arcade Fire est un grand pas vers la r\u00e9demption. Constitu\u00e9e autour du couple Win Butler\u00a0\/ R\u00e9gine Chassagne, cette troupe\u2026","rel":"","context":"Dans &quot;Chroniques&quot;","block_context":{"text":"Chroniques","link":"https:\/\/www.wallendorff.com\/belogue\/category\/chroniques\/"},"img":{"alt_text":"","src":"","width":0,"height":0},"classes":[]}],"_links":{"self":[{"href":"https:\/\/www.wallendorff.com\/belogue\/wp-json\/wp\/v2\/posts\/871","targetHints":{"allow":["GET"]}}],"collection":[{"href":"https:\/\/www.wallendorff.com\/belogue\/wp-json\/wp\/v2\/posts"}],"about":[{"href":"https:\/\/www.wallendorff.com\/belogue\/wp-json\/wp\/v2\/types\/post"}],"author":[{"embeddable":true,"href":"https:\/\/www.wallendorff.com\/belogue\/wp-json\/wp\/v2\/users\/1"}],"replies":[{"embeddable":true,"href":"https:\/\/www.wallendorff.com\/belogue\/wp-json\/wp\/v2\/comments?post=871"}],"version-history":[{"count":4,"href":"https:\/\/www.wallendorff.com\/belogue\/wp-json\/wp\/v2\/posts\/871\/revisions"}],"predecessor-version":[{"id":17020,"href":"https:\/\/www.wallendorff.com\/belogue\/wp-json\/wp\/v2\/posts\/871\/revisions\/17020"}],"wp:featuredmedia":[{"embeddable":true,"href":"https:\/\/www.wallendorff.com\/belogue\/wp-json\/wp\/v2\/media\/24805"}],"wp:attachment":[{"href":"https:\/\/www.wallendorff.com\/belogue\/wp-json\/wp\/v2\/media?parent=871"}],"wp:term":[{"taxonomy":"category","embeddable":true,"href":"https:\/\/www.wallendorff.com\/belogue\/wp-json\/wp\/v2\/categories?post=871"},{"taxonomy":"post_tag","embeddable":true,"href":"https:\/\/www.wallendorff.com\/belogue\/wp-json\/wp\/v2\/tags?post=871"}],"curies":[{"name":"wp","href":"https:\/\/api.w.org\/{rel}","templated":true}]}}