{"id":86,"date":"2006-02-23T23:58:00","date_gmt":"2006-02-23T23:58:00","guid":{"rendered":"http:\/\/www.po-l.com\/wordpress\/?p=86"},"modified":"2018-05-23T08:08:28","modified_gmt":"2018-05-23T06:08:28","slug":"pas-cense-long-heurte-tant","status":"publish","type":"post","link":"https:\/\/www.wallendorff.com\/belogue\/2006\/02\/23\/pas-cense-long-heurte-tant\/","title":{"rendered":"Pas cens\u00e9 long heurt de temps."},"content":{"rendered":"\n<div id=\"photo\">\n<p><img decoding=\"async\" src=\"http:\/\/www.po-L.com\/belogue\/photo\/2006\/02\/20060223.jpg\" \/><br \/>\n          Studios Ferber, Paris, 31 janvier, 22h03.<\/p>\n<\/p><\/div>\n<p>R&eacute;sumons. Je suis debout dans une trav&eacute;e de Bercy, entour&eacute; par ma s&oelig;ur et mon p&egrave;re, 4 concerts de Depeche Mode au compteur chacun, et &agrave; une centaine de m&egrave;tre de l&agrave;, un Gahan torse nu braille &agrave; qui veut l&rsquo;entendre [c&rsquo;est-&agrave;-dire tout le monde] que le silence, paradoxalement, il aime &ccedil;a. C&rsquo;est mon premier concert de Depeche Mode. Les 3 autres, je les ai tous loup&eacute;s. Le 22 octobre 1990, j&rsquo;&eacute;tais trop petit, le 29 juin 1993, j&rsquo;&eacute;tais trop pr&egrave;s du brevet et le 7 octobre 1998, j&rsquo;avais une interro de Cravero le lendemain.<\/p>\n<p>Mais tout &ccedil;a, c&rsquo;est loin. Je suis grand, j&rsquo;ai le brevet, Cra est en retraite depuis 3 ans et, enfin, rien ne peut m&#8217;emp&ecirc;cher d&rsquo;&ecirc;tre l&agrave; ce soir. Entour&eacute; comme il se doit, devant la valeur musicale familiale par excellence, une vraie brochette de h&eacute;ros d&rsquo;enfance&nbsp;: je ne suis plus qu&rsquo;une flaque. J&rsquo;ai beau avoir partag&eacute; un bar avec les White, accompagn&eacute; le chanteur de Cake aux chiottes, approch&eacute; Carl Bar&acirc;t de presque pr&egrave;s, mais tout &ccedil;a, au final, &ccedil;a vaut pas un Dave Gahan tout petit et torse nu &agrave; 100&nbsp;m de moi, pendant que ma s&oelig;ur l&egrave;ve les bras et que mon p&egrave;re chante <em>Personal Jesus<\/em>. Tout comme cela ne valait pas le tout petit Slash en chapeau, Malboro et Gibson d&rsquo;il y a deux ans, le soir de Velvet Revolver, ni Gros Robert &agrave; Coachella. Tout comme cela ne vaudra pas non plus, j&rsquo;en suis s&ucirc;r, mon premier concert de Pearl Jam ou d&rsquo;Iron Maiden mais-alors-avec-Dickinson-au-chant-parce-qu&rsquo;avec-Bailey-&ccedil;a-compte-pas. Des flaques comme jamais t&rsquo;en as vues, gros.<\/p>\n<p>En fait, voir enfin un h&eacute;ros de l&rsquo;enfance, &ccedil;a comble en m&ecirc;me temps celui qu&rsquo;on est et celui que l&rsquo;on fut. Le gamin de 13 ans qui apprenait les paroles du <em>101<\/em> et qui r&ecirc;vait [d&eacute;j&agrave;] sur les photos d&rsquo;Anton Corbijn est s&ucirc;rement juch&eacute; sur mon &eacute;paule, ce soir, incapable de croire que <em>cela<\/em> arrive <em>enfin<\/em>. &Ccedil;a doit &ecirc;tre pour &ccedil;a que mes flaques sont deux fois plus vastes que d&rsquo;habitude, &agrave; la r&eacute;flexion&nbsp;: on s&rsquo;y est mis &agrave; deux pour les faire.<\/p>\n<p style=\"text-align:right\">&ldquo;<em>Never want to come down,<br \/>\n        Never want to put my feet back on the ground.<\/em>&rdquo; <\/p>\n<div id=\"bandeson\">\n<p><img decoding=\"async\" src=\"https:\/\/www.wallendorff.com\/belogue\/photo\/pochettes\/d\/depeche_mode-101.jpg\" align=\"left\" \/>&nbsp;<a href=\"http:\/\/www.depechemode.com\">Depeche Mode<\/a> &ndash; <em>Never Let Me Down Again<\/em> (live)<\/p>\n<\/div>\n<p class=\"petit\"><strong>\/Edit deux jours plus tard&nbsp;:<\/strong> &Agrave; la r&eacute;flexion, cette histoire que les flaques les plus grosses qu&rsquo;on fait, on les fait devant les h&eacute;ros de notre enfance, &ccedil;a se r&eacute;sume par &laquo;&nbsp;C&rsquo;est dans les vieilles pops qu&rsquo;on fait les meilleures soupes.&nbsp;&raquo;<br \/>\n        Voil&agrave;.<\/p>\n","protected":false},"excerpt":{"rendered":"<p>Studios Ferber, Paris, 31 janvier, 22h03. R&eacute;sumons. Je suis debout dans une trav&eacute;e de Bercy, entour&eacute; par ma s&oelig;ur et mon p&egrave;re, 4 concerts de Depeche Mode au compteur chacun, et &agrave; une centaine de m&egrave;tre de l&agrave;, un Gahan torse nu braille &agrave; qui veut l&rsquo;entendre [c&rsquo;est-&agrave;-dire tout le monde] que le silence, paradoxalement,&hellip;<\/p>\n","protected":false},"author":1,"featured_media":24020,"comment_status":"closed","ping_status":"closed","sticky":false,"template":"","format":"standard","meta":{"_acf_changed":false,"ngg_post_thumbnail":0,"jetpack_post_was_ever_published":false,"_jetpack_newsletter_access":"","_jetpack_dont_email_post_to_subs":false,"_jetpack_newsletter_tier_id":0,"_jetpack_memberships_contains_paywalled_content":false,"_jetpack_memberships_contains_paid_content":false,"footnotes":"","jetpack_publicize_message":"","jetpack_publicize_feature_enabled":true,"jetpack_social_post_already_shared":false,"jetpack_social_options":{"image_generator_settings":{"template":"highway","default_image_id":0,"font":"","enabled":false},"version":2}},"categories":[3],"tags":[10216,142,132,10126,10120,10121,826,143,10409,10098,13291,10365,1461],"class_list":["post-86","post","type-post","status-publish","format-standard","has-post-thumbnail","hentry","category-dpc","tag-10216","tag-ef-s-10-22-mm-f35-45-usm","tag-eos-20d","tag-depeche-mode","tag-france","tag-ile-de-france","tag-never-let-me-down-again","tag-noir-et-blanc","tag-palais-omnisports-de-paris-bercy","tag-paris","tag-rue-pierre-mouillard","tag-studio","tag-studio-ferber"],"acf":[],"geo":{"latitude":48.8673248,"longitude":2.4081972,"description":"4-6 Rue Pierre Mouillard, 75020 Paris, France"},"jetpack_publicize_connections":[],"jetpack_featured_media_url":"https:\/\/www.wallendorff.com\/belogue\/wp-content\/uploads\/2015\/04\/200602231.jpg","jetpack_shortlink":"https:\/\/wp.me\/p3b35P-1o","jetpack_sharing_enabled":true,"jetpack-related-posts":[{"id":127185,"url":"https:\/\/www.wallendorff.com\/belogue\/2024\/01\/23\/ni-lune-ni-deux\/","url_meta":{"origin":86,"position":0},"title":"Ni lune, ni deux.","author":"dpc","date":"23 janvier 2024","format":false,"excerpt":"Avenue du Pr\u00e9sident-Kennedy, Paris, 27 novembre 2023. J'\u00e9tais parti pour aller voir au Trocad\u00e9ro si j'y \u00e9tais, en choisissant un soir bien froid, bien humide pour \u00e9ventuellement y trouver quelques touristes esseul\u00e9s et, peut-\u00eatre, une flaque adapt\u00e9e \u00e0 la photographie de reflet nocturne de tour m\u00e9tallique de grande envergure.Passant sur\u2026","rel":"","context":"Dans &quot;DPC&quot;","block_context":{"text":"DPC","link":"https:\/\/www.wallendorff.com\/belogue\/category\/dpc\/"},"img":{"alt_text":"","src":"https:\/\/i0.wp.com\/www.wallendorff.com\/belogue\/wp-content\/uploads\/2024\/01\/20240123.jpg?resize=350%2C200&ssl=1","width":350,"height":200,"srcset":"https:\/\/i0.wp.com\/www.wallendorff.com\/belogue\/wp-content\/uploads\/2024\/01\/20240123.jpg?resize=350%2C200&ssl=1 1x, https:\/\/i0.wp.com\/www.wallendorff.com\/belogue\/wp-content\/uploads\/2024\/01\/20240123.jpg?resize=525%2C300&ssl=1 1.5x, https:\/\/i0.wp.com\/www.wallendorff.com\/belogue\/wp-content\/uploads\/2024\/01\/20240123.jpg?resize=700%2C400&ssl=1 2x, https:\/\/i0.wp.com\/www.wallendorff.com\/belogue\/wp-content\/uploads\/2024\/01\/20240123.jpg?resize=1050%2C600&ssl=1 3x"},"classes":[]},{"id":130417,"url":"https:\/\/www.wallendorff.com\/belogue\/2024\/08\/29\/there-we-were-now-here-we-are\/","url_meta":{"origin":86,"position":1},"title":"There we were, now here we are.","author":"dpc","date":"29 ao\u00fbt 2024","format":false,"excerpt":"Rock en Seine, Domaine national de Saint-Cloud, 28 ao\u00fbt 2009.J\u2019ai photographi\u00e9 ces trois jeunes filles du premier rang du public de Rock en Seine le 28 ao\u00fbt 2009 \u00e0 21 h 59 min 41 s, juste avant le concert d\u2019Oasis, juste avant l\u2019annonce de la plus fameuse baston-\u00e0-coups-de-guitares-en- loges\u00b9 de\u2026","rel":"","context":"Dans &quot;Alive&quot;","block_context":{"text":"Alive","link":"https:\/\/www.wallendorff.com\/belogue\/category\/alive\/"},"img":{"alt_text":"","src":"https:\/\/i0.wp.com\/www.wallendorff.com\/belogue\/wp-content\/uploads\/2024\/08\/20240829-01.jpg?resize=350%2C200&ssl=1","width":350,"height":200,"srcset":"https:\/\/i0.wp.com\/www.wallendorff.com\/belogue\/wp-content\/uploads\/2024\/08\/20240829-01.jpg?resize=350%2C200&ssl=1 1x, https:\/\/i0.wp.com\/www.wallendorff.com\/belogue\/wp-content\/uploads\/2024\/08\/20240829-01.jpg?resize=525%2C300&ssl=1 1.5x, https:\/\/i0.wp.com\/www.wallendorff.com\/belogue\/wp-content\/uploads\/2024\/08\/20240829-01.jpg?resize=700%2C400&ssl=1 2x, https:\/\/i0.wp.com\/www.wallendorff.com\/belogue\/wp-content\/uploads\/2024\/08\/20240829-01.jpg?resize=1050%2C600&ssl=1 3x"},"classes":[]},{"id":3963,"url":"https:\/\/www.wallendorff.com\/belogue\/2009\/03\/02\/les-bouleau-ronds-dedans\/","url_meta":{"origin":86,"position":2},"title":"Les bouleaux ronds dedans.","author":"dpc","date":"2 mars 2009","format":false,"excerpt":"Panth\u00e9on, Paris, 18 janvier. Apr\u00e8s un week-end riche en \u00e9v\u00e9nements musicaux au cours duquel on a pu voir BB Brunes obtenir la Victoire de la r\u00e9v\u00e9lation sc\u00e8ne afin d'\u00e9viter une nouvelle gr\u00e8ve lyc\u00e9enne, Saez d\u00e9guis\u00e9 en Kurt Cobain nous faire un sp\u00e9cial reva\u00efv\u00f4le ann\u00e9es 901 avec ses gratteux d\u00e9guis\u00e9s en\u2026","rel":"","context":"Dans &quot;DPC&quot;","block_context":{"text":"DPC","link":"https:\/\/www.wallendorff.com\/belogue\/category\/dpc\/"},"img":{"alt_text":"","src":"https:\/\/i0.wp.com\/www.wallendorff.com\/belogue\/wp-content\/uploads\/2015\/04\/200903021.jpg?resize=350%2C200&ssl=1","width":350,"height":200,"srcset":"https:\/\/i0.wp.com\/www.wallendorff.com\/belogue\/wp-content\/uploads\/2015\/04\/200903021.jpg?resize=350%2C200&ssl=1 1x, https:\/\/i0.wp.com\/www.wallendorff.com\/belogue\/wp-content\/uploads\/2015\/04\/200903021.jpg?resize=525%2C300&ssl=1 1.5x"},"classes":[]},{"id":824,"url":"https:\/\/www.wallendorff.com\/belogue\/2006\/11\/09\/plus-honnete-flou-blouson-gris\/","url_meta":{"origin":86,"position":3},"title":"Plus honn\u00eate flou, Blouson gris.","author":"dpc","date":"9 novembre 2006","format":false,"excerpt":"Jet, le Batclan, Paris, 27 octobre. [Y a rien de pire que de se lever le matin et de se tra\u00eener jusqu'au bourreau avec le dernier1 My Chemiballs Romance dans la t\u00eate, je vais me pendre avant la fin de la journ\u00e9e.] C'est s\u00fbr qu'avec sa gueule toute floute, \u00e0\u2026","rel":"","context":"Dans &quot;DPC&quot;","block_context":{"text":"DPC","link":"https:\/\/www.wallendorff.com\/belogue\/category\/dpc\/"},"img":{"alt_text":"","src":"https:\/\/i0.wp.com\/www.wallendorff.com\/belogue\/wp-content\/uploads\/2015\/04\/200611091.jpg?resize=350%2C200&ssl=1","width":350,"height":200},"classes":[]},{"id":4096,"url":"https:\/\/www.wallendorff.com\/belogue\/2009\/03\/31\/shooting-people-48\/","url_meta":{"origin":86,"position":4},"title":"Shooting people #48.","author":"dpc","date":"31 mars 2009","format":false,"excerpt":"Rue Saint-Rustique, Paris, 22 f\u00e9vrier. Depeche Mode \u2013 Halo (Goldfrapp mix)","rel":"","context":"Dans &quot;Portraits&quot;","block_context":{"text":"Portraits","link":"https:\/\/www.wallendorff.com\/belogue\/category\/portraits\/"},"img":{"alt_text":"","src":"https:\/\/i0.wp.com\/www.wallendorff.com\/belogue\/wp-content\/uploads\/2015\/04\/200903311.jpg?resize=350%2C200&ssl=1","width":350,"height":200,"srcset":"https:\/\/i0.wp.com\/www.wallendorff.com\/belogue\/wp-content\/uploads\/2015\/04\/200903311.jpg?resize=350%2C200&ssl=1 1x, https:\/\/i0.wp.com\/www.wallendorff.com\/belogue\/wp-content\/uploads\/2015\/04\/200903311.jpg?resize=525%2C300&ssl=1 1.5x"},"classes":[]},{"id":128329,"url":"https:\/\/www.wallendorff.com\/belogue\/2024\/06\/14\/cetait-2006\/","url_meta":{"origin":86,"position":5},"title":"C&rsquo;\u00e9tait 2006.","author":"dpc","date":"14 juin 2024","format":false,"excerpt":"62 concerts en 2006. \u00c7a explique la nature de la galerie de l'ann\u00e9e. Arctic Monkeys @ le Trabendo, Paris, 24 f\u00e9vrier 2006 Londres, 3 mars 2006 Londres, 28 avril 2006 Arctic Monkeys @ le Bataclan, Paris, 2 mai 2006 Dresden Dolls @ le Bataclan, Paris, 18 mai 2006 Asyl @\u2026","rel":"","context":"Dans &quot;DPC&quot;","block_context":{"text":"DPC","link":"https:\/\/www.wallendorff.com\/belogue\/category\/dpc\/"},"img":{"alt_text":"","src":"https:\/\/i0.wp.com\/www.wallendorff.com\/belogue\/wp-content\/uploads\/2024\/06\/20240614-19.jpg?resize=350%2C200&ssl=1","width":350,"height":200,"srcset":"https:\/\/i0.wp.com\/www.wallendorff.com\/belogue\/wp-content\/uploads\/2024\/06\/20240614-19.jpg?resize=350%2C200&ssl=1 1x, https:\/\/i0.wp.com\/www.wallendorff.com\/belogue\/wp-content\/uploads\/2024\/06\/20240614-19.jpg?resize=525%2C300&ssl=1 1.5x, https:\/\/i0.wp.com\/www.wallendorff.com\/belogue\/wp-content\/uploads\/2024\/06\/20240614-19.jpg?resize=700%2C400&ssl=1 2x, https:\/\/i0.wp.com\/www.wallendorff.com\/belogue\/wp-content\/uploads\/2024\/06\/20240614-19.jpg?resize=1050%2C600&ssl=1 3x"},"classes":[]}],"_links":{"self":[{"href":"https:\/\/www.wallendorff.com\/belogue\/wp-json\/wp\/v2\/posts\/86","targetHints":{"allow":["GET"]}}],"collection":[{"href":"https:\/\/www.wallendorff.com\/belogue\/wp-json\/wp\/v2\/posts"}],"about":[{"href":"https:\/\/www.wallendorff.com\/belogue\/wp-json\/wp\/v2\/types\/post"}],"author":[{"embeddable":true,"href":"https:\/\/www.wallendorff.com\/belogue\/wp-json\/wp\/v2\/users\/1"}],"replies":[{"embeddable":true,"href":"https:\/\/www.wallendorff.com\/belogue\/wp-json\/wp\/v2\/comments?post=86"}],"version-history":[{"count":3,"href":"https:\/\/www.wallendorff.com\/belogue\/wp-json\/wp\/v2\/posts\/86\/revisions"}],"predecessor-version":[{"id":32446,"href":"https:\/\/www.wallendorff.com\/belogue\/wp-json\/wp\/v2\/posts\/86\/revisions\/32446"}],"wp:featuredmedia":[{"embeddable":true,"href":"https:\/\/www.wallendorff.com\/belogue\/wp-json\/wp\/v2\/media\/24020"}],"wp:attachment":[{"href":"https:\/\/www.wallendorff.com\/belogue\/wp-json\/wp\/v2\/media?parent=86"}],"wp:term":[{"taxonomy":"category","embeddable":true,"href":"https:\/\/www.wallendorff.com\/belogue\/wp-json\/wp\/v2\/categories?post=86"},{"taxonomy":"post_tag","embeddable":true,"href":"https:\/\/www.wallendorff.com\/belogue\/wp-json\/wp\/v2\/tags?post=86"}],"curies":[{"name":"wp","href":"https:\/\/api.w.org\/{rel}","templated":true}]}}