{"id":859,"date":"2006-12-25T22:06:04","date_gmt":"2006-12-25T22:06:04","guid":{"rendered":"http:\/\/www.po-l.com\/wordpress\/?p=859"},"modified":"2012-06-06T12:35:46","modified_gmt":"2012-06-06T10:35:46","slug":"vif-levant-d-hier","status":"publish","type":"post","link":"https:\/\/www.wallendorff.com\/belogue\/2006\/12\/25\/vif-levant-d-hier\/","title":{"rendered":"Vif levant d&rsquo;hier."},"content":{"rendered":"<div id=\"photo\">\n<p><img decoding=\"async\" src=\"https:\/\/www.wallendorff.com\/belogue\/photo\/2006\/12\/20061225.jpg\"\/><br \/>\nRue du Vieux Seigle, Strasbourg, 17 d&eacute;cembre.<\/p>\n<\/div>\n<p style=\"text-align:right\">Et joyeux machin, donc.<\/p>\n<div id=\"bandeson\">\n<p><img decoding=\"async\" src=\"https:\/\/www.wallendorff.com\/belogue\/photo\/pochettes\/f\/franz_ferdinand-the_fallen.jpg\" align=\"left\" \/>&nbsp;<a href=\"http:\/\/www.franzferdinand.co.uk\/\">Franz Ferdinand<\/a> &ndash; <em>Brown Onions<\/em><\/p>\n<\/p><\/div>\n","protected":false},"excerpt":{"rendered":"<p>Rue du Vieux Seigle, Strasbourg, 17 d&eacute;cembre. Et joyeux machin, donc. &nbsp;Franz Ferdinand &ndash; Brown Onions<\/p>\n","protected":false},"author":1,"featured_media":24793,"comment_status":"open","ping_status":"open","sticky":false,"template":"","format":"standard","meta":{"_acf_changed":false,"ngg_post_thumbnail":0,"jetpack_post_was_ever_published":false,"_jetpack_newsletter_access":"","_jetpack_dont_email_post_to_subs":false,"_jetpack_newsletter_tier_id":0,"_jetpack_memberships_contains_paywalled_content":false,"_jetpack_memberships_contains_paid_content":false,"footnotes":"","jetpack_publicize_message":"","jetpack_publicize_feature_enabled":true,"jetpack_social_post_already_shared":false,"jetpack_social_options":{"image_generator_settings":{"template":"highway","default_image_id":0,"font":"","enabled":false},"version":2}},"categories":[3],"tags":[10219,10424,1883,132,10314,10307,10120,10100,10642,143,10147,10351,1884,170,10422],"class_list":["post-859","post","type-post","status-publish","format-standard","has-post-thumbnail","hentry","category-dpc","tag-alsace","tag-bas-rhin","tag-brown-onions","tag-eos-20d","tag-etoile","tag-fenetre","tag-france","tag-franz-ferdinand","tag-illuminations","tag-noir-et-blanc","tag-nuit","tag-rue","tag-rue-du-vieux-seigle","tag-sigma-70-300-mm-f4-56-dg-apo-macro","tag-strasbourg"],"acf":[],"geo":{"latitude":48.5818825,"longitude":7.7470994,"description":null},"jetpack_publicize_connections":[],"jetpack_featured_media_url":"https:\/\/www.wallendorff.com\/belogue\/wp-content\/uploads\/2015\/04\/200612251.jpg","jetpack_shortlink":"https:\/\/wp.me\/p3b35P-dR","jetpack_sharing_enabled":true,"jetpack-related-posts":[{"id":4219,"url":"https:\/\/www.wallendorff.com\/belogue\/2009\/05\/25\/franz-ferdinand-born-ruffians-clutch-cargos-pontiac-03052009\/","url_meta":{"origin":859,"position":0},"title":"Franz Ferdinand + Born Ruffians @ Clutch Cargo&rsquo;s, Pontiac, 03\/05\/2009.","author":"dpc","date":"25 mai 2009","format":false,"excerpt":"\u00a0 The Hard Lessons \u2013 Tired Straits (See You Again) C'est fou comme certains titres de notes peuvent rappeler de tr\u00e8s vieux, voire tr\u00e8s tr\u00e8s vieux souvenirs. [Qui d'ailleurs montrent, et c'est rassurant, qu'on a vaguement progress\u00e9 en 5 ans.] Born Ruffians \u00a0 Franz Ferdinand \u00a0","rel":"","context":"Dans &quot;Alive&quot;","block_context":{"text":"Alive","link":"https:\/\/www.wallendorff.com\/belogue\/category\/alive\/"},"img":{"alt_text":"","src":"https:\/\/i0.wp.com\/www.wallendorff.com\/belogue\/wp-content\/uploads\/2015\/04\/200905251.jpg?resize=350%2C200&ssl=1","width":350,"height":200,"srcset":"https:\/\/i0.wp.com\/www.wallendorff.com\/belogue\/wp-content\/uploads\/2015\/04\/200905251.jpg?resize=350%2C200&ssl=1 1x, https:\/\/i0.wp.com\/www.wallendorff.com\/belogue\/wp-content\/uploads\/2015\/04\/200905251.jpg?resize=525%2C300&ssl=1 1.5x, https:\/\/i0.wp.com\/www.wallendorff.com\/belogue\/wp-content\/uploads\/2015\/04\/200905251.jpg?resize=700%2C400&ssl=1 2x"},"classes":[]},{"id":22599,"url":"https:\/\/www.wallendorff.com\/belogue\/2014\/02\/28\/fevrier-2014\/","url_meta":{"origin":859,"position":1},"title":"F\u00e9vrier 2014.","author":"dpc","date":"28 f\u00e9vrier 2014","format":false,"excerpt":"Survivre trois jours sans Internet, f\u00eater ses 17 ans, subir une attaque de Chartreuse, f\u00eater une retraite, prendre un train, chouter un concert, prendre un train, faire du collage, boire, prendre un camion, chouter un concert, acheter des di\u0161ques, reprendre un camion, chouter un concert, se faire l\u00e9cher l'objectif et\u2026","rel":"","context":"Dans &quot;Blog-note&quot;","block_context":{"text":"Blog-note","link":"https:\/\/www.wallendorff.com\/belogue\/category\/blog-note\/"},"img":{"alt_text":"","src":"https:\/\/i0.wp.com\/www.wallendorff.com\/belogue\/wp-content\/uploads\/2015\/04\/20140311-221.jpg?resize=350%2C200&ssl=1","width":350,"height":200,"srcset":"https:\/\/i0.wp.com\/www.wallendorff.com\/belogue\/wp-content\/uploads\/2015\/04\/20140311-221.jpg?resize=350%2C200&ssl=1 1x, https:\/\/i0.wp.com\/www.wallendorff.com\/belogue\/wp-content\/uploads\/2015\/04\/20140311-221.jpg?resize=525%2C300&ssl=1 1.5x, https:\/\/i0.wp.com\/www.wallendorff.com\/belogue\/wp-content\/uploads\/2015\/04\/20140311-221.jpg?resize=700%2C400&ssl=1 2x"},"classes":[]},{"id":251,"url":"https:\/\/www.wallendorff.com\/belogue\/2005\/12\/04\/bols-in-haut\/","url_meta":{"origin":859,"position":2},"title":"Bols in haut.","author":"dpc","date":"4 d\u00e9cembre 2005","format":false,"excerpt":"Rue de la Verrerie, Paris, 19 novembre. \u00c7a peut sembler con, mais j'ai envie d'ann\u00e9es 60, moi. [\"I could be there when you land\"] \u00a0Franz Ferdinand \u2013 Eleanore Put Your Boots on","rel":"","context":"Dans &quot;DPC&quot;","block_context":{"text":"DPC","link":"https:\/\/www.wallendorff.com\/belogue\/category\/dpc\/"},"img":{"alt_text":"","src":"https:\/\/i0.wp.com\/www.wallendorff.com\/belogue\/wp-content\/uploads\/2015\/04\/200512041.jpg?resize=350%2C200&ssl=1","width":350,"height":200},"classes":[]},{"id":21542,"url":"https:\/\/www.wallendorff.com\/belogue\/2013\/08\/31\/aout-2013\/","url_meta":{"origin":859,"position":3},"title":"Ao\u00fbt 2013.","author":"dpc","date":"31 ao\u00fbt 2013","format":false,"excerpt":"5 titres Ty Segall \u2013 The West Jagwar Ma \u2013 Man I Need The Vaccines \u2013 Melody Calling Mr. Little Jeans \u2013 Oh Sailor TV on the Radio \u2013 Mercy Albums The Icarus Line \u2013 Slave Vows Ty Segall \u2013 Sleeper Bastille \u2013 Bad Blood Franz Ferdinand \u2013 Right Thoughts,\u2026","rel":"","context":"Dans &quot;Blog-note&quot;","block_context":{"text":"Blog-note","link":"https:\/\/www.wallendorff.com\/belogue\/category\/blog-note\/"},"img":{"alt_text":"","src":"https:\/\/i0.wp.com\/www.wallendorff.com\/belogue\/wp-content\/uploads\/2015\/04\/20130903-251.jpg?resize=350%2C200&ssl=1","width":350,"height":200,"srcset":"https:\/\/i0.wp.com\/www.wallendorff.com\/belogue\/wp-content\/uploads\/2015\/04\/20130903-251.jpg?resize=350%2C200&ssl=1 1x, https:\/\/i0.wp.com\/www.wallendorff.com\/belogue\/wp-content\/uploads\/2015\/04\/20130903-251.jpg?resize=525%2C300&ssl=1 1.5x"},"classes":[]},{"id":22717,"url":"https:\/\/www.wallendorff.com\/belogue\/2014\/04\/17\/prechauffe\/","url_meta":{"origin":859,"position":4},"title":"Pr\u00e9chauffe.","author":"dpc","date":"17 avril 2014","format":false,"excerpt":"Rue du Chemin-Vert, Paris, 5 janvier. 30\u00a0min sur la pr\u00e9paration du tournage du clip de Faces de Selah Sue et Patrice. Merci T.. This Fire (oui c'est un peu facile, je sais.) Franz Ferdinand","rel":"","context":"Dans &quot;DPC&quot;","block_context":{"text":"DPC","link":"https:\/\/www.wallendorff.com\/belogue\/category\/dpc\/"},"img":{"alt_text":"","src":"https:\/\/i0.wp.com\/www.wallendorff.com\/belogue\/wp-content\/uploads\/2015\/04\/20140417-011.jpg?resize=350%2C200&ssl=1","width":350,"height":200,"srcset":"https:\/\/i0.wp.com\/www.wallendorff.com\/belogue\/wp-content\/uploads\/2015\/04\/20140417-011.jpg?resize=350%2C200&ssl=1 1x, https:\/\/i0.wp.com\/www.wallendorff.com\/belogue\/wp-content\/uploads\/2015\/04\/20140417-011.jpg?resize=525%2C300&ssl=1 1.5x, https:\/\/i0.wp.com\/www.wallendorff.com\/belogue\/wp-content\/uploads\/2015\/04\/20140417-011.jpg?resize=700%2C400&ssl=1 2x"},"classes":[]},{"id":45582,"url":"https:\/\/www.wallendorff.com\/belogue\/2020\/04\/30\/avril-2020\/","url_meta":{"origin":859,"position":5},"title":"Avril 2020.","author":"dpc","date":"30 avril 2020","format":false,"excerpt":"Un ciel bleu, 360\u00b0 de salon, un chat pr\u00e9nomm\u00e9 Confinement, des volets, un ciel nuageux, un chat pr\u00e9nomm\u00e9 Confinement, un ciel n\u00e9buleux, un banc, une rue vide, une rue vide, une rue presque vide, une rue vide, une rue vide, un ciel bleu, un chat pr\u00e9nomm\u00e9 Confinement, un chat pr\u00e9nomm\u00e9\u2026","rel":"","context":"Dans &quot;Blog-note&quot;","block_context":{"text":"Blog-note","link":"https:\/\/www.wallendorff.com\/belogue\/category\/blog-note\/"},"img":{"alt_text":"","src":"https:\/\/i0.wp.com\/www.wallendorff.com\/belogue\/wp-content\/uploads\/2020\/05\/20200507-108.jpg?resize=350%2C200&ssl=1","width":350,"height":200,"srcset":"https:\/\/i0.wp.com\/www.wallendorff.com\/belogue\/wp-content\/uploads\/2020\/05\/20200507-108.jpg?resize=350%2C200&ssl=1 1x, https:\/\/i0.wp.com\/www.wallendorff.com\/belogue\/wp-content\/uploads\/2020\/05\/20200507-108.jpg?resize=525%2C300&ssl=1 1.5x, https:\/\/i0.wp.com\/www.wallendorff.com\/belogue\/wp-content\/uploads\/2020\/05\/20200507-108.jpg?resize=700%2C400&ssl=1 2x, https:\/\/i0.wp.com\/www.wallendorff.com\/belogue\/wp-content\/uploads\/2020\/05\/20200507-108.jpg?resize=1050%2C600&ssl=1 3x"},"classes":[]}],"_links":{"self":[{"href":"https:\/\/www.wallendorff.com\/belogue\/wp-json\/wp\/v2\/posts\/859","targetHints":{"allow":["GET"]}}],"collection":[{"href":"https:\/\/www.wallendorff.com\/belogue\/wp-json\/wp\/v2\/posts"}],"about":[{"href":"https:\/\/www.wallendorff.com\/belogue\/wp-json\/wp\/v2\/types\/post"}],"author":[{"embeddable":true,"href":"https:\/\/www.wallendorff.com\/belogue\/wp-json\/wp\/v2\/users\/1"}],"replies":[{"embeddable":true,"href":"https:\/\/www.wallendorff.com\/belogue\/wp-json\/wp\/v2\/comments?post=859"}],"version-history":[{"count":1,"href":"https:\/\/www.wallendorff.com\/belogue\/wp-json\/wp\/v2\/posts\/859\/revisions"}],"predecessor-version":[{"id":17621,"href":"https:\/\/www.wallendorff.com\/belogue\/wp-json\/wp\/v2\/posts\/859\/revisions\/17621"}],"wp:featuredmedia":[{"embeddable":true,"href":"https:\/\/www.wallendorff.com\/belogue\/wp-json\/wp\/v2\/media\/24793"}],"wp:attachment":[{"href":"https:\/\/www.wallendorff.com\/belogue\/wp-json\/wp\/v2\/media?parent=859"}],"wp:term":[{"taxonomy":"category","embeddable":true,"href":"https:\/\/www.wallendorff.com\/belogue\/wp-json\/wp\/v2\/categories?post=859"},{"taxonomy":"post_tag","embeddable":true,"href":"https:\/\/www.wallendorff.com\/belogue\/wp-json\/wp\/v2\/tags?post=859"}],"curies":[{"name":"wp","href":"https:\/\/api.w.org\/{rel}","templated":true}]}}