{"id":858,"date":"2006-12-24T15:02:29","date_gmt":"2006-12-24T15:02:29","guid":{"rendered":"http:\/\/www.po-l.com\/wordpress\/?p=858"},"modified":"2012-08-07T17:09:14","modified_gmt":"2012-08-07T15:09:14","slug":"prechi-percha","status":"publish","type":"post","link":"https:\/\/www.wallendorff.com\/belogue\/2006\/12\/24\/prechi-percha\/","title":{"rendered":"Pr\u00e9chi-percha."},"content":{"rendered":"<div id=\"photo\">\n<p><img decoding=\"async\" src=\"https:\/\/www.wallendorff.com\/belogue\/photo\/2006\/12\/20061224.jpg\"\/><br \/>\n    &Icirc;le de la Cit&eacute;, Paris, 23 d&eacute;cembre.<\/p>\n<\/div>\n<p style=\"text-align:right\">&Agrave; la base j&rsquo;aurais plut&ocirc;t voulu mettre <a href=\"https:\/\/www.wallendorff.com\/belogue\/photo\/2006\/12\/20061224-1.jpg\">celle-ci<\/a>, mais faut avouer que derri&egrave;re, personne n&rsquo;aurait cal&eacute; le jeu de mots du titre.<\/p>\n<p style=\"text-align:right\">Sinon &agrave; part &ccedil;a, rien. Bon r&eacute;veillon tout le monde, hein.<\/p>\n<div id=\"bandeson\">\n<p><img decoding=\"async\" src=\"https:\/\/www.wallendorff.com\/belogue\/photo\/pochettes\/p\/pearl_jam-live_at_benaroya_hall.jpg\" align=\"left\" \/>&nbsp;<a href=\"http:\/\/www.tenclub.net\/\">Pearl Jam<\/a> &ndash; <em>Immortality<\/em> (live Benaroya Hall, Seattle, Oct. 22<sup>nd<\/sup>, 2003)<\/p>\n<\/p><\/div>\n","protected":false},"excerpt":{"rendered":"<p>&Icirc;le de la Cit&eacute;, Paris, 23 d&eacute;cembre. &Agrave; la base j&rsquo;aurais plut&ocirc;t voulu mettre celle-ci, mais faut avouer que derri&egrave;re, personne n&rsquo;aurait cal&eacute; le jeu de mots du titre. Sinon &agrave; part &ccedil;a, rien. Bon r&eacute;veillon tout le monde, hein. &nbsp;Pearl Jam &ndash; Immortality (live Benaroya Hall, Seattle, Oct. 22nd, 2003)<\/p>\n","protected":false},"author":1,"featured_media":24792,"comment_status":"open","ping_status":"open","sticky":false,"template":"","format":"standard","meta":{"_acf_changed":false,"ngg_post_thumbnail":0,"jetpack_post_was_ever_published":false,"_jetpack_newsletter_access":"","_jetpack_dont_email_post_to_subs":false,"_jetpack_newsletter_tier_id":0,"_jetpack_memberships_contains_paywalled_content":false,"_jetpack_memberships_contains_paid_content":false,"footnotes":"","jetpack_publicize_message":"","jetpack_publicize_feature_enabled":true,"jetpack_social_post_already_shared":false,"jetpack_social_options":{"image_generator_settings":{"template":"highway","default_image_id":0,"font":"","enabled":false},"version":2}},"categories":[3],"tags":[10277,132,931,10144,10246,10120,10279,10121,394,10098,10165,170,10407],"class_list":["post-858","post","type-post","status-publish","format-standard","has-post-thumbnail","hentry","category-dpc","tag-10277","tag-eos-20d","tag-cathedrale-notre-dame-de-paris","tag-ciel","tag-contre-jour","tag-france","tag-ile-de-la-cite","tag-ile-de-france","tag-immortality","tag-paris","tag-pearl-jam","tag-sigma-70-300-mm-f4-56-dg-apo-macro","tag-silhouette"],"acf":[],"geo":{"latitude":48.856041,"longitude":2.3512888,"description":"Quai de l'H\u00f4tel de Ville, 75004 Paris, France"},"jetpack_publicize_connections":[],"jetpack_featured_media_url":"https:\/\/www.wallendorff.com\/belogue\/wp-content\/uploads\/2015\/04\/200612241.jpg","jetpack_shortlink":"https:\/\/wp.me\/p3b35P-dQ","jetpack_sharing_enabled":true,"jetpack-related-posts":[{"id":131210,"url":"https:\/\/www.wallendorff.com\/belogue\/2024\/12\/02\/un-drap-mou-enorme-et-gesir\/","url_meta":{"origin":858,"position":0},"title":"Un drap mou \u00e9norme et g\u00e9sir.","author":"dpc","date":"2 d\u00e9cembre 2024","format":false,"excerpt":"Pont Notre-Dame, Paris, 3 septembre 2024.","rel":"","context":"Dans &quot;DPC&quot;","block_context":{"text":"DPC","link":"https:\/\/www.wallendorff.com\/belogue\/category\/dpc\/"},"img":{"alt_text":"","src":"https:\/\/i0.wp.com\/www.wallendorff.com\/belogue\/wp-content\/uploads\/2024\/12\/20241202.jpg?resize=350%2C200&ssl=1","width":350,"height":200,"srcset":"https:\/\/i0.wp.com\/www.wallendorff.com\/belogue\/wp-content\/uploads\/2024\/12\/20241202.jpg?resize=350%2C200&ssl=1 1x, https:\/\/i0.wp.com\/www.wallendorff.com\/belogue\/wp-content\/uploads\/2024\/12\/20241202.jpg?resize=525%2C300&ssl=1 1.5x, https:\/\/i0.wp.com\/www.wallendorff.com\/belogue\/wp-content\/uploads\/2024\/12\/20241202.jpg?resize=700%2C400&ssl=1 2x, https:\/\/i0.wp.com\/www.wallendorff.com\/belogue\/wp-content\/uploads\/2024\/12\/20241202.jpg?resize=1050%2C600&ssl=1 3x"},"classes":[]},{"id":135994,"url":"https:\/\/www.wallendorff.com\/belogue\/2026\/04\/27\/pierres-belle-mare\/","url_meta":{"origin":858,"position":1},"title":"Pierres, belle mare.","author":"dpc","date":"27 avril 2026","format":false,"excerpt":"Port de Montebello, Paris, 6 f\u00e9vrier 2026.","rel":"","context":"Dans &quot;DPC&quot;","block_context":{"text":"DPC","link":"https:\/\/www.wallendorff.com\/belogue\/category\/dpc\/"},"img":{"alt_text":"","src":"https:\/\/i0.wp.com\/www.wallendorff.com\/belogue\/wp-content\/uploads\/2026\/04\/20260427.jpg?resize=350%2C200&ssl=1","width":350,"height":200,"srcset":"https:\/\/i0.wp.com\/www.wallendorff.com\/belogue\/wp-content\/uploads\/2026\/04\/20260427.jpg?resize=350%2C200&ssl=1 1x, https:\/\/i0.wp.com\/www.wallendorff.com\/belogue\/wp-content\/uploads\/2026\/04\/20260427.jpg?resize=525%2C300&ssl=1 1.5x, https:\/\/i0.wp.com\/www.wallendorff.com\/belogue\/wp-content\/uploads\/2026\/04\/20260427.jpg?resize=700%2C400&ssl=1 2x"},"classes":[]},{"id":124491,"url":"https:\/\/www.wallendorff.com\/belogue\/2023\/05\/15\/arc-en-selle\/","url_meta":{"origin":858,"position":2},"title":"Arc en selle.","author":"dpc","date":"15 mai 2023","format":false,"excerpt":"Place du Pont-Neuf, Paris, 28 f\u00e9vrier 2023.","rel":"","context":"Dans &quot;DPC&quot;","block_context":{"text":"DPC","link":"https:\/\/www.wallendorff.com\/belogue\/category\/dpc-en\/"},"img":{"alt_text":"","src":"https:\/\/i0.wp.com\/www.wallendorff.com\/belogue\/wp-content\/uploads\/2023\/05\/20230515.jpg?resize=350%2C200&ssl=1","width":350,"height":200,"srcset":"https:\/\/i0.wp.com\/www.wallendorff.com\/belogue\/wp-content\/uploads\/2023\/05\/20230515.jpg?resize=350%2C200&ssl=1 1x, https:\/\/i0.wp.com\/www.wallendorff.com\/belogue\/wp-content\/uploads\/2023\/05\/20230515.jpg?resize=525%2C300&ssl=1 1.5x, https:\/\/i0.wp.com\/www.wallendorff.com\/belogue\/wp-content\/uploads\/2023\/05\/20230515.jpg?resize=700%2C400&ssl=1 2x, https:\/\/i0.wp.com\/www.wallendorff.com\/belogue\/wp-content\/uploads\/2023\/05\/20230515.jpg?resize=1050%2C600&ssl=1 3x"},"classes":[]},{"id":126625,"url":"https:\/\/www.wallendorff.com\/belogue\/2023\/11\/14\/into-the-wide-283\/","url_meta":{"origin":858,"position":3},"title":"Into the wide #283.","author":"dpc","date":"14 novembre 2023","format":false,"excerpt":"Cit\u00e9 de l'\u00c9conomie, Paris, 16 septembre 2023.","rel":"","context":"Dans &quot;Into the wide&quot;","block_context":{"text":"Into the wide","link":"https:\/\/www.wallendorff.com\/belogue\/category\/into-the-wide\/"},"img":{"alt_text":"","src":"https:\/\/i0.wp.com\/www.wallendorff.com\/belogue\/wp-content\/uploads\/2023\/11\/20231114.jpg?resize=350%2C200&ssl=1","width":350,"height":200,"srcset":"https:\/\/i0.wp.com\/www.wallendorff.com\/belogue\/wp-content\/uploads\/2023\/11\/20231114.jpg?resize=350%2C200&ssl=1 1x, https:\/\/i0.wp.com\/www.wallendorff.com\/belogue\/wp-content\/uploads\/2023\/11\/20231114.jpg?resize=525%2C300&ssl=1 1.5x, https:\/\/i0.wp.com\/www.wallendorff.com\/belogue\/wp-content\/uploads\/2023\/11\/20231114.jpg?resize=700%2C400&ssl=1 2x, https:\/\/i0.wp.com\/www.wallendorff.com\/belogue\/wp-content\/uploads\/2023\/11\/20231114.jpg?resize=1050%2C600&ssl=1 3x"},"classes":[]},{"id":130771,"url":"https:\/\/www.wallendorff.com\/belogue\/2024\/09\/30\/bonsoir-mes-domes-bonsoir-mes-cieux\/","url_meta":{"origin":858,"position":4},"title":"Bonsoir mes d\u00f4mes, bonsoir mes cieux.","author":"dpc","date":"30 septembre 2024","format":false,"excerpt":"Parvis de Notre-Dame, Paris, 21 mai 2024.","rel":"","context":"Dans &quot;DPC&quot;","block_context":{"text":"DPC","link":"https:\/\/www.wallendorff.com\/belogue\/category\/dpc\/"},"img":{"alt_text":"","src":"https:\/\/i0.wp.com\/www.wallendorff.com\/belogue\/wp-content\/uploads\/2024\/09\/20240930.jpg?resize=350%2C200&ssl=1","width":350,"height":200,"srcset":"https:\/\/i0.wp.com\/www.wallendorff.com\/belogue\/wp-content\/uploads\/2024\/09\/20240930.jpg?resize=350%2C200&ssl=1 1x, https:\/\/i0.wp.com\/www.wallendorff.com\/belogue\/wp-content\/uploads\/2024\/09\/20240930.jpg?resize=525%2C300&ssl=1 1.5x, https:\/\/i0.wp.com\/www.wallendorff.com\/belogue\/wp-content\/uploads\/2024\/09\/20240930.jpg?resize=700%2C400&ssl=1 2x"},"classes":[]},{"id":129919,"url":"https:\/\/www.wallendorff.com\/belogue\/2024\/07\/31\/juillet-2024\/","url_meta":{"origin":858,"position":5},"title":"Juillet 2024.","author":"dpc","date":"31 juillet 2024","format":false,"excerpt":"Un graffiti, un festival, un match de fote, un orage, un train, un scrabble, un village, un train, un coucher de soleil, une limousine, un match de fote, un chantier, des barri\u00e8res, des chim\u00e8res, un match de fote, une tribune, une cath\u00e9drale, un escalier, un miroir, une flaque, un coucher\u2026","rel":"","context":"Dans &quot;Blog-note&quot;","block_context":{"text":"Blog-note","link":"https:\/\/www.wallendorff.com\/belogue\/category\/blog-note\/"},"img":{"alt_text":"","src":"https:\/\/i0.wp.com\/www.wallendorff.com\/belogue\/wp-content\/uploads\/2024\/08\/20240814-32.jpg?resize=350%2C200&ssl=1","width":350,"height":200,"srcset":"https:\/\/i0.wp.com\/www.wallendorff.com\/belogue\/wp-content\/uploads\/2024\/08\/20240814-32.jpg?resize=350%2C200&ssl=1 1x, https:\/\/i0.wp.com\/www.wallendorff.com\/belogue\/wp-content\/uploads\/2024\/08\/20240814-32.jpg?resize=525%2C300&ssl=1 1.5x, https:\/\/i0.wp.com\/www.wallendorff.com\/belogue\/wp-content\/uploads\/2024\/08\/20240814-32.jpg?resize=700%2C400&ssl=1 2x, https:\/\/i0.wp.com\/www.wallendorff.com\/belogue\/wp-content\/uploads\/2024\/08\/20240814-32.jpg?resize=1050%2C600&ssl=1 3x"},"classes":[]}],"_links":{"self":[{"href":"https:\/\/www.wallendorff.com\/belogue\/wp-json\/wp\/v2\/posts\/858","targetHints":{"allow":["GET"]}}],"collection":[{"href":"https:\/\/www.wallendorff.com\/belogue\/wp-json\/wp\/v2\/posts"}],"about":[{"href":"https:\/\/www.wallendorff.com\/belogue\/wp-json\/wp\/v2\/types\/post"}],"author":[{"embeddable":true,"href":"https:\/\/www.wallendorff.com\/belogue\/wp-json\/wp\/v2\/users\/1"}],"replies":[{"embeddable":true,"href":"https:\/\/www.wallendorff.com\/belogue\/wp-json\/wp\/v2\/comments?post=858"}],"version-history":[{"count":1,"href":"https:\/\/www.wallendorff.com\/belogue\/wp-json\/wp\/v2\/posts\/858\/revisions"}],"predecessor-version":[{"id":18535,"href":"https:\/\/www.wallendorff.com\/belogue\/wp-json\/wp\/v2\/posts\/858\/revisions\/18535"}],"wp:featuredmedia":[{"embeddable":true,"href":"https:\/\/www.wallendorff.com\/belogue\/wp-json\/wp\/v2\/media\/24792"}],"wp:attachment":[{"href":"https:\/\/www.wallendorff.com\/belogue\/wp-json\/wp\/v2\/media?parent=858"}],"wp:term":[{"taxonomy":"category","embeddable":true,"href":"https:\/\/www.wallendorff.com\/belogue\/wp-json\/wp\/v2\/categories?post=858"},{"taxonomy":"post_tag","embeddable":true,"href":"https:\/\/www.wallendorff.com\/belogue\/wp-json\/wp\/v2\/tags?post=858"}],"curies":[{"name":"wp","href":"https:\/\/api.w.org\/{rel}","templated":true}]}}