{"id":856,"date":"2006-12-21T11:37:10","date_gmt":"2006-12-21T11:37:10","guid":{"rendered":"http:\/\/www.po-l.com\/wordpress\/?p=856"},"modified":"2012-08-07T16:58:58","modified_gmt":"2012-08-07T14:58:58","slug":"ours-begue-qui-s-tend","status":"publish","type":"post","link":"https:\/\/www.wallendorff.com\/belogue\/2006\/12\/21\/ours-begue-qui-s-tend\/","title":{"rendered":"Ours b\u00e8gue qui s&rsquo;tend\u00b9."},"content":{"rendered":"<div id=\"photo\">\n<p><img decoding=\"async\" src=\"https:\/\/www.wallendorff.com\/belogue\/photo\/2006\/12\/20061221.jpg\"\/><br \/>\nMagnetg&auml;ssel, Strasbourg, 17 d&eacute;cembre.<\/p>\n<\/div>\n<div id=\"bandeson\">\n<p><img decoding=\"async\" src=\"https:\/\/www.wallendorff.com\/belogue\/photo\/pochettes\/l\/lennon_sean-friendly_fire.jpg\" align=\"left\" \/>&nbsp;<a href=\"http:\/\/www.seanonolennon.com\/\">Sean Lennon<\/a> &ndash; <em>Dead Meat<\/em><\/p>\n<\/p><\/div>\n<p>_____<\/p>\n<div id=\"bas_note\">\n<p><sup>1<\/sup> C&rsquo;est en effet plut&ocirc;t un renard qu&rsquo;un ours, m&ecirc;me pas forc&eacute;ment b&egrave;gue, d&rsquo;ailleurs, mais faut avouer que &laquo;&nbsp;renard &eacute;ventuellement b&egrave;gue qui se courbe&nbsp;&raquo; aurait &eacute;t&eacute; encore plus pourri, comme titre.<\/p>\n<\/div>\n","protected":false},"excerpt":{"rendered":"<p>Magnetg&auml;ssel, Strasbourg, 17 d&eacute;cembre. &nbsp;Sean Lennon &ndash; Dead Meat _____ 1 C&rsquo;est en effet plut&ocirc;t un renard qu&rsquo;un ours, m&ecirc;me pas forc&eacute;ment b&egrave;gue, d&rsquo;ailleurs, mais faut avouer que &laquo;&nbsp;renard &eacute;ventuellement b&egrave;gue qui se courbe&nbsp;&raquo; aurait &eacute;t&eacute; encore plus pourri, comme titre.<\/p>\n","protected":false},"author":1,"featured_media":24790,"comment_status":"open","ping_status":"open","sticky":false,"template":"","format":"standard","meta":{"_acf_changed":false,"ngg_post_thumbnail":0,"jetpack_post_was_ever_published":false,"_jetpack_newsletter_access":"","_jetpack_dont_email_post_to_subs":false,"_jetpack_newsletter_tier_id":0,"_jetpack_memberships_contains_paywalled_content":false,"_jetpack_memberships_contains_paid_content":false,"footnotes":"","jetpack_publicize_message":"","jetpack_publicize_feature_enabled":true,"jetpack_social_post_already_shared":false,"jetpack_social_options":{"image_generator_settings":{"template":"highway","default_image_id":0,"font":"","enabled":false},"version":2}},"categories":[3],"tags":[10219,10424,157,132,1880,10120,10668,10229,143,1878,1879,10422,10288],"class_list":["post-856","post","type-post","status-publish","format-standard","has-post-thumbnail","hentry","category-dpc","tag-alsace","tag-bas-rhin","tag-ef-50-mm-f18-ii","tag-eos-20d","tag-dead-meat","tag-france","tag-graffiti","tag-mur","tag-noir-et-blanc","tag-rue-de-laimant","tag-sean-lennon","tag-strasbourg","tag-velo"],"acf":[],"geo":{"latitude":48.5820656,"longitude":7.7412896,"description":null},"jetpack_publicize_connections":[],"jetpack_featured_media_url":"https:\/\/www.wallendorff.com\/belogue\/wp-content\/uploads\/2015\/04\/200612211.jpg","jetpack_shortlink":"https:\/\/wp.me\/p3b35P-dO","jetpack_sharing_enabled":true,"jetpack-related-posts":[{"id":3154,"url":"https:\/\/www.wallendorff.com\/belogue\/2008\/08\/26\/begue-ont-verbes-et-gonds-jaunes1\/","url_meta":{"origin":856,"position":0},"title":"B\u00e8gue ont verbes et gonds jaunes1.","author":"dpc","date":"26 ao\u00fbt 2008","format":false,"excerpt":"Notre-Dame2, Paris, 24 juillet. The National \u2013 Racing Like a Pro J'aimerais bien savoir pourquoi, depuis toutes ces ann\u00e9es, \u00e0 chaque fois que je r\u00e8gle \u00e0 la souris \u2013\u00a0donc \u00e0 la louche\u00a0\u2013 l'opacit\u00e9 d'un calque Photoshop il faut que je tombe sur 69%. _____ 1 Pfff un titre pareil va\u2026","rel":"","context":"Dans &quot;DPC&quot;","block_context":{"text":"DPC","link":"https:\/\/www.wallendorff.com\/belogue\/category\/dpc\/"},"img":{"alt_text":"","src":"https:\/\/i0.wp.com\/www.wallendorff.com\/belogue\/wp-content\/uploads\/2015\/04\/200808261.jpg?resize=350%2C200&ssl=1","width":350,"height":200},"classes":[]},{"id":23319,"url":"https:\/\/www.wallendorff.com\/belogue\/2014\/08\/27\/rock-en-seine-2014-jour-2\/","url_meta":{"origin":856,"position":1},"title":"Rock en Seine 2014, jour 2.","author":"dpc","date":"27 ao\u00fbt 2014","format":false,"excerpt":"Une journ\u00e9e marqu\u00e9e par Jos\u00e9 Gonz\u00e1lez qui introduit Walking Lightly par \u00ab\u00a0voici une chanson sur la joie de vivre\u00a0\u00bb en faisant une t\u00eate de Droopy neurast\u00e9nique, ALB toujours aussi chouette, Thee Oh Sees qui p\u00e8tent une corde au d\u00e9marrage et retournent un peu la sc\u00e8ne de la Cascade, Joey Bada-dollar-dollar\u2026","rel":"","context":"Dans &quot;Alive&quot;","block_context":{"text":"Alive","link":"https:\/\/www.wallendorff.com\/belogue\/category\/alive\/"},"img":{"alt_text":"","src":"https:\/\/i0.wp.com\/www.wallendorff.com\/belogue\/wp-content\/uploads\/2015\/04\/201408271.jpg?resize=350%2C200&ssl=1","width":350,"height":200,"srcset":"https:\/\/i0.wp.com\/www.wallendorff.com\/belogue\/wp-content\/uploads\/2015\/04\/201408271.jpg?resize=350%2C200&ssl=1 1x, https:\/\/i0.wp.com\/www.wallendorff.com\/belogue\/wp-content\/uploads\/2015\/04\/201408271.jpg?resize=525%2C300&ssl=1 1.5x, https:\/\/i0.wp.com\/www.wallendorff.com\/belogue\/wp-content\/uploads\/2015\/04\/201408271.jpg?resize=700%2C400&ssl=1 2x"},"classes":[]},{"id":22670,"url":"https:\/\/www.wallendorff.com\/belogue\/2014\/04\/04\/black-rebel-motorcycle-club-la-laiterie-strasbourg-15-fevrier\/","url_meta":{"origin":856,"position":2},"title":"Black Rebel Motorcycle Club @ la Laiterie, Strasbourg, 15 f\u00e9vrier.","author":"dpc","date":"4 avril 2014","format":false,"excerpt":"Fire Walker | Let the Day Begin (The Call) | Beat the Devil's Tattoo | Hate the Taste | Ain't No Easy Way | Stop | Returning | Took Out a Loan | Conscience Killer | White Palms | Lose Yourself | High\/Low | Six Barrel Shotgun | Spread Your\u2026","rel":"","context":"Dans &quot;Alive&quot;","block_context":{"text":"Alive","link":"https:\/\/www.wallendorff.com\/belogue\/category\/alive\/"},"img":{"alt_text":"","src":"https:\/\/i0.wp.com\/www.wallendorff.com\/belogue\/wp-content\/uploads\/2015\/04\/201404031.jpg?resize=350%2C200&ssl=1","width":350,"height":200,"srcset":"https:\/\/i0.wp.com\/www.wallendorff.com\/belogue\/wp-content\/uploads\/2015\/04\/201404031.jpg?resize=350%2C200&ssl=1 1x, https:\/\/i0.wp.com\/www.wallendorff.com\/belogue\/wp-content\/uploads\/2015\/04\/201404031.jpg?resize=525%2C300&ssl=1 1.5x, https:\/\/i0.wp.com\/www.wallendorff.com\/belogue\/wp-content\/uploads\/2015\/04\/201404031.jpg?resize=700%2C400&ssl=1 2x"},"classes":[]},{"id":6137,"url":"https:\/\/www.wallendorff.com\/belogue\/2010\/01\/19\/la-vint-juste-yves-il-aimoie-rien1\/","url_meta":{"origin":856,"position":3},"title":"L\u00e0 vint juste Yves. Il aimoit rien1.","author":"dpc","date":"19 janvier 2010","format":false,"excerpt":"Cath\u00e9drale Notre-Dame, Strasbourg, 26 d\u00e9cembre 2009. \u00a0The Greenhornes \u2013 No More Je sais, je sais, elle rappelle beaucoup celle-l\u00e0 mais c'est pas moi m'dame c'est la faute des Greenhornes. [Des Greenhornes qui, soit dit en passant, seraient bien avis\u00e9s de nous refaire un disque avant qu'on use celui-l\u00e0 jusqu'\u00e0 la\u2026","rel":"","context":"Dans &quot;DPC&quot;","block_context":{"text":"DPC","link":"https:\/\/www.wallendorff.com\/belogue\/category\/dpc\/"},"img":{"alt_text":"","src":"https:\/\/i0.wp.com\/www.wallendorff.com\/belogue\/wp-content\/uploads\/2015\/04\/201001191.jpg?resize=350%2C200&ssl=1","width":350,"height":200},"classes":[]},{"id":6266,"url":"https:\/\/www.wallendorff.com\/belogue\/2010\/01\/21\/jai-encore-reve-dhell\/","url_meta":{"origin":856,"position":4},"title":"[J&rsquo;ai encore r\u00eav\u00e9 d&rsquo;Hell.]","author":"dpc","date":"21 janvier 2010","format":false,"excerpt":"Cath\u00e9drale Notre-Dame, Strasbourg, 26 d\u00e9cembre 2009. \u00a0Japandroids \u2013 I Quit Girls","rel":"","context":"Dans &quot;DPC&quot;","block_context":{"text":"DPC","link":"https:\/\/www.wallendorff.com\/belogue\/category\/dpc\/"},"img":{"alt_text":"","src":"https:\/\/i0.wp.com\/www.wallendorff.com\/belogue\/wp-content\/uploads\/2015\/04\/201001211.jpg?resize=350%2C200&ssl=1","width":350,"height":200},"classes":[]},{"id":17030,"url":"https:\/\/www.wallendorff.com\/belogue\/2012\/04\/24\/malle-a-partir\/","url_meta":{"origin":856,"position":5},"title":"Malle \u00e0 partir.","author":"dpc","date":"24 avril 2012","format":false,"excerpt":"Boulevard de Strasbourg, Paris, 2 mars. Lower Dens \u2013 Brains [youtube]http:\/\/www.youtube.com\/watch?v=OyxzjF8IjE8[\/youtube]","rel":"","context":"Dans &quot;DPC&quot;","block_context":{"text":"DPC","link":"https:\/\/www.wallendorff.com\/belogue\/category\/dpc\/"},"img":{"alt_text":"","src":"https:\/\/i0.wp.com\/www.wallendorff.com\/belogue\/wp-content\/uploads\/2015\/04\/201204241.jpg?resize=350%2C200&ssl=1","width":350,"height":200,"srcset":"https:\/\/i0.wp.com\/www.wallendorff.com\/belogue\/wp-content\/uploads\/2015\/04\/201204241.jpg?resize=350%2C200&ssl=1 1x, https:\/\/i0.wp.com\/www.wallendorff.com\/belogue\/wp-content\/uploads\/2015\/04\/201204241.jpg?resize=525%2C300&ssl=1 1.5x, https:\/\/i0.wp.com\/www.wallendorff.com\/belogue\/wp-content\/uploads\/2015\/04\/201204241.jpg?resize=700%2C400&ssl=1 2x"},"classes":[]}],"_links":{"self":[{"href":"https:\/\/www.wallendorff.com\/belogue\/wp-json\/wp\/v2\/posts\/856","targetHints":{"allow":["GET"]}}],"collection":[{"href":"https:\/\/www.wallendorff.com\/belogue\/wp-json\/wp\/v2\/posts"}],"about":[{"href":"https:\/\/www.wallendorff.com\/belogue\/wp-json\/wp\/v2\/types\/post"}],"author":[{"embeddable":true,"href":"https:\/\/www.wallendorff.com\/belogue\/wp-json\/wp\/v2\/users\/1"}],"replies":[{"embeddable":true,"href":"https:\/\/www.wallendorff.com\/belogue\/wp-json\/wp\/v2\/comments?post=856"}],"version-history":[{"count":1,"href":"https:\/\/www.wallendorff.com\/belogue\/wp-json\/wp\/v2\/posts\/856\/revisions"}],"predecessor-version":[{"id":18529,"href":"https:\/\/www.wallendorff.com\/belogue\/wp-json\/wp\/v2\/posts\/856\/revisions\/18529"}],"wp:featuredmedia":[{"embeddable":true,"href":"https:\/\/www.wallendorff.com\/belogue\/wp-json\/wp\/v2\/media\/24790"}],"wp:attachment":[{"href":"https:\/\/www.wallendorff.com\/belogue\/wp-json\/wp\/v2\/media?parent=856"}],"wp:term":[{"taxonomy":"category","embeddable":true,"href":"https:\/\/www.wallendorff.com\/belogue\/wp-json\/wp\/v2\/categories?post=856"},{"taxonomy":"post_tag","embeddable":true,"href":"https:\/\/www.wallendorff.com\/belogue\/wp-json\/wp\/v2\/tags?post=856"}],"curies":[{"name":"wp","href":"https:\/\/api.w.org\/{rel}","templated":true}]}}