{"id":855,"date":"2006-12-20T10:47:06","date_gmt":"2006-12-20T10:47:06","guid":{"rendered":"http:\/\/www.po-l.com\/wordpress\/?p=855"},"modified":"2012-08-07T11:44:49","modified_gmt":"2012-08-07T09:44:49","slug":"elista-la-boule-noire-paris","status":"publish","type":"post","link":"https:\/\/www.wallendorff.com\/belogue\/2006\/12\/20\/elista-la-boule-noire-paris\/","title":{"rendered":"Elista @ la Boule Noire, Paris."},"content":{"rendered":"<div id=\"photo\">\n<p><img decoding=\"async\" src=\"https:\/\/www.wallendorff.com\/belogue\/photo\/2006\/12\/20061220.jpg\"\/><\/p>\n<\/div>\n<p><em>Finir dans les journaux<\/em> r&eacute;veill&eacute;, <em>La folie douce<\/em> tendu, <em>Mon ivresse (&Agrave; l&rsquo;autoroute A3) <\/em> survolt&eacute;&#8230; Si le c&ocirc;t&eacute; rock aiguis&eacute; du deuxi&egrave;me album s&eacute;duisait sur disque, il arrache tout en live. Elista s&rsquo;&eacute;nerve, enrage et &eacute;lectrise m&ecirc;me ses anciennes compos (<em>La vie &agrave; deux<\/em>, <em>D&eacute;&ccedil;us du paradis<\/em>). On passa par quelques phases calmes sur <em>Derri&egrave;re elle<\/em> ou <em>Tu es l&eacute;g&egrave;re<\/em>, mais dans l&rsquo;encha&icirc;nement final <em>(J&rsquo;ai beau tout tester) Je d&eacute;teste tout<\/em> \/ <em>Je suis une nuit de temp&ecirc;te<\/em> \/ <em>Debout<\/em> \/ <em>D&egrave;s le d&eacute;part, d&egrave;s le d&eacute;but<\/em> parachev&eacute; par un break de poney grave &laquo;&nbsp;&agrave; la Killers&nbsp;&raquo; &#8213;&nbsp;dixit une fille crois&eacute;e &agrave; la fin&nbsp;&#8213; c&rsquo;est le c&ocirc;t&eacute; brut du truc qui l&#8217;emporte dans une fusion &eacute;lectrique fustig&eacute;e d&rsquo;arrangements bord&eacute;liques mais efficaces. Chapeau. Bas.<\/p>\n<div id=\"bandeson\">\n<p><img decoding=\"async\" src=\"https:\/\/www.wallendorff.com\/belogue\/photo\/pochettes\/e\/elista-la_folie_douce.jpg\" align=\"left\" \/>&nbsp;<a href=\"http:\/\/www.elistamusique.com\/\">Elista<\/a> &ndash; <em>Les Hommes ordinaires<\/em><\/p>\n<\/div>\n","protected":false},"excerpt":{"rendered":"<p>Finir dans les journaux r&eacute;veill&eacute;, La folie douce tendu, Mon ivresse (&Agrave; l&rsquo;autoroute A3) survolt&eacute;&#8230; Si le c&ocirc;t&eacute; rock aiguis&eacute; du deuxi&egrave;me album s&eacute;duisait sur disque, il arrache tout en live. Elista s&rsquo;&eacute;nerve, enrage et &eacute;lectrise m&ecirc;me ses anciennes compos (La vie &agrave; deux, D&eacute;&ccedil;us du paradis). On passa par quelques phases calmes sur Derri&egrave;re&hellip;<\/p>\n","protected":false},"author":1,"featured_media":24789,"comment_status":"open","ping_status":"open","sticky":false,"template":"","format":"standard","meta":{"_acf_changed":false,"ngg_post_thumbnail":0,"jetpack_post_was_ever_published":false,"_jetpack_newsletter_access":"","_jetpack_dont_email_post_to_subs":false,"_jetpack_newsletter_tier_id":0,"_jetpack_memberships_contains_paywalled_content":false,"_jetpack_memberships_contains_paid_content":false,"footnotes":"","jetpack_publicize_message":"","jetpack_publicize_feature_enabled":true,"jetpack_social_post_already_shared":false,"jetpack_social_options":{"image_generator_settings":{"template":"highway","default_image_id":0,"font":"","enabled":false},"version":2}},"categories":[7],"tags":[174,10143,10084,4516,196,132,10163,10120,10121,10273,1877,143,10098],"class_list":["post-855","post","type-post","status-publish","format-standard","has-post-thumbnail","hentry","category-alive","tag-174","tag-10143","tag-alive","tag-boulevard-rochechouart","tag-ef-28-70-mm-f28l-usm","tag-eos-20d","tag-elista","tag-france","tag-ile-de-france","tag-la-boule-noire","tag-les-hommes-ordinaires","tag-noir-et-blanc","tag-paris"],"acf":[],"geo":{"latitude":48.8823128,"longitude":2.3403132,"description":null},"jetpack_publicize_connections":[],"jetpack_featured_media_url":"https:\/\/www.wallendorff.com\/belogue\/wp-content\/uploads\/2015\/04\/200612201.jpg","jetpack_shortlink":"https:\/\/wp.me\/p3b35P-dN","jetpack_sharing_enabled":true,"jetpack-related-posts":[{"id":857,"url":"https:\/\/www.wallendorff.com\/belogue\/2006\/12\/22\/elista-ii\/","url_meta":{"origin":855,"position":0},"title":"Elista II.","author":"dpc","date":"22 d\u00e9cembre 2006","format":false,"excerpt":"\u00a0Cold War Kids \u2013 Red Wine, Success!","rel":"","context":"Dans &quot;Alive&quot;","block_context":{"text":"Alive","link":"https:\/\/www.wallendorff.com\/belogue\/category\/alive\/"},"img":{"alt_text":"","src":"https:\/\/i0.wp.com\/www.wallendorff.com\/belogue\/wp-content\/uploads\/2015\/04\/200612221.jpg?resize=350%2C200&ssl=1","width":350,"height":200,"srcset":"https:\/\/i0.wp.com\/www.wallendorff.com\/belogue\/wp-content\/uploads\/2015\/04\/200612221.jpg?resize=350%2C200&ssl=1 1x, https:\/\/i0.wp.com\/www.wallendorff.com\/belogue\/wp-content\/uploads\/2015\/04\/200612221.jpg?resize=525%2C300&ssl=1 1.5x, https:\/\/i0.wp.com\/www.wallendorff.com\/belogue\/wp-content\/uploads\/2015\/04\/200612221.jpg?resize=700%2C400&ssl=1 2x"},"classes":[]},{"id":9435,"url":"https:\/\/www.wallendorff.com\/belogue\/2010\/09\/22\/sad-day-for-puppets-the-yolks-la-boule-noire-paris\/","url_meta":{"origin":855,"position":1},"title":"Sad Day for Puppets + The Yolks @ la Boule Noire, Paris.","author":"dpc","date":"22 septembre 2010","format":false,"excerpt":"Rarement vu passage \u00e0 l'acte plus d\u00e9cevant. Venu en esp\u00e9rant d\u00e9couvrir Sad Day for Puppets d\u00e9gag\u00e9 des nu\u00e9es d'\u00e9ther qui baignent leurs deux albums (Cf. bande-son), plus brut, plus direct, je suis tomb\u00e9 sur un groupe tout mou, pas aid\u00e9 du tout par un son d\u00e9plorable, tentant de sauver les\u2026","rel":"","context":"Dans &quot;Alive&quot;","block_context":{"text":"Alive","link":"https:\/\/www.wallendorff.com\/belogue\/category\/alive\/"},"img":{"alt_text":"","src":"https:\/\/i0.wp.com\/www.wallendorff.com\/belogue\/wp-content\/uploads\/2015\/04\/201009221.jpg?resize=350%2C200&ssl=1","width":350,"height":200,"srcset":"https:\/\/i0.wp.com\/www.wallendorff.com\/belogue\/wp-content\/uploads\/2015\/04\/201009221.jpg?resize=350%2C200&ssl=1 1x, https:\/\/i0.wp.com\/www.wallendorff.com\/belogue\/wp-content\/uploads\/2015\/04\/201009221.jpg?resize=525%2C300&ssl=1 1.5x, https:\/\/i0.wp.com\/www.wallendorff.com\/belogue\/wp-content\/uploads\/2015\/04\/201009221.jpg?resize=700%2C400&ssl=1 2x"},"classes":[]},{"id":814,"url":"https:\/\/www.wallendorff.com\/belogue\/2006\/10\/26\/elista-le-bataclan-paris\/","url_meta":{"origin":855,"position":2},"title":"Elista @ Le Bataclan, Paris.","author":"dpc","date":"26 octobre 2006","format":false,"excerpt":"Ils ont s\u00e9duit en premi\u00e8re partie de The Servant hier soir, ils sont sympas, ils ont fait un chouette album y a trois ans et un encore plus chouette y a trois jours et je vous les conseille parce que pour une fois qu'un groupe fran\u00e7ais est bien, hein, profitons-en.\u2026","rel":"","context":"Dans &quot;Alive&quot;","block_context":{"text":"Alive","link":"https:\/\/www.wallendorff.com\/belogue\/category\/alive\/"},"img":{"alt_text":"","src":"https:\/\/i0.wp.com\/www.wallendorff.com\/belogue\/wp-content\/uploads\/2015\/04\/200610261.jpg?resize=350%2C200&ssl=1","width":350,"height":200},"classes":[]},{"id":899,"url":"https:\/\/www.wallendorff.com\/belogue\/2007\/02\/17\/elista-la-fleche-d-or-paris\/","url_meta":{"origin":855,"position":3},"title":"Elista @ la Fl\u00e8che d&rsquo;Or, Paris.","author":"dpc","date":"17 f\u00e9vrier 2007","format":false,"excerpt":"Le m\u00eame que la derni\u00e8re fois, mais avec un m\u00e9chant final de batterie sur Derri\u00e8re elle, des pogos un peu partout [c'est bien la premi\u00e8re fois que j'en vois pogoter sur Elista, tiens] et un featuring breton m\u00e9morable [et houblonn\u00e9] sur Debout. Le concert \u00e9tait enregistr\u00e9 par Radio N\u00e9o, en\u2026","rel":"","context":"Dans &quot;Alive&quot;","block_context":{"text":"Alive","link":"https:\/\/www.wallendorff.com\/belogue\/category\/alive\/"},"img":{"alt_text":"","src":"https:\/\/i0.wp.com\/www.wallendorff.com\/belogue\/wp-content\/uploads\/2015\/04\/200702171.jpg?resize=350%2C200&ssl=1","width":350,"height":200},"classes":[]},{"id":927,"url":"https:\/\/www.wallendorff.com\/belogue\/2007\/04\/04\/malibu-stacy-la-boule-noire-paris\/","url_meta":{"origin":855,"position":4},"title":"Malibu Stacy @ la Boule Noire, Paris.","author":"dpc","date":"4 avril 2007","format":false,"excerpt":"C'est pas une Boule Noire \u00e0 moiti\u00e9 vide qui d\u00e9motivera les Belges. Au contraire, David de Froidmont profite des espaces laiss\u00e9s ici et l\u00e0 pour chanter depuis le public d\u00e8s We Are The Boys, qui ouvre le set. Poursuivi par un roadie qui tient son fil de micro, le chanteur\u2026","rel":"","context":"Dans &quot;Alive&quot;","block_context":{"text":"Alive","link":"https:\/\/www.wallendorff.com\/belogue\/category\/alive\/"},"img":{"alt_text":"","src":"https:\/\/i0.wp.com\/www.wallendorff.com\/belogue\/wp-content\/uploads\/2015\/04\/200704041.jpg?resize=350%2C200&ssl=1","width":350,"height":200,"srcset":"https:\/\/i0.wp.com\/www.wallendorff.com\/belogue\/wp-content\/uploads\/2015\/04\/200704041.jpg?resize=350%2C200&ssl=1 1x, https:\/\/i0.wp.com\/www.wallendorff.com\/belogue\/wp-content\/uploads\/2015\/04\/200704041.jpg?resize=525%2C300&ssl=1 1.5x, https:\/\/i0.wp.com\/www.wallendorff.com\/belogue\/wp-content\/uploads\/2015\/04\/200704041.jpg?resize=700%2C400&ssl=1 2x"},"classes":[]},{"id":798,"url":"https:\/\/www.wallendorff.com\/belogue\/2006\/10\/02\/placebo-pop-bercy-paris\/","url_meta":{"origin":855,"position":5},"title":"Placebo @ Palais omnisports de Paris-Bercy.","author":"dpc","date":"2 octobre 2006","format":false,"excerpt":"Setlist\u00a0: Infra-Red Meds Because I Want You Drag Follow the S\u00e9cu Back Home Taste in Men (Hill Montant) Post Blues \u00a0Elista \u2013 (J'ai beau tout tester) Je d\u00e9teste tout","rel":"","context":"Dans &quot;Alive&quot;","block_context":{"text":"Alive","link":"https:\/\/www.wallendorff.com\/belogue\/category\/alive\/"},"img":{"alt_text":"","src":"https:\/\/i0.wp.com\/www.wallendorff.com\/belogue\/wp-content\/uploads\/2015\/04\/200610021.jpg?resize=350%2C200&ssl=1","width":350,"height":200},"classes":[]}],"_links":{"self":[{"href":"https:\/\/www.wallendorff.com\/belogue\/wp-json\/wp\/v2\/posts\/855","targetHints":{"allow":["GET"]}}],"collection":[{"href":"https:\/\/www.wallendorff.com\/belogue\/wp-json\/wp\/v2\/posts"}],"about":[{"href":"https:\/\/www.wallendorff.com\/belogue\/wp-json\/wp\/v2\/types\/post"}],"author":[{"embeddable":true,"href":"https:\/\/www.wallendorff.com\/belogue\/wp-json\/wp\/v2\/users\/1"}],"replies":[{"embeddable":true,"href":"https:\/\/www.wallendorff.com\/belogue\/wp-json\/wp\/v2\/comments?post=855"}],"version-history":[{"count":2,"href":"https:\/\/www.wallendorff.com\/belogue\/wp-json\/wp\/v2\/posts\/855\/revisions"}],"predecessor-version":[{"id":18516,"href":"https:\/\/www.wallendorff.com\/belogue\/wp-json\/wp\/v2\/posts\/855\/revisions\/18516"}],"wp:featuredmedia":[{"embeddable":true,"href":"https:\/\/www.wallendorff.com\/belogue\/wp-json\/wp\/v2\/media\/24789"}],"wp:attachment":[{"href":"https:\/\/www.wallendorff.com\/belogue\/wp-json\/wp\/v2\/media?parent=855"}],"wp:term":[{"taxonomy":"category","embeddable":true,"href":"https:\/\/www.wallendorff.com\/belogue\/wp-json\/wp\/v2\/categories?post=855"},{"taxonomy":"post_tag","embeddable":true,"href":"https:\/\/www.wallendorff.com\/belogue\/wp-json\/wp\/v2\/tags?post=855"}],"curies":[{"name":"wp","href":"https:\/\/api.w.org\/{rel}","templated":true}]}}