{"id":852,"date":"2006-12-14T10:15:24","date_gmt":"2006-12-14T10:15:24","guid":{"rendered":"http:\/\/www.po-l.com\/wordpress\/?p=852"},"modified":"2012-08-07T11:20:37","modified_gmt":"2012-08-07T09:20:37","slug":"jougs-et-hauts-drames","status":"publish","type":"post","link":"https:\/\/www.wallendorff.com\/belogue\/2006\/12\/14\/jougs-et-hauts-drames\/","title":{"rendered":"Jougs et hauts drames."},"content":{"rendered":"\n<div id=\"photo\">\n<p><img decoding=\"async\" src=\"https:\/\/www.wallendorff.com\/belogue\/photo\/2006\/12\/20061214.jpg\"\/><br \/>\n          Op&eacute;ra Bastille, Paris, 26 novembre.<\/p>\n<\/p><\/div>\n<p><a href=\"http:\/\/www.gloriousnoise.com\/mp3s\/2006\/velvet_underground_acetate_mp3.php\">Note<\/a><\/p>\n<p>bande-son<\/p>\n<p style=\"text-align:right\">&eacute;coute<\/p>\n<p>&ldquo;<em>I am tired, I am weary<br \/>\n        I could sleep for a thousand years<br \/>\n        A thousand dreams that would awake me<br \/>\n        Different colors made of tears.<\/em>&rdquo;<\/p>\n<p>T&rsquo;as chant&eacute; &ccedil;a au bar du lyc&eacute;e toute ton ann&eacute;e de premi&egrave;re durant et tu l&rsquo;avais compl&egrave;tement oubli&eacute;&nbsp;; En 4 vers et 12 secondes, c&rsquo;est toute une partie de toi-m&ecirc;me enterr&eacute;e depuis des lustres qui ressuscite et te tombe dessus comme si tu la croisais au supermarch&eacute; du coin.<\/p>\n<p style=\"text-align:right\"><em>&#8213; &laquo;&nbsp;Salut, moi. Je deviens quoi&nbsp;?&nbsp;&raquo;<\/em><\/p>\n<div id=\"bandeson\">\n<p><img decoding=\"async\" src=\"https:\/\/www.wallendorff.com\/belogue\/photo\/pochettes\/blank.jpg\" align=\"left\" \/>&nbsp;Velvet Underground &ndash; <em>Venus in Furs<\/em> (Scepter studio, April 1966)<\/p>\n<\/div>\n<p>\/Edit&nbsp;: Et pendant ce temps, <a href=\"http:\/\/tempsreel.nouvelobs.com\/actualites\/medias\/20061214.OBS2901\/la_secession_de_la_flandreun_canular_de_la_rtbf.html\">on s&rsquo;amuse chez les Belges<\/a>.<\/p>\n","protected":false},"excerpt":{"rendered":"<p>Op&eacute;ra Bastille, Paris, 26 novembre. Note bande-son &eacute;coute &ldquo;I am tired, I am weary I could sleep for a thousand years A thousand dreams that would awake me Different colors made of tears.&rdquo; T&rsquo;as chant&eacute; &ccedil;a au bar du lyc&eacute;e toute ton ann&eacute;e de premi&egrave;re durant et tu l&rsquo;avais compl&egrave;tement oubli&eacute;&nbsp;; En 4 vers et&hellip;<\/p>\n","protected":false},"author":1,"featured_media":24786,"comment_status":"open","ping_status":"open","sticky":false,"template":"","format":"standard","meta":{"_acf_changed":false,"ngg_post_thumbnail":0,"jetpack_post_was_ever_published":false,"_jetpack_newsletter_access":"","_jetpack_dont_email_post_to_subs":false,"_jetpack_newsletter_tier_id":0,"_jetpack_memberships_contains_paywalled_content":false,"_jetpack_memberships_contains_paid_content":false,"footnotes":"","jetpack_publicize_message":"","jetpack_publicize_feature_enabled":true,"jetpack_social_post_already_shared":false,"jetpack_social_options":{"image_generator_settings":{"template":"highway","default_image_id":0,"font":"","enabled":false},"version":2}},"categories":[3],"tags":[10271,132,10500,10120,10121,143,3951,1868,10098,1869,173,3949,164,1871],"class_list":["post-852","post","type-post","status-publish","format-standard","has-post-thumbnail","hentry","category-dpc","tag-10271","tag-eos-20d","tag-contre-plongee","tag-france","tag-ile-de-france","tag-noir-et-blanc","tag-opera","tag-opera-bastille","tag-paris","tag-rue-de-lyon","tag-sigma-28-70-mm-f28-dg-ex","tag-the-velvet-underground","tag-urbain","tag-venus-in-furs"],"acf":[],"geo":{"latitude":48.851799,"longitude":2.3699596,"description":"120 Rue de Lyon, 75012 Paris, France"},"jetpack_publicize_connections":[],"jetpack_featured_media_url":"https:\/\/www.wallendorff.com\/belogue\/wp-content\/uploads\/2015\/04\/200612141.jpg","jetpack_shortlink":"https:\/\/wp.me\/p3b35P-dK","jetpack_sharing_enabled":true,"jetpack-related-posts":[{"id":131558,"url":"https:\/\/www.wallendorff.com\/belogue\/2024\/12\/31\/decembre-2024\/","url_meta":{"origin":852,"position":0},"title":"D\u00e9cembre 2024.","author":"dpc","date":"31 d\u00e9cembre 2024","format":false,"excerpt":"Ce journal photographique aligne en images les \u00e9v\u00e8nements, petits ou grands, joyeux ou tristes, pour garder une trace du rythme du mois pr\u00e9c\u00e9dent. Je n'y adjoins jamais de texte. Les images se suffisent d'elles-m\u00eames, et quand elles laissent des ellipses dans leur r\u00e9cit, charge \u00e0 soi de les combler comme\u2026","rel":"","context":"Dans &quot;Blog-note&quot;","block_context":{"text":"Blog-note","link":"https:\/\/www.wallendorff.com\/belogue\/category\/blog-note\/"},"img":{"alt_text":"","src":"https:\/\/i0.wp.com\/www.wallendorff.com\/belogue\/wp-content\/uploads\/2025\/01\/20250122-18.jpg?resize=350%2C200&ssl=1","width":350,"height":200,"srcset":"https:\/\/i0.wp.com\/www.wallendorff.com\/belogue\/wp-content\/uploads\/2025\/01\/20250122-18.jpg?resize=350%2C200&ssl=1 1x, https:\/\/i0.wp.com\/www.wallendorff.com\/belogue\/wp-content\/uploads\/2025\/01\/20250122-18.jpg?resize=525%2C300&ssl=1 1.5x, https:\/\/i0.wp.com\/www.wallendorff.com\/belogue\/wp-content\/uploads\/2025\/01\/20250122-18.jpg?resize=700%2C400&ssl=1 2x, https:\/\/i0.wp.com\/www.wallendorff.com\/belogue\/wp-content\/uploads\/2025\/01\/20250122-18.jpg?resize=1050%2C600&ssl=1 3x"},"classes":[]},{"id":839,"url":"https:\/\/www.wallendorff.com\/belogue\/2006\/11\/28\/attend-son-danger\/","url_meta":{"origin":852,"position":1},"title":"Attend son danger.","author":"dpc","date":"28 novembre 2006","format":false,"excerpt":"Place de la Bastille, Paris, 24 novembre. Peut-\u00eatre temps de se remettre au boulot, quand m\u00eame. \u00a0Calexico \u2013 Deep Down (acoustic)","rel":"","context":"Dans &quot;DPC&quot;","block_context":{"text":"DPC","link":"https:\/\/www.wallendorff.com\/belogue\/category\/dpc\/"},"img":{"alt_text":"","src":"https:\/\/i0.wp.com\/www.wallendorff.com\/belogue\/wp-content\/uploads\/2015\/04\/200611281.jpg?resize=350%2C200&ssl=1","width":350,"height":200},"classes":[]},{"id":42225,"url":"https:\/\/www.wallendorff.com\/belogue\/2019\/06\/30\/juin-2019\/","url_meta":{"origin":852,"position":2},"title":"Juin 2019.","author":"dpc","date":"30 juin 2019","format":false,"excerpt":"Un th\u00e9 glac\u00e9, un train, un au-revoir, un clocher, un train, un mariage, une montagne, une colonne, un orage, un parking, un chat pr\u00e9nomm\u00e9 Potiron, un bar, des travaux, une ruelle, une porte, des mamies, un m\u00e9tro, un avion, un rayon de soleil vu d'en haut, une grosse grosse poule,\u2026","rel":"","context":"Dans &quot;Blog-note&quot;","block_context":{"text":"Blog-note","link":"https:\/\/www.wallendorff.com\/belogue\/category\/blog-note\/"},"img":{"alt_text":"","src":"https:\/\/i0.wp.com\/www.wallendorff.com\/belogue\/wp-content\/uploads\/2019\/07\/20190704-09.jpg?resize=350%2C200&ssl=1","width":350,"height":200,"srcset":"https:\/\/i0.wp.com\/www.wallendorff.com\/belogue\/wp-content\/uploads\/2019\/07\/20190704-09.jpg?resize=350%2C200&ssl=1 1x, https:\/\/i0.wp.com\/www.wallendorff.com\/belogue\/wp-content\/uploads\/2019\/07\/20190704-09.jpg?resize=525%2C300&ssl=1 1.5x, https:\/\/i0.wp.com\/www.wallendorff.com\/belogue\/wp-content\/uploads\/2019\/07\/20190704-09.jpg?resize=700%2C400&ssl=1 2x, https:\/\/i0.wp.com\/www.wallendorff.com\/belogue\/wp-content\/uploads\/2019\/07\/20190704-09.jpg?resize=1050%2C600&ssl=1 3x"},"classes":[]},{"id":124500,"url":"https:\/\/www.wallendorff.com\/belogue\/2023\/04\/30\/avril-2023\/","url_meta":{"origin":852,"position":3},"title":"Avril 2023.","author":"dpc","date":"30 avril 2023","format":false,"excerpt":"Un chat pr\u00e9nomm\u00e9 Paupiette, un coucher de soleil, un \u00e2ne pr\u00e9nomm\u00e9 Ramette, un ap\u00e9ro, une lampe, des ombres, un immeuble, une clope, un m\u00e9tro, un mur, un chat pr\u00e9nomm\u00e9 \u00c7a-va-l\u2019Chalet, un quai de gare, un escalier de gare, un quai de gare, un resto, un chat pr\u00e9nomm\u00e9 Paupiette, un bar,\u2026","rel":"","context":"Dans &quot;Blog-note&quot;","block_context":{"text":"Blog-note","link":"https:\/\/www.wallendorff.com\/belogue\/category\/blog-note\/"},"img":{"alt_text":"","src":"https:\/\/i0.wp.com\/www.wallendorff.com\/belogue\/wp-content\/uploads\/2023\/05\/20230522-49.jpg?resize=350%2C200&ssl=1","width":350,"height":200,"srcset":"https:\/\/i0.wp.com\/www.wallendorff.com\/belogue\/wp-content\/uploads\/2023\/05\/20230522-49.jpg?resize=350%2C200&ssl=1 1x, https:\/\/i0.wp.com\/www.wallendorff.com\/belogue\/wp-content\/uploads\/2023\/05\/20230522-49.jpg?resize=525%2C300&ssl=1 1.5x, https:\/\/i0.wp.com\/www.wallendorff.com\/belogue\/wp-content\/uploads\/2023\/05\/20230522-49.jpg?resize=700%2C400&ssl=1 2x, https:\/\/i0.wp.com\/www.wallendorff.com\/belogue\/wp-content\/uploads\/2023\/05\/20230522-49.jpg?resize=1050%2C600&ssl=1 3x"},"classes":[]},{"id":638,"url":"https:\/\/www.wallendorff.com\/belogue\/2006\/08\/16\/quai-qu-est-cake-est\/","url_meta":{"origin":852,"position":4},"title":"Quai qu&rsquo;est cake, est.","author":"dpc","date":"16 ao\u00fbt 2006","format":false,"excerpt":"Station Bastille1, Paris, 13 ao\u00fbt. Je d\u00e9barque peut-\u00eatre une fois de plus apr\u00e8s tout le monde, mais apr\u00e8s avoir vu \u00e7a, je me dis que si Muse n'ont fait qu'un seul titre qui disjoint vraiment grave sur leur dernier album, au moins ils l'ont bien fait, et ce jusqu'au bout\u2026","rel":"","context":"Dans &quot;DPC&quot;","block_context":{"text":"DPC","link":"https:\/\/www.wallendorff.com\/belogue\/category\/dpc\/"},"img":{"alt_text":"","src":"https:\/\/i0.wp.com\/www.wallendorff.com\/belogue\/wp-content\/uploads\/2015\/04\/200608161.jpg?resize=350%2C200&ssl=1","width":350,"height":200,"srcset":"https:\/\/i0.wp.com\/www.wallendorff.com\/belogue\/wp-content\/uploads\/2015\/04\/200608161.jpg?resize=350%2C200&ssl=1 1x, https:\/\/i0.wp.com\/www.wallendorff.com\/belogue\/wp-content\/uploads\/2015\/04\/200608161.jpg?resize=525%2C300&ssl=1 1.5x, https:\/\/i0.wp.com\/www.wallendorff.com\/belogue\/wp-content\/uploads\/2015\/04\/200608161.jpg?resize=700%2C400&ssl=1 2x"},"classes":[]},{"id":131069,"url":"https:\/\/www.wallendorff.com\/belogue\/2024\/10\/31\/octobre-2024\/","url_meta":{"origin":852,"position":5},"title":"Octobre 2024.","author":"dpc","date":"31 octobre 2024","format":false,"excerpt":"Un ap\u00e9ro, une fresque, un ap\u00e9ro, un au-revoir, un reflet, une valise, des avions, une ruelle, un chat pr\u00e9nomm\u00e9 PREEEEGO, un livre \u00e0 l\u2019ombre, un reflet, une \u0153uvre d\u2019art, une pause, un avion, des toques, un graffiti, une bande dessin\u00e9e, un mus\u00e9e, une tour, un chat pr\u00e9nomm\u00e9 Plume, une expo,\u2026","rel":"","context":"Dans &quot;Blog-note&quot;","block_context":{"text":"Blog-note","link":"https:\/\/www.wallendorff.com\/belogue\/category\/blog-note\/"},"img":{"alt_text":"","src":"https:\/\/i0.wp.com\/www.wallendorff.com\/belogue\/wp-content\/uploads\/2024\/11\/20241116-09.jpg?resize=350%2C200&ssl=1","width":350,"height":200,"srcset":"https:\/\/i0.wp.com\/www.wallendorff.com\/belogue\/wp-content\/uploads\/2024\/11\/20241116-09.jpg?resize=350%2C200&ssl=1 1x, https:\/\/i0.wp.com\/www.wallendorff.com\/belogue\/wp-content\/uploads\/2024\/11\/20241116-09.jpg?resize=525%2C300&ssl=1 1.5x, https:\/\/i0.wp.com\/www.wallendorff.com\/belogue\/wp-content\/uploads\/2024\/11\/20241116-09.jpg?resize=700%2C400&ssl=1 2x, https:\/\/i0.wp.com\/www.wallendorff.com\/belogue\/wp-content\/uploads\/2024\/11\/20241116-09.jpg?resize=1050%2C600&ssl=1 3x"},"classes":[]}],"_links":{"self":[{"href":"https:\/\/www.wallendorff.com\/belogue\/wp-json\/wp\/v2\/posts\/852","targetHints":{"allow":["GET"]}}],"collection":[{"href":"https:\/\/www.wallendorff.com\/belogue\/wp-json\/wp\/v2\/posts"}],"about":[{"href":"https:\/\/www.wallendorff.com\/belogue\/wp-json\/wp\/v2\/types\/post"}],"author":[{"embeddable":true,"href":"https:\/\/www.wallendorff.com\/belogue\/wp-json\/wp\/v2\/users\/1"}],"replies":[{"embeddable":true,"href":"https:\/\/www.wallendorff.com\/belogue\/wp-json\/wp\/v2\/comments?post=852"}],"version-history":[{"count":1,"href":"https:\/\/www.wallendorff.com\/belogue\/wp-json\/wp\/v2\/posts\/852\/revisions"}],"predecessor-version":[{"id":18496,"href":"https:\/\/www.wallendorff.com\/belogue\/wp-json\/wp\/v2\/posts\/852\/revisions\/18496"}],"wp:featuredmedia":[{"embeddable":true,"href":"https:\/\/www.wallendorff.com\/belogue\/wp-json\/wp\/v2\/media\/24786"}],"wp:attachment":[{"href":"https:\/\/www.wallendorff.com\/belogue\/wp-json\/wp\/v2\/media?parent=852"}],"wp:term":[{"taxonomy":"category","embeddable":true,"href":"https:\/\/www.wallendorff.com\/belogue\/wp-json\/wp\/v2\/categories?post=852"},{"taxonomy":"post_tag","embeddable":true,"href":"https:\/\/www.wallendorff.com\/belogue\/wp-json\/wp\/v2\/tags?post=852"}],"curies":[{"name":"wp","href":"https:\/\/api.w.org\/{rel}","templated":true}]}}