{"id":849,"date":"2003-11-15T23:18:49","date_gmt":"2003-11-15T23:18:49","guid":{"rendered":"http:\/\/www.po-l.com\/wordpress\/?p=849"},"modified":"2014-01-06T16:21:13","modified_gmt":"2014-01-06T14:21:13","slug":"tom-mcrae-l-after-club-amneville","status":"publish","type":"post","link":"https:\/\/www.wallendorff.com\/belogue\/2003\/11\/15\/tom-mcrae-l-after-club-amneville\/","title":{"rendered":"Tom McRae @ l&rsquo;After-Club, Amn\u00e9ville."},"content":{"rendered":"<div id=\"photo\">\n<p><img decoding=\"async\" src=\"https:\/\/www.wallendorff.com\/belogue\/images\/etoile_blanche.jpg\"><\/p>\n<\/div>\n<p>Tom McRae est triste. Au vu de l&rsquo;aura de m\u00e9lancolie et de douceur que ce gars-l\u00e0 d\u00e9gage, on sent qu&rsquo;il a du souffrir, un jour ou l&rsquo;autre. Et cette souffrance a \u00e9t\u00e9 si tenace qu&rsquo;il a d\u00e9cid\u00e9 de la mettre en texte tout d&rsquo;abord, puis en musique ensuite. Il l&rsquo;avoue d&rsquo;ailleurs lui-m\u00eame au moment d&rsquo;introduire <em>Mermaid Blues<\/em>, dans un fran\u00e7ais h\u00e9sitant (mais fort louable), \u00ab&nbsp;cette chanson n&rsquo;est pas tr\u00e8s heureux\u2026 comme tous mes chansons.&nbsp;\u00bb<\/p>\n<p>C&rsquo;est peut-\u00eatre cette m\u00e9lancolie ambiante le v\u00e9ritable moteur de la musique de Tom McRae. Un noyau \u00e9toff\u00e9 d&rsquo;une tr\u00e8s belle voix, un peu chuintante, et d&rsquo;arrangements travaill\u00e9s. L&rsquo;ensemble provoque une grande \u00e9motion dans la salle.   La formation acoustique pourrait sembler simple, avec McRae \u00e0 la guitare, Olli Cunningham au piano et Oli Kraus au violoncelle ;  Elle est en fait \u00e9patante de part la diversit\u00e9 des sons qui sortent de l&rsquo;ensemble et tout sp\u00e9cialement du violoncelle, tour \u00e0 tour d\u00e9pressif ou enrag\u00e9.<\/p>\n<p>Le public \u00e9coute et vibre sur les chansons les plus connues comme <em>Dose Me Up (End of The World News) <\/em> ou <em>A &amp; B Song <\/em>, point d&rsquo;orgue de ce soir. McRae pr\u00e9sente son groupe, introduit ses chansons, fait participer le public, le tout en fran\u00e7ais. L&rsquo;ambiance intime du lieu renforce cette proximit\u00e9 entre le chanteur et la salle et Tom McRae se permet m\u00eame de chanter <em>Bloodless <\/em> sans micro avec le soutien vocal du public. Une magie qui perdure pendant tout le concert, de <em>Walking 2 Hawaii <\/em> \u00e0 <em>S\u00e3o Paulo Rain<\/em>, jusqu&rsquo;\u00e0 la toute fin quand viennent les deux rappels et le final, <em>Second Law<\/em>, interpr\u00e9t\u00e9 en solo au piano. Juste avant de prendre cong\u00e9, Tom McRae  promet de revenir dans un an avec tout son groupe. Au vu de la prestation de ce soir, mieux vaudrait  ne pas louper le rendez-vous.<\/p>\n","protected":false},"excerpt":{"rendered":"<p>Tom McRae est triste. Au vu de l&rsquo;aura de m\u00e9lancolie et de douceur que ce gars-l\u00e0 d\u00e9gage, on sent qu&rsquo;il a du souffrir, un jour ou l&rsquo;autre. Et cette souffrance a \u00e9t\u00e9 si tenace qu&rsquo;il a d\u00e9cid\u00e9 de la mettre en texte tout d&rsquo;abord, puis en musique ensuite. Il l&rsquo;avoue d&rsquo;ailleurs lui-m\u00eame au moment d&rsquo;introduire&hellip;<\/p>\n","protected":false},"author":1,"featured_media":0,"comment_status":"open","ping_status":"open","sticky":false,"template":"","format":"standard","meta":{"_acf_changed":false,"ngg_post_thumbnail":0,"jetpack_post_was_ever_published":false,"_jetpack_newsletter_access":"","_jetpack_dont_email_post_to_subs":false,"_jetpack_newsletter_tier_id":0,"_jetpack_memberships_contains_paywalled_content":false,"_jetpack_memberships_contains_paid_content":false,"footnotes":"","jetpack_publicize_message":"","jetpack_publicize_feature_enabled":true,"jetpack_social_post_already_shared":false,"jetpack_social_options":{"image_generator_settings":{"template":"highway","default_image_id":0,"font":"","enabled":false},"version":2}},"categories":[7],"tags":[23,10084,10087,35],"class_list":["post-849","post","type-post","status-publish","format-standard","hentry","category-alive","tag-23","tag-alive","tag-amneville","tag-tom-mcrae"],"acf":[],"geo":null,"jetpack_publicize_connections":[],"jetpack_featured_media_url":"","jetpack_shortlink":"https:\/\/wp.me\/p3b35P-dH","jetpack_sharing_enabled":true,"jetpack-related-posts":[{"id":6860,"url":"https:\/\/www.wallendorff.com\/belogue\/2010\/02\/24\/but-i-cant-move-the-mountains-for-you\/","url_meta":{"origin":849,"position":0},"title":"But I can&rsquo;t move the mountains for you.","author":"dpc","date":"24 f\u00e9vrier 2010","format":false,"excerpt":"Cimeti\u00e8re de Belleville, Paris, 9 janvier. \u00ab\u00a0Oh, Pierre, tu sais qu'on voit ta maison d'ici\u00a0?\u00a0\u00bb. Et puisqu'il faut savoir innover, aujourd'hui on fera dans la bande-son \u00e0 choix multiple\u00a0: \u00a0Mumford and Sons \u2013 Timshel \u00a0Tom McRae \u2013 Out of the Walls","rel":"","context":"Dans &quot;DPC&quot;","block_context":{"text":"DPC","link":"https:\/\/www.wallendorff.com\/belogue\/category\/dpc\/"},"img":{"alt_text":"","src":"https:\/\/i0.wp.com\/www.wallendorff.com\/belogue\/wp-content\/uploads\/2015\/04\/201002241.jpg?resize=350%2C200&ssl=1","width":350,"height":200,"srcset":"https:\/\/i0.wp.com\/www.wallendorff.com\/belogue\/wp-content\/uploads\/2015\/04\/201002241.jpg?resize=350%2C200&ssl=1 1x, https:\/\/i0.wp.com\/www.wallendorff.com\/belogue\/wp-content\/uploads\/2015\/04\/201002241.jpg?resize=525%2C300&ssl=1 1.5x"},"classes":[]},{"id":3764,"url":"https:\/\/www.wallendorff.com\/belogue\/2009\/01\/03\/lets-roll-the-dice-just-one-more-time\/","url_meta":{"origin":849,"position":1},"title":"Let&rsquo;s roll the dice just one more time.","author":"dpc","date":"3 janvier 2009","format":false,"excerpt":"Rue Chappe, Paris, 16 d\u00e9cembre 2008. Tom McRae \u2013 A & B Song Y'avait longtemps.","rel":"","context":"Dans &quot;DPC&quot;","block_context":{"text":"DPC","link":"https:\/\/www.wallendorff.com\/belogue\/category\/dpc\/"},"img":{"alt_text":"","src":"https:\/\/i0.wp.com\/www.wallendorff.com\/belogue\/wp-content\/uploads\/2015\/04\/200901031.jpg?resize=350%2C200&ssl=1","width":350,"height":200,"srcset":"https:\/\/i0.wp.com\/www.wallendorff.com\/belogue\/wp-content\/uploads\/2015\/04\/200901031.jpg?resize=350%2C200&ssl=1 1x, https:\/\/i0.wp.com\/www.wallendorff.com\/belogue\/wp-content\/uploads\/2015\/04\/200901031.jpg?resize=525%2C300&ssl=1 1.5x, https:\/\/i0.wp.com\/www.wallendorff.com\/belogue\/wp-content\/uploads\/2015\/04\/200901031.jpg?resize=700%2C400&ssl=1 2x"},"classes":[]},{"id":494,"url":"https:\/\/www.wallendorff.com\/belogue\/2005\/01\/19\/ares-comptant-pour-un\/","url_meta":{"origin":849,"position":2},"title":"Ares comptant pour un.","author":"dpc","date":"19 janvier 2005","format":false,"excerpt":"Lac Sainte-Claire, 8 janvier [Je vous ai bien eus, hein?] \u00a0Tom McRae \u2013 Bloodless","rel":"","context":"Dans &quot;DPC&quot;","block_context":{"text":"DPC","link":"https:\/\/www.wallendorff.com\/belogue\/category\/dpc\/"},"img":{"alt_text":"","src":"https:\/\/i0.wp.com\/www.wallendorff.com\/belogue\/wp-content\/uploads\/2015\/04\/20050119-barrieres1.jpg?resize=350%2C200&ssl=1","width":350,"height":200,"srcset":"https:\/\/i0.wp.com\/www.wallendorff.com\/belogue\/wp-content\/uploads\/2015\/04\/20050119-barrieres1.jpg?resize=350%2C200&ssl=1 1x, https:\/\/i0.wp.com\/www.wallendorff.com\/belogue\/wp-content\/uploads\/2015\/04\/20050119-barrieres1.jpg?resize=525%2C300&ssl=1 1.5x"},"classes":[]},{"id":746,"url":"https:\/\/www.wallendorff.com\/belogue\/2004\/07\/04\/woodward-ave-detroit-1er-juillet-2004\/","url_meta":{"origin":849,"position":3},"title":"Woodward Ave., D\u00e9troit, 1er juillet 2004.","author":"dpc","date":"4 juillet 2004","format":false,"excerpt":"J'aime bien ces couchers de soleil hauts en couleurs, tout en deviendrait joli. \u00a0Tom McRae \u2013 S\u00e3o Paulo Rain","rel":"","context":"Dans &quot;DPC&quot;","block_context":{"text":"DPC","link":"https:\/\/www.wallendorff.com\/belogue\/category\/dpc\/"},"img":{"alt_text":"","src":"https:\/\/i0.wp.com\/www.wallendorff.com\/belogue\/wp-content\/uploads\/2015\/04\/108.jpg?resize=350%2C200&ssl=1","width":350,"height":200},"classes":[]},{"id":847,"url":"https:\/\/www.wallendorff.com\/belogue\/2003\/10\/20\/placebo-le-galaxie-amneville\/","url_meta":{"origin":849,"position":4},"title":"Placebo @ le Galaxie, Amn\u00e9ville.","author":"dpc","date":"20 octobre 2003","format":false,"excerpt":"Le trio anglais n'y est pas all\u00e9 par quatre chemins pour imposer son quintette. Un quintette compos\u00e9 de nos trois gars et de MM. Xavier Roide et Bill \u00ab\u00a0Toxico de r\u00e9sidence\u00a0\u00bb Loyd en guise de soutien. Leur renfort apporte \u00e0 l'ensemble un bon gros son, plus fourni (voire trop sur\u2026","rel":"","context":"Dans &quot;Alive&quot;","block_context":{"text":"Alive","link":"https:\/\/www.wallendorff.com\/belogue\/category\/alive\/"},"img":{"alt_text":"","src":"","width":0,"height":0},"classes":[]},{"id":1151,"url":"https:\/\/www.wallendorff.com\/belogue\/2008\/01\/30\/wiki-way-wiki-wiki-way\/","url_meta":{"origin":849,"position":5},"title":"Wiki way Wiki Wiki way\u00b9.","author":"dpc","date":"30 janvier 2008","format":false,"excerpt":"Ce qui est bien, dans Kikip\u00e9dia, c'est l'historique des pages. Surtout sur une page r\u00e9guli\u00e8rement vandalis\u00e9e. Surtout quand elle tra\u00eete de groupes suscitant passion, amour, d\u00e9dain et haine chez les jeunes. Voyons par exemple ce que l'on peut trouver comme suggestions encyclop\u00e9diques sur la page de Tokio Hotel. [Les noms\u2026","rel":"","context":"Dans &quot;Pictureless thoughts&quot;","block_context":{"text":"Pictureless thoughts","link":"https:\/\/www.wallendorff.com\/belogue\/category\/pictureless-thoughts\/"},"img":{"alt_text":"","src":"","width":0,"height":0},"classes":[]}],"_links":{"self":[{"href":"https:\/\/www.wallendorff.com\/belogue\/wp-json\/wp\/v2\/posts\/849","targetHints":{"allow":["GET"]}}],"collection":[{"href":"https:\/\/www.wallendorff.com\/belogue\/wp-json\/wp\/v2\/posts"}],"about":[{"href":"https:\/\/www.wallendorff.com\/belogue\/wp-json\/wp\/v2\/types\/post"}],"author":[{"embeddable":true,"href":"https:\/\/www.wallendorff.com\/belogue\/wp-json\/wp\/v2\/users\/1"}],"replies":[{"embeddable":true,"href":"https:\/\/www.wallendorff.com\/belogue\/wp-json\/wp\/v2\/comments?post=849"}],"version-history":[{"count":4,"href":"https:\/\/www.wallendorff.com\/belogue\/wp-json\/wp\/v2\/posts\/849\/revisions"}],"predecessor-version":[{"id":1292,"href":"https:\/\/www.wallendorff.com\/belogue\/wp-json\/wp\/v2\/posts\/849\/revisions\/1292"}],"wp:attachment":[{"href":"https:\/\/www.wallendorff.com\/belogue\/wp-json\/wp\/v2\/media?parent=849"}],"wp:term":[{"taxonomy":"category","embeddable":true,"href":"https:\/\/www.wallendorff.com\/belogue\/wp-json\/wp\/v2\/categories?post=849"},{"taxonomy":"post_tag","embeddable":true,"href":"https:\/\/www.wallendorff.com\/belogue\/wp-json\/wp\/v2\/tags?post=849"}],"curies":[{"name":"wp","href":"https:\/\/api.w.org\/{rel}","templated":true}]}}