{"id":843,"date":"2006-12-02T19:24:32","date_gmt":"2006-12-02T19:24:32","guid":{"rendered":"http:\/\/www.po-l.com\/wordpress\/?p=843"},"modified":"2012-07-26T17:28:11","modified_gmt":"2012-07-26T15:28:11","slug":"space-mots-keys-3","status":"publish","type":"post","link":"https:\/\/www.wallendorff.com\/belogue\/2006\/12\/02\/space-mots-keys-3\/","title":{"rendered":"Space mots-keys #3."},"content":{"rendered":"<div id=\"photo\">\n<p><img decoding=\"async\" src=\"https:\/\/www.wallendorff.com\/belogue\/images\/etoile_blanche.jpg\" \/><\/p>\n<\/div>\n<p style=\"text-align:center\"><img decoding=\"async\" src=\"https:\/\/www.wallendorff.com\/belogue\/photo\/2006\/10\/gougle.gif\" style=\"text-align:middle\"\/> ize proude tou pr&eacute;sente<\/p>\n<p style=\"text-align:center\"><img decoding=\"async\" src=\"https:\/\/www.wallendorff.com\/belogue\/photo\/2006\/10\/mots-cles.gif\" \/><\/p>\n<h1>Le choc&nbsp;: <\/h1>\n<ul>\n<li><img decoding=\"async\" src=\"https:\/\/www.wallendorff.com\/belogue\/photo\/2006\/12\/20061202-02.gif\" \/> &#8213; 20 requ&ecirc;tes<\/li>\n<li><img decoding=\"async\" src=\"https:\/\/www.wallendorff.com\/belogue\/photo\/2006\/12\/20061202-01.gif\" \/> &#8213; <strong> 24 requ&ecirc;tes<\/strong><\/li>\n<\/ul>\n<p>Matthias, sa bande et tous ses amis belfortains vengent Molko et ses potes de l&rsquo;affront subi le mois dernier en renvoyant le tatou&eacute; et son pote se lier d&rsquo;amiti&eacute; avec la communaut&eacute; masculine hell&egrave;ne. Mention sp&eacute;ciale &agrave; <img decoding=\"async\" src=\"https:\/\/www.wallendorff.com\/belogue\/photo\/2006\/12\/20061202-27.gif\" style=\"text-align:absbottom\" \/> (11 fois) et surtout son leader <img decoding=\"async\" src=\"https:\/\/www.wallendorff.com\/belogue\/photo\/2006\/12\/20061202-28.gif\" style=\"text-align:absbottom\" \/> (7 fois) qui, convenons-en, fait super bien le David Bowie.<\/p>\n<h1>La courteliste&nbsp;:<\/h1>\n<ul>\n<li><img decoding=\"async\" src=\"https:\/\/www.wallendorff.com\/belogue\/photo\/2006\/12\/20061202-08.gif\" \/><br \/>\n    L&agrave; je ne comprend pas. La phrase est apparue 8 fois ce mois-ci alors qu&rsquo;&agrave; la base ce n&rsquo;&eacute;tait rien de plus que le bout d&rsquo;une pub radio pour Belgacom. Ou alors, r&eacute;chauffement climatique aidant, des hordes d&rsquo;alcid&eacute;s en exil envahissent peu &agrave; peu nos campagnes.<br \/>\n    &nbsp; <\/li>\n<li><img decoding=\"async\" src=\"https:\/\/www.wallendorff.com\/belogue\/photo\/2006\/12\/20061202-09.gif\" \/><br \/>\n    Le probl&egrave;me [et la d&eacute;monstration de sa solution] sont tous deux expos&eacute;s <a href=\"https:\/\/www.wallendorff.com\/belogue\/2006\/10\/11\/concours-d-entree-de-la-star-academie-2012-epreuve-theorique\" target=\"_blank\">l&agrave;<\/a>.<br \/>\n    &nbsp; <\/li>\n<li><img decoding=\"async\" src=\"https:\/\/www.wallendorff.com\/belogue\/photo\/2006\/12\/20061202-10.gif\" \/><br \/>\n    Il figura sur l&rsquo;un des deux premiers timbres &eacute;tats-uniens. Pour apprendre d&rsquo;autres passionnantes histoires &agrave; propos de ce grand homme &agrave; raconter &agrave; tes amis pour te la p&eacute;ter grave, va voir <a href=\"http:\/\/fr.wikipedia.org\/wiki\/Benjamin_Franklin\" target=\"_blank\">l&agrave;-bas<\/a> s&rsquo;il y est.<br \/>\n    &nbsp; <\/li>\n<li><img decoding=\"async\" src=\"https:\/\/www.wallendorff.com\/belogue\/photo\/2006\/12\/20061202-11.gif\" \/><br \/>\n    Le sous-v&ecirc;tement de couleur azur est en effet tr&egrave;s pris&eacute; de nos amis br&eacute;siliens et fait un excellent sous-abada lorsque l&rsquo;on pratique la capoeira quotidiennement.<br \/>\n    &nbsp; <\/li>\n<li><img decoding=\"async\" src=\"https:\/\/www.wallendorff.com\/belogue\/photo\/2006\/12\/20061202-12.gif\" \/><br \/>\n    Attention&nbsp;: si elle est en couleur, il s&rsquo;agit s&ucirc;rement d&rsquo;un faux. <br \/>\n    &nbsp; <\/li>\n<li><img decoding=\"async\" src=\"https:\/\/www.wallendorff.com\/belogue\/photo\/2006\/12\/20061202-14.gif\" \/><br \/>\n    L&agrave;, on t&rsquo;a super mal renseign&eacute;.<br \/>\n    &nbsp; <\/li>\n<li><img decoding=\"async\" src=\"https:\/\/www.wallendorff.com\/belogue\/photo\/2006\/12\/20061202-16.gif\" \/><br \/>\n    L&agrave;, on t&rsquo;a super bien renseign&eacute;.<br \/>\n    &nbsp; <\/li>\n<li><img decoding=\"async\" src=\"https:\/\/www.wallendorff.com\/belogue\/photo\/2006\/12\/20061202-15.gif\" \/><br \/>\n    Je dirais un truc du genre &laquo;&nbsp;peins pont, pain pond&nbsp;&raquo;<sup>1<\/sup>.<br \/>\n    &nbsp; <\/li>\n<li><img decoding=\"async\" src=\"https:\/\/www.wallendorff.com\/belogue\/photo\/2006\/12\/20061202-17.gif\" \/><br \/>\n    Au hasard 9, square Adanson&nbsp;?<br \/>\n    &nbsp; <\/li>\n<li><img decoding=\"async\" src=\"https:\/\/www.wallendorff.com\/belogue\/photo\/2006\/12\/20061202-18.gif\" \/><br \/>\n    L&agrave;, rien qu&rsquo;&agrave; imaginer ce que &ccedil;a pourrait donner, je rigole.<br \/>\n    &nbsp; <\/li>\n<li><img decoding=\"async\" src=\"https:\/\/www.wallendorff.com\/belogue\/photo\/2006\/12\/20061202-20.gif\" \/><br \/>\n    Non. Paf est un chien, pas un poney.<br \/>\n    &nbsp; <\/li>\n<li><img decoding=\"async\" src=\"https:\/\/www.wallendorff.com\/belogue\/photo\/2006\/12\/20061202-22.gif\" \/> <br \/>\n    On t&rsquo;a menti.<br \/>\n    &nbsp; <\/li>\n<li><img decoding=\"async\" src=\"https:\/\/www.wallendorff.com\/belogue\/photo\/2006\/12\/20061202-23.gif\" \/><br \/>\n    C&rsquo;est super-long, de 9 &agrave; 10 ans, tu sais.<br \/>\n    &nbsp; <\/li>\n<li> <img decoding=\"async\" src=\"https:\/\/www.wallendorff.com\/belogue\/photo\/2006\/12\/20061202-24.gif\" \/><br \/>\n    Quelques fois, je m&rsquo;interroge vraiment sur les go&ucirc;ts culinaires de certains. <br \/>\n    &nbsp; <\/li>\n<li><img decoding=\"async\" src=\"https:\/\/www.wallendorff.com\/belogue\/photo\/2006\/12\/20061202-25.gif\" \/><br \/>\n    Je sais pas, orange et long sur la nuque&nbsp;?<br \/>\n    &nbsp; <\/li>\n<li><img decoding=\"async\" src=\"https:\/\/www.wallendorff.com\/belogue\/photo\/2006\/12\/20061202-26.gif\" \/> <br \/>\n    Celui-l&agrave;, je m&rsquo;en lasse jamais.<\/li>\n<p>  &nbsp;\n<\/ul>\n<h1>Le rayon X <\/h1>\n<ul>\n<li><img decoding=\"async\" src=\"https:\/\/www.wallendorff.com\/belogue\/photo\/2006\/12\/20061202-19.gif\" \/><\/li>\n<li><img decoding=\"async\" src=\"https:\/\/www.wallendorff.com\/belogue\/photo\/2006\/12\/20061202-03.gif\" \/><\/li>\n<li><img decoding=\"async\" src=\"https:\/\/www.wallendorff.com\/belogue\/photo\/2006\/12\/20061202-04.gif\" \/><\/li>\n<li><img decoding=\"async\" src=\"https:\/\/www.wallendorff.com\/belogue\/photo\/2006\/12\/20061202-05.gif\" \/><\/li>\n<li><img decoding=\"async\" src=\"https:\/\/www.wallendorff.com\/belogue\/photo\/2006\/12\/20061202-06.gif\" \/><\/li>\n<li><img decoding=\"async\" src=\"https:\/\/www.wallendorff.com\/belogue\/photo\/2006\/12\/20061202-07.gif\" \/><\/li>\n<\/ul>\n<p>_____<\/p>\n<div id=\"bas_note\">\n<p><sup>1<\/sup> &Ccedil;a &ccedil;a aurait fait un super-trop-bath titre de note, je suis vert. <\/p>\n<\/div>\n","protected":false},"excerpt":{"rendered":"<p>ize proude tou pr&eacute;sente Le choc&nbsp;: &#8213; 20 requ&ecirc;tes &#8213; 24 requ&ecirc;tes Matthias, sa bande et tous ses amis belfortains vengent Molko et ses potes de l&rsquo;affront subi le mois dernier en renvoyant le tatou&eacute; et son pote se lier d&rsquo;amiti&eacute; avec la communaut&eacute; masculine hell&egrave;ne. Mention sp&eacute;ciale &agrave; (11 fois) et surtout son leader&hellip;<\/p>\n","protected":false},"author":1,"featured_media":24782,"comment_status":"open","ping_status":"open","sticky":false,"template":"","format":"standard","meta":{"_acf_changed":false,"ngg_post_thumbnail":0,"jetpack_post_was_ever_published":false,"_jetpack_newsletter_access":"","_jetpack_dont_email_post_to_subs":false,"_jetpack_newsletter_tier_id":0,"_jetpack_memberships_contains_paywalled_content":false,"_jetpack_memberships_contains_paid_content":false,"footnotes":"","jetpack_publicize_message":"","jetpack_publicize_feature_enabled":true,"jetpack_social_post_already_shared":false,"jetpack_social_options":{"image_generator_settings":{"template":"highway","default_image_id":0,"font":"","enabled":false},"version":2}},"categories":[12],"tags":[],"class_list":["post-843","post","type-post","status-publish","format-standard","has-post-thumbnail","hentry","category-space-mots-keys"],"acf":[],"geo":null,"jetpack_publicize_connections":[],"jetpack_featured_media_url":"https:\/\/www.wallendorff.com\/belogue\/wp-content\/uploads\/2015\/04\/gougle30.gif","jetpack_shortlink":"https:\/\/wp.me\/p3b35P-dB","jetpack_sharing_enabled":true,"jetpack-related-posts":[{"id":1179,"url":"https:\/\/www.wallendorff.com\/belogue\/2008\/03\/07\/space-mots-keys-18\/","url_meta":{"origin":843,"position":0},"title":"Space mots-keys #18.","author":"dpc","date":"7 mars 2008","format":false,"excerpt":"ize proude tou pr\u00e9sente Bon, on attaque tout de suite parce qu'il y en a beaucoup. Devinez sur qui\u00a0? Nouvelles du front La guerre qui oppose hotellistes et champigneux a perdu du terrain, au profit des fervents admirateurs en qu\u00eate d'informations juteuses sur leur idoles. Bien s\u00fbr, on a des\u2026","rel":"","context":"Dans &quot;Space mots-keys&quot;","block_context":{"text":"Space mots-keys","link":"https:\/\/www.wallendorff.com\/belogue\/category\/space-mots-keys\/"},"img":{"alt_text":"","src":"","width":0,"height":0},"classes":[]},{"id":799,"url":"https:\/\/www.wallendorff.com\/belogue\/2006\/10\/04\/space-mot-keys-1\/","url_meta":{"origin":843,"position":1},"title":"Space Mot-Keys #1.","author":"dpc","date":"4 octobre 2006","format":false,"excerpt":"ize proude tou pr\u00e9sente Le choc\u00a0: 22 requ\u00eates 24 requ\u00eates \u00c7a aura \u00e9t\u00e9 chaud, mais finalement Jack a foutu sa mis\u00e8re \u00e0 Thom juste d'une toute petite longueur de courgette. La courteliste\u00a0: 1 2 3 4 5 6 7 8 8 9 10 11 12 Calexico \u2015 All Systems Red13\u2026","rel":"","context":"Dans &quot;Space mots-keys&quot;","block_context":{"text":"Space mots-keys","link":"https:\/\/www.wallendorff.com\/belogue\/category\/space-mots-keys\/"},"img":{"alt_text":"","src":"","width":0,"height":0},"classes":[]},{"id":2696,"url":"https:\/\/www.wallendorff.com\/belogue\/2008\/08\/22\/space-mots-keys-24\/","url_meta":{"origin":843,"position":2},"title":"Space mots-keys #24.","author":"dpc","date":"22 ao\u00fbt 2008","format":false,"excerpt":"ize proude tou pr\u00e9sente SP\u00c9CIAL ROCK EN SEINE Ahah, d\u00e9cid\u00e9ment l'opportunisme chevaucheur de vague cybern\u00e9tique paie, la notasse d'hier fut un retentissant exemple de d\u00e9tournement frauduleux de trafic en se pla\u00e7ant directement en 3e place du classement de la recherche Gougle associ\u00e9e, merci \u00e0 ma famille, mon producteur qui m'a\u2026","rel":"","context":"Dans &quot;Space mots-keys&quot;","block_context":{"text":"Space mots-keys","link":"https:\/\/www.wallendorff.com\/belogue\/category\/space-mots-keys\/"},"img":{"alt_text":"","src":"","width":0,"height":0},"classes":[]},{"id":821,"url":"https:\/\/www.wallendorff.com\/belogue\/2006\/11\/02\/space-mot-keys-2\/","url_meta":{"origin":843,"position":3},"title":"Space Mot-Keys #2.","author":"dpc","date":"2 novembre 2006","format":false,"excerpt":"ize proude tou pr\u00e9sente Le choc\u00a0: 23 requ\u00eates 33 requ\u00eates Travis Barker nique Molko grave, merci MTV. \u00c9galement cit\u00e9s\u00a0: (5 fois) et (6 fois), qui font tous deux moins bien que (7 fois), une valeur d\u00e9cid\u00e9ment s\u00fbre. \u00c0 noter le grand nombre de (5 fois) t\u00e9moignant de la bonne sant\u00e9\u2026","rel":"","context":"Dans &quot;Space mots-keys&quot;","block_context":{"text":"Space mots-keys","link":"https:\/\/www.wallendorff.com\/belogue\/category\/space-mots-keys\/"},"img":{"alt_text":"","src":"","width":0,"height":0},"classes":[]},{"id":866,"url":"https:\/\/www.wallendorff.com\/belogue\/2007\/01\/03\/space-mot-keys-4\/","url_meta":{"origin":843,"position":4},"title":"Space mot-keys #4.","author":"dpc","date":"3 janvier 2007","format":false,"excerpt":"ize proude tou pr\u00e9sente Le choc\u00a0: \u2015 7 requ\u00eates \u2015 92 requ\u00eates Ce qui s'appelle se faire mettre sa mis\u00e8re grave. Genre fait \u00e0 peine autant que le traditionnel . Y'a pas \u00e0 dire, le heavy metal chevelu a encore de beaux jours devant lui. La courteliste\u00a0: \u00c7a, \u00e7a sent\u2026","rel":"","context":"Dans &quot;Space mots-keys&quot;","block_context":{"text":"Space mots-keys","link":"https:\/\/www.wallendorff.com\/belogue\/category\/space-mots-keys\/"},"img":{"alt_text":"","src":"https:\/\/i0.wp.com\/www.wallendorff.com\/belogue\/photo\/2007\/01\/20070102-03.gif?resize=350%2C200","width":350,"height":200},"classes":[]},{"id":1266,"url":"https:\/\/www.wallendorff.com\/belogue\/2008\/07\/09\/space-mots-keys-22\/","url_meta":{"origin":843,"position":5},"title":"Space mots-keys #22.","author":"dpc","date":"9 juillet 2008","format":false,"excerpt":"ize proude tou pr\u00e9sente Sp\u00e9cial Allemands Oui, il para\u00eet que c'est le seul qui a des poils. \u00a0 Plus \u00e7a va et plus les requ\u00eates sur Tokio Hotel ressemble \u00e0 des titres de bouquins de Martine. \u00a0 Bah oui, quand ils font les boutiques. \u00a0 Moi aussi \u00e7a m'a fait\u2026","rel":"","context":"Dans &quot;Space mots-keys&quot;","block_context":{"text":"Space mots-keys","link":"https:\/\/www.wallendorff.com\/belogue\/category\/space-mots-keys\/"},"img":{"alt_text":"","src":"","width":0,"height":0},"classes":[]}],"_links":{"self":[{"href":"https:\/\/www.wallendorff.com\/belogue\/wp-json\/wp\/v2\/posts\/843","targetHints":{"allow":["GET"]}}],"collection":[{"href":"https:\/\/www.wallendorff.com\/belogue\/wp-json\/wp\/v2\/posts"}],"about":[{"href":"https:\/\/www.wallendorff.com\/belogue\/wp-json\/wp\/v2\/types\/post"}],"author":[{"embeddable":true,"href":"https:\/\/www.wallendorff.com\/belogue\/wp-json\/wp\/v2\/users\/1"}],"replies":[{"embeddable":true,"href":"https:\/\/www.wallendorff.com\/belogue\/wp-json\/wp\/v2\/comments?post=843"}],"version-history":[{"count":2,"href":"https:\/\/www.wallendorff.com\/belogue\/wp-json\/wp\/v2\/posts\/843\/revisions"}],"predecessor-version":[{"id":18405,"href":"https:\/\/www.wallendorff.com\/belogue\/wp-json\/wp\/v2\/posts\/843\/revisions\/18405"}],"wp:featuredmedia":[{"embeddable":true,"href":"https:\/\/www.wallendorff.com\/belogue\/wp-json\/wp\/v2\/media\/24782"}],"wp:attachment":[{"href":"https:\/\/www.wallendorff.com\/belogue\/wp-json\/wp\/v2\/media?parent=843"}],"wp:term":[{"taxonomy":"category","embeddable":true,"href":"https:\/\/www.wallendorff.com\/belogue\/wp-json\/wp\/v2\/categories?post=843"},{"taxonomy":"post_tag","embeddable":true,"href":"https:\/\/www.wallendorff.com\/belogue\/wp-json\/wp\/v2\/tags?post=843"}],"curies":[{"name":"wp","href":"https:\/\/api.w.org\/{rel}","templated":true}]}}