{"id":838,"date":"2006-11-27T09:18:53","date_gmt":"2006-11-27T09:18:53","guid":{"rendered":"http:\/\/www.po-l.com\/wordpress\/?p=838"},"modified":"2013-01-10T12:23:33","modified_gmt":"2013-01-10T10:23:33","slug":"previously-unreleased-47","status":"publish","type":"post","link":"https:\/\/www.wallendorff.com\/belogue\/2006\/11\/27\/previously-unreleased-47\/","title":{"rendered":"Previously unreleased #47\u00b9."},"content":{"rendered":"\n<div id=\"photo\">\n<p><img decoding=\"async\" src=\"https:\/\/www.wallendorff.com\/belogue\/photo\/2006\/11\/20061127.jpg\"\/><br \/>\n          Mathieu Ch&eacute;did, 40 ans Rock n&rsquo;Folk, le Bataclan, Paris, 24 octobre.<\/p>\n<\/p><\/div>\n<div id=\"bandeson\">\n<p><img decoding=\"async\" src=\"https:\/\/www.wallendorff.com\/belogue\/photo\/pochettes\/t\/thunderbirds_are_now-justamustache.jpg\" align=\"left\" \/>&nbsp;<a href=\"http:\/\/www.myspace.com\/thunderbirdsarenow\">Thunderbirds Are Now!<\/a> &ndash; <em>Eat This City<\/em><\/p>\n<\/p><\/div>\n<p>_____<\/p>\n<div id=\"bas_note\">\n<p><sup>1<\/sup> Concept trop yeah chez <a href=\"http:\/\/blog.julietterobert.com\">cette jeune fille<\/a> d&eacute;rob&eacute;.<\/p>\n<\/p><\/div>\n","protected":false},"excerpt":{"rendered":"<p>Mathieu Ch&eacute;did, 40 ans Rock n&rsquo;Folk, le Bataclan, Paris, 24 octobre. &nbsp;Thunderbirds Are Now! &ndash; Eat This City _____ 1 Concept trop yeah chez cette jeune fille d&eacute;rob&eacute;.<\/p>\n","protected":false},"author":1,"featured_media":24777,"comment_status":"open","ping_status":"open","sticky":false,"template":"","format":"standard","meta":{"_acf_changed":false,"ngg_post_thumbnail":0,"jetpack_post_was_ever_published":false,"_jetpack_newsletter_access":"","_jetpack_dont_email_post_to_subs":false,"_jetpack_newsletter_tier_id":0,"_jetpack_memberships_contains_paywalled_content":false,"_jetpack_memberships_contains_paid_content":false,"footnotes":"","jetpack_publicize_message":"","jetpack_publicize_feature_enabled":true,"jetpack_social_post_already_shared":false,"jetpack_social_options":{"image_generator_settings":{"template":"highway","default_image_id":0,"font":"","enabled":false},"version":2}},"categories":[5],"tags":[10742,174,10183,10084,155,132,1807,1852,10120,10121,10332,10421,143,10098,10412,987],"class_list":["post-838","post","type-post","status-publish","format-standard","has-post-thumbnail","hentry","category-previously-unreleased","tag-m","tag-174","tag-10183","tag-alive","tag-ef-s-18-55-mm-f35-56-ii","tag-eos-20d","tag-eos-350d","tag-eat-this-city","tag-france","tag-ile-de-france","tag-le-bataclan","tag-mathieu-chedid","tag-noir-et-blanc","tag-paris","tag-rock-folk","tag-thunderbirds-are-now"],"acf":[],"geo":{"latitude":48.8629417,"longitude":2.370445,"description":"1-15 Passage Saint-Pierre Amelot, 75011 Paris, France"},"jetpack_publicize_connections":[],"jetpack_featured_media_url":"https:\/\/www.wallendorff.com\/belogue\/wp-content\/uploads\/2015\/04\/200611271.jpg","jetpack_shortlink":"https:\/\/wp.me\/p3b35P-dw","jetpack_sharing_enabled":true,"jetpack-related-posts":[{"id":637,"url":"https:\/\/www.wallendorff.com\/belogue\/2006\/08\/15\/previously-unreleased-40\/","url_meta":{"origin":838,"position":0},"title":"Previously Unreleased #40&sup1;.","author":"dpc","date":"15 ao\u00fbt 2006","format":false,"excerpt":"Arctic Monkeys, le Bataclan, Paris, 2 mai. \u00a0Peter Bj\u00f6rn and John \u2013 Young Folks","rel":"","context":"Dans &quot;Previously unreleased&quot;","block_context":{"text":"Previously unreleased","link":"https:\/\/www.wallendorff.com\/belogue\/category\/previously-unreleased\/"},"img":{"alt_text":"","src":"https:\/\/i0.wp.com\/www.wallendorff.com\/belogue\/wp-content\/uploads\/2015\/04\/200608151.jpg?resize=350%2C200&ssl=1","width":350,"height":200},"classes":[]},{"id":21073,"url":"https:\/\/www.wallendorff.com\/belogue\/2013\/06\/05\/previously-unreleased-91\/","url_meta":{"origin":838,"position":1},"title":"Previously unreleased #91.","author":"dpc","date":"5 juin 2013","format":false,"excerpt":"Cold War Kids, le Bataclan, Paris, 24 avril. JailbirdsCold War Kids","rel":"","context":"Dans &quot;Previously unreleased&quot;","block_context":{"text":"Previously unreleased","link":"https:\/\/www.wallendorff.com\/belogue\/category\/previously-unreleased\/"},"img":{"alt_text":"","src":"https:\/\/i0.wp.com\/www.wallendorff.com\/belogue\/wp-content\/uploads\/2015\/04\/20130605.jpg?resize=350%2C200&ssl=1","width":350,"height":200,"srcset":"https:\/\/i0.wp.com\/www.wallendorff.com\/belogue\/wp-content\/uploads\/2015\/04\/20130605.jpg?resize=350%2C200&ssl=1 1x, https:\/\/i0.wp.com\/www.wallendorff.com\/belogue\/wp-content\/uploads\/2015\/04\/20130605.jpg?resize=525%2C300&ssl=1 1.5x, https:\/\/i0.wp.com\/www.wallendorff.com\/belogue\/wp-content\/uploads\/2015\/04\/20130605.jpg?resize=700%2C400&ssl=1 2x"},"classes":[]},{"id":134068,"url":"https:\/\/www.wallendorff.com\/belogue\/2025\/10\/16\/the-cat-empire-le-bataclan-paris-14-octobre-2025\/","url_meta":{"origin":838,"position":2},"title":"The Cat Empire @ le Bataclan, Paris, 14 octobre 2025.","author":"dpc","date":"16 octobre 2025","format":false,"excerpt":"The Cat Empire @ le Bataclan, Paris, 14\/10\/2025 The Cat Empire @ le Bataclan, Paris, 14\/10\/2025 The Cat Empire @ le Bataclan, Paris, 14\/10\/2025 The Cat Empire @ le Bataclan, Paris, 14\/10\/2025 The Cat Empire @ le Bataclan, Paris, 14\/10\/2025 The Cat Empire @ le Bataclan, Paris, 14\/10\/2025 The Cat\u2026","rel":"","context":"Dans &quot;Alive&quot;","block_context":{"text":"Alive","link":"https:\/\/www.wallendorff.com\/belogue\/category\/alive\/"},"img":{"alt_text":"","src":"https:\/\/i0.wp.com\/www.wallendorff.com\/belogue\/wp-content\/uploads\/2025\/10\/20251016-12.jpg?resize=350%2C200&ssl=1","width":350,"height":200,"srcset":"https:\/\/i0.wp.com\/www.wallendorff.com\/belogue\/wp-content\/uploads\/2025\/10\/20251016-12.jpg?resize=350%2C200&ssl=1 1x, https:\/\/i0.wp.com\/www.wallendorff.com\/belogue\/wp-content\/uploads\/2025\/10\/20251016-12.jpg?resize=525%2C300&ssl=1 1.5x, https:\/\/i0.wp.com\/www.wallendorff.com\/belogue\/wp-content\/uploads\/2025\/10\/20251016-12.jpg?resize=700%2C400&ssl=1 2x, https:\/\/i0.wp.com\/www.wallendorff.com\/belogue\/wp-content\/uploads\/2025\/10\/20251016-12.jpg?resize=1050%2C600&ssl=1 3x"},"classes":[]},{"id":813,"url":"https:\/\/www.wallendorff.com\/belogue\/2006\/10\/25\/the-40-ans-of-the-rock-n-fluque-le-bataclan-paris\/","url_meta":{"origin":838,"position":3},"title":"The 40 ans of the Rock &#038; Fluque @ Le Bataclan, Paris.","author":"dpc","date":"25 octobre 2006","format":false,"excerpt":"Gr\u00e2ce soit rendue pour les 23 prochaines g\u00e9n\u00e9rations \u00e0 Ath-les-bons-tuyaux pour le pr\u00eat du matos. Appel\u00e9 au dernier moment, Arriv\u00e9e pour le gros tube des Nazes1, bar ouvert2, discours d'entr\u00e9e du Man\u0153uvre qui d\u00e9cid\u00e9ment est le plus dou\u00e9 imitateur de Man\u0153uvre au monde, Jacno insipide, super-groupe \u00e0 base de Natasha-d'AS-Dragon,\u2026","rel":"","context":"Dans &quot;Alive&quot;","block_context":{"text":"Alive","link":"https:\/\/www.wallendorff.com\/belogue\/category\/alive\/"},"img":{"alt_text":"","src":"https:\/\/i0.wp.com\/www.wallendorff.com\/belogue\/wp-content\/uploads\/2015\/04\/20061025-11.jpg?resize=350%2C200&ssl=1","width":350,"height":200,"srcset":"https:\/\/i0.wp.com\/www.wallendorff.com\/belogue\/wp-content\/uploads\/2015\/04\/20061025-11.jpg?resize=350%2C200&ssl=1 1x, https:\/\/i0.wp.com\/www.wallendorff.com\/belogue\/wp-content\/uploads\/2015\/04\/20061025-11.jpg?resize=525%2C300&ssl=1 1.5x"},"classes":[]},{"id":880,"url":"https:\/\/www.wallendorff.com\/belogue\/2007\/01\/23\/previously-unreleased-50\/","url_meta":{"origin":838,"position":4},"title":"Previously unreleased #501.","author":"dpc","date":"23 janvier 2007","format":false,"excerpt":"The Killers, le Bataclan, Paris, 15 novembre 2006. \u00a0Cat Power \u2013 I Don't Blame You (live Austin City Limits) _____ 1 Tradition photographique emprunt\u00e9e \u00e0 cette dou\u00e9e de l'esth\u00e9tique.","rel":"","context":"Dans &quot;Previously unreleased&quot;","block_context":{"text":"Previously unreleased","link":"https:\/\/www.wallendorff.com\/belogue\/category\/previously-unreleased\/"},"img":{"alt_text":"","src":"https:\/\/i0.wp.com\/www.wallendorff.com\/belogue\/wp-content\/uploads\/2015\/04\/200701231.jpg?resize=350%2C200&ssl=1","width":350,"height":200},"classes":[]},{"id":1083,"url":"https:\/\/www.wallendorff.com\/belogue\/2007\/11\/16\/previously-unreleased-73\/","url_meta":{"origin":838,"position":5},"title":"Previously unreleased #73\u00b9.","author":"dpc","date":"16 novembre 2007","format":false,"excerpt":"Kings of Leon, le Bataclan, 26 juin. Comprendre\u00a0: \u00ab\u00a0j'\u00e9tais tellement bourr\u00e9 au Beaujolais hier soir que j'en suis sorti sans photo ce matin, ce qui m'oblige \u00e0 meubler avec le premier fond de tiroir venu.\u00a0\u00bb J'ai honte, oui. \u00a0The White Stripes \u2013 Bone Broke _____ 1 Tradition fort jolie emprunt\u00e9e\u2026","rel":"","context":"Dans &quot;Previously unreleased&quot;","block_context":{"text":"Previously unreleased","link":"https:\/\/www.wallendorff.com\/belogue\/category\/previously-unreleased\/"},"img":{"alt_text":"","src":"https:\/\/i0.wp.com\/www.wallendorff.com\/belogue\/wp-content\/uploads\/2015\/04\/200711161.jpg?resize=350%2C200&ssl=1","width":350,"height":200},"classes":[]}],"_links":{"self":[{"href":"https:\/\/www.wallendorff.com\/belogue\/wp-json\/wp\/v2\/posts\/838","targetHints":{"allow":["GET"]}}],"collection":[{"href":"https:\/\/www.wallendorff.com\/belogue\/wp-json\/wp\/v2\/posts"}],"about":[{"href":"https:\/\/www.wallendorff.com\/belogue\/wp-json\/wp\/v2\/types\/post"}],"author":[{"embeddable":true,"href":"https:\/\/www.wallendorff.com\/belogue\/wp-json\/wp\/v2\/users\/1"}],"replies":[{"embeddable":true,"href":"https:\/\/www.wallendorff.com\/belogue\/wp-json\/wp\/v2\/comments?post=838"}],"version-history":[{"count":2,"href":"https:\/\/www.wallendorff.com\/belogue\/wp-json\/wp\/v2\/posts\/838\/revisions"}],"predecessor-version":[{"id":20086,"href":"https:\/\/www.wallendorff.com\/belogue\/wp-json\/wp\/v2\/posts\/838\/revisions\/20086"}],"wp:featuredmedia":[{"embeddable":true,"href":"https:\/\/www.wallendorff.com\/belogue\/wp-json\/wp\/v2\/media\/24777"}],"wp:attachment":[{"href":"https:\/\/www.wallendorff.com\/belogue\/wp-json\/wp\/v2\/media?parent=838"}],"wp:term":[{"taxonomy":"category","embeddable":true,"href":"https:\/\/www.wallendorff.com\/belogue\/wp-json\/wp\/v2\/categories?post=838"},{"taxonomy":"post_tag","embeddable":true,"href":"https:\/\/www.wallendorff.com\/belogue\/wp-json\/wp\/v2\/tags?post=838"}],"curies":[{"name":"wp","href":"https:\/\/api.w.org\/{rel}","templated":true}]}}