{"id":837,"date":"2006-11-26T14:07:21","date_gmt":"2006-11-26T14:07:21","guid":{"rendered":"http:\/\/www.po-l.com\/wordpress\/?p=837"},"modified":"2012-07-23T12:24:13","modified_gmt":"2012-07-23T10:24:13","slug":"ces-rails-et-la-voie","status":"publish","type":"post","link":"https:\/\/www.wallendorff.com\/belogue\/2006\/11\/26\/ces-rails-et-la-voie\/","title":{"rendered":"Ces rails et la voie."},"content":{"rendered":"\n<div id=\"photo\">\n<p><img decoding=\"async\" src=\"https:\/\/www.wallendorff.com\/belogue\/photo\/2006\/11\/20061126.jpg\"\/><br \/>\n          Gare Saint-Lazare, Paris, 25 novembre.<\/p>\n<\/p><\/div>\n<p style=\"text-align:right\">&ldquo;<em>Now after all, don&rsquo;t feel like nothing<br \/>\n        Like walking away<br \/>\n        Like a mouth full of rain<br \/>\n        At twelve o&rsquo;clock<br \/>\n        <\/em><em>The bell starts ringing<br \/>\n        A dog starts barking<br \/>\n        And you&rsquo;re still missing<br \/>\n        Still missing something<br \/>\n        <\/em><em>You&rsquo;ve never known what it was<\/em><\/p>\n<p style=\"text-align:right\"><em>And I&rsquo;m not one for thinking twice<br \/>\n        But I know this much is true<br \/>\n        The Earth will turn, the pot&rsquo;ll burn<br \/>\n        And you are my revolver.<\/em>&rdquo;<\/p>\n<div id=\"bandeson\">\n<p><img decoding=\"async\" src=\"https:\/\/www.wallendorff.com\/belogue\/photo\/pochettes\/c\/campbell_isobel-mark_lanegan-ramblin_man.jpg\" align=\"left\" \/>&nbsp;<a href=\"http:\/\/www.isobelcampbell.com\">Isobel Campbell<\/a> &amp; <a href=\"http:\/\/www.myspace.com\/marklanegan\">Mark Lanegan<\/a> &ndash; <em>Revolver<\/em> (part II)<\/p>\n<\/div>\n","protected":false},"excerpt":{"rendered":"<p>Gare Saint-Lazare, Paris, 25 novembre. &ldquo;Now after all, don&rsquo;t feel like nothing Like walking away Like a mouth full of rain At twelve o&rsquo;clock The bell starts ringing A dog starts barking And you&rsquo;re still missing Still missing something You&rsquo;ve never known what it was And I&rsquo;m not one for thinking twice But I know&hellip;<\/p>\n","protected":false},"author":1,"featured_media":24776,"comment_status":"open","ping_status":"open","sticky":false,"template":"","format":"standard","meta":{"_acf_changed":false,"ngg_post_thumbnail":0,"jetpack_post_was_ever_published":false,"_jetpack_newsletter_access":"","_jetpack_dont_email_post_to_subs":false,"_jetpack_newsletter_tier_id":0,"_jetpack_memberships_contains_paywalled_content":false,"_jetpack_memberships_contains_paid_content":false,"footnotes":"","jetpack_publicize_message":"","jetpack_publicize_feature_enabled":true,"jetpack_social_post_already_shared":false,"jetpack_social_options":{"image_generator_settings":{"template":"highway","default_image_id":0,"font":"","enabled":false},"version":2}},"categories":[3],"tags":[10414,132,10120,10247,10420,10121,10362,10363,143,10098,1850,173,10150],"class_list":["post-837","post","type-post","status-publish","format-standard","has-post-thumbnail","hentry","category-dpc","tag-10414","tag-eos-20d","tag-france","tag-gare","tag-gare-saint-lazare","tag-ile-de-france","tag-isobel-campbell","tag-mark-lanegan","tag-noir-et-blanc","tag-paris","tag-revolver-part-ii","tag-sigma-28-70-mm-f28-dg-ex","tag-train"],"acf":[],"geo":{"latitude":48.8858147,"longitude":2.3171389,"description":null},"jetpack_publicize_connections":[],"jetpack_featured_media_url":"https:\/\/www.wallendorff.com\/belogue\/wp-content\/uploads\/2015\/04\/200611261.jpg","jetpack_shortlink":"https:\/\/wp.me\/p3b35P-dv","jetpack_sharing_enabled":true,"jetpack-related-posts":[{"id":1269,"url":"https:\/\/www.wallendorff.com\/belogue\/2008\/07\/15\/a-bon-an-tant-d-heures\/","url_meta":{"origin":837,"position":0},"title":"\u00c0 bon an, tant d&rsquo;heures.","author":"dpc","date":"15 juillet 2008","format":false,"excerpt":"Gare de l'Est, Paris, 18 juin. Et de me faire pr\u00e9f\u00e9rer l'en-train. \u00a0Isobel Campbell & Mark Lanegan \u2013 Trouble _____ 1 Je sais que \u00e7a fait redite de cette photo-ci et j'assume mes fixettes.","rel":"","context":"Dans &quot;DPC&quot;","block_context":{"text":"DPC","link":"https:\/\/www.wallendorff.com\/belogue\/category\/dpc\/"},"img":{"alt_text":"","src":"https:\/\/i0.wp.com\/www.wallendorff.com\/belogue\/wp-content\/uploads\/2015\/04\/200807151.jpg?resize=350%2C200&ssl=1","width":350,"height":200},"classes":[]},{"id":12540,"url":"https:\/\/www.wallendorff.com\/belogue\/2011\/04\/06\/youll-be-the-one-missing-out\/","url_meta":{"origin":837,"position":1},"title":"You&rsquo;ll be the one missing out.","author":"dpc","date":"6 avril 2011","format":false,"excerpt":"Station Saint-Lazare, Paris, 13 mars. \u00a0Bloc Party \u2014 One Month Off","rel":"","context":"Dans &quot;DPC&quot;","block_context":{"text":"DPC","link":"https:\/\/www.wallendorff.com\/belogue\/category\/dpc\/"},"img":{"alt_text":"","src":"https:\/\/i0.wp.com\/www.wallendorff.com\/belogue\/wp-content\/uploads\/2015\/04\/201104061.jpg?resize=350%2C200&ssl=1","width":350,"height":200},"classes":[]},{"id":3007,"url":"https:\/\/www.wallendorff.com\/belogue\/2008\/08\/25\/remastered-5\/","url_meta":{"origin":837,"position":2},"title":"Remastered #5","author":"dpc","date":"25 ao\u00fbt 2008","format":false,"excerpt":"\u00c0 la demande g\u00e9n\u00e9rale conjointe de Myoo et Silphi [et m\u00eame si personnellement je pr\u00e9f\u00e8re la version noir et blanc]\u00a0: Pont Neuf, Paris, 24 juillet. Isobel Campbell & Mark Lanegan \u2013 Revolver1 \u201cAnd I dreamed of ending and flying away\u201d _____ 1 \u00c7a tombe quand m\u00eame bigrement bien d'\u00eatre all\u00e9\u2026","rel":"","context":"Dans &quot;DPC&quot;","block_context":{"text":"DPC","link":"https:\/\/www.wallendorff.com\/belogue\/category\/dpc\/"},"img":{"alt_text":"","src":"https:\/\/i0.wp.com\/www.wallendorff.com\/belogue\/wp-content\/uploads\/2015\/04\/200808251.jpg?resize=350%2C200&ssl=1","width":350,"height":200},"classes":[]},{"id":30,"url":"https:\/\/www.wallendorff.com\/belogue\/2006\/02\/12\/ton-beau-ou-vert\/","url_meta":{"origin":837,"position":3},"title":"&Agrave; ton beau o&ugrave; vert.","author":"dpc","date":"12 f\u00e9vrier 2006","format":false,"excerpt":"L'Ardenne, 12 f\u00e9vrier, 16h01. (... And I still don't like Mondays.) \u00a0Isobel Campbell & Mark Lanegan \u2013 Revolver","rel":"","context":"Dans &quot;DPC&quot;","block_context":{"text":"DPC","link":"https:\/\/www.wallendorff.com\/belogue\/category\/dpc\/"},"img":{"alt_text":"","src":"https:\/\/i0.wp.com\/www.wallendorff.com\/belogue\/wp-content\/uploads\/2015\/04\/200602121.jpg?resize=350%2C200&ssl=1","width":350,"height":200},"classes":[]},{"id":1244,"url":"https:\/\/www.wallendorff.com\/belogue\/2008\/06\/07\/isobel-campbell-mark-lanegan-la-cigale-paris\/","url_meta":{"origin":837,"position":4},"title":"Isobel Campbell &amp; Mark Lanegan @ la Cigale, Paris.","author":"dpc","date":"7 juin 2008","format":false,"excerpt":"Puisque c'est de saison\u00a0: \u00a0Isobel Campbell & Mark Lanegan \u2013 Honeychild, What Can I Do?","rel":"","context":"Dans &quot;Alive&quot;","block_context":{"text":"Alive","link":"https:\/\/www.wallendorff.com\/belogue\/category\/alive\/"},"img":{"alt_text":"","src":"https:\/\/i0.wp.com\/www.wallendorff.com\/belogue\/wp-content\/uploads\/2015\/04\/200806071.jpg?resize=350%2C200&ssl=1","width":350,"height":200,"srcset":"https:\/\/i0.wp.com\/www.wallendorff.com\/belogue\/wp-content\/uploads\/2015\/04\/200806071.jpg?resize=350%2C200&ssl=1 1x, https:\/\/i0.wp.com\/www.wallendorff.com\/belogue\/wp-content\/uploads\/2015\/04\/200806071.jpg?resize=525%2C300&ssl=1 1.5x, https:\/\/i0.wp.com\/www.wallendorff.com\/belogue\/wp-content\/uploads\/2015\/04\/200806071.jpg?resize=700%2C400&ssl=1 2x"},"classes":[]},{"id":22906,"url":"https:\/\/www.wallendorff.com\/belogue\/2014\/06\/06\/dix-ans-sur-les-rails\/","url_meta":{"origin":837,"position":5},"title":"Dix ans sur les rails.","author":"dpc","date":"6 juin 2014","format":false,"excerpt":"Des Corails (des Coraux\u00a0?) puis des TGV. Des courses pour arriver \u00e0 temps, des d\u00e9parts et des arriv\u00e9es, et r\u00e9guli\u00e8rement revenir arpenter les quais quand je passe dans le quartier\u00a0; le jour, pour regarder les autres partir et chercher cet instant qui s\u00e9pare le dernier voyageur qui marche tranquillement vers\u2026","rel":"","context":"Dans &quot;DPC&quot;","block_context":{"text":"DPC","link":"https:\/\/www.wallendorff.com\/belogue\/category\/dpc\/"},"img":{"alt_text":"","src":"https:\/\/i0.wp.com\/www.wallendorff.com\/belogue\/wp-content\/uploads\/2015\/04\/200507293.jpg?resize=350%2C200&ssl=1","width":350,"height":200,"srcset":"https:\/\/i0.wp.com\/www.wallendorff.com\/belogue\/wp-content\/uploads\/2015\/04\/200507293.jpg?resize=350%2C200&ssl=1 1x, https:\/\/i0.wp.com\/www.wallendorff.com\/belogue\/wp-content\/uploads\/2015\/04\/200507293.jpg?resize=525%2C300&ssl=1 1.5x, https:\/\/i0.wp.com\/www.wallendorff.com\/belogue\/wp-content\/uploads\/2015\/04\/200507293.jpg?resize=700%2C400&ssl=1 2x"},"classes":[]}],"_links":{"self":[{"href":"https:\/\/www.wallendorff.com\/belogue\/wp-json\/wp\/v2\/posts\/837","targetHints":{"allow":["GET"]}}],"collection":[{"href":"https:\/\/www.wallendorff.com\/belogue\/wp-json\/wp\/v2\/posts"}],"about":[{"href":"https:\/\/www.wallendorff.com\/belogue\/wp-json\/wp\/v2\/types\/post"}],"author":[{"embeddable":true,"href":"https:\/\/www.wallendorff.com\/belogue\/wp-json\/wp\/v2\/users\/1"}],"replies":[{"embeddable":true,"href":"https:\/\/www.wallendorff.com\/belogue\/wp-json\/wp\/v2\/comments?post=837"}],"version-history":[{"count":1,"href":"https:\/\/www.wallendorff.com\/belogue\/wp-json\/wp\/v2\/posts\/837\/revisions"}],"predecessor-version":[{"id":18329,"href":"https:\/\/www.wallendorff.com\/belogue\/wp-json\/wp\/v2\/posts\/837\/revisions\/18329"}],"wp:featuredmedia":[{"embeddable":true,"href":"https:\/\/www.wallendorff.com\/belogue\/wp-json\/wp\/v2\/media\/24776"}],"wp:attachment":[{"href":"https:\/\/www.wallendorff.com\/belogue\/wp-json\/wp\/v2\/media?parent=837"}],"wp:term":[{"taxonomy":"category","embeddable":true,"href":"https:\/\/www.wallendorff.com\/belogue\/wp-json\/wp\/v2\/categories?post=837"},{"taxonomy":"post_tag","embeddable":true,"href":"https:\/\/www.wallendorff.com\/belogue\/wp-json\/wp\/v2\/tags?post=837"}],"curies":[{"name":"wp","href":"https:\/\/api.w.org\/{rel}","templated":true}]}}