{"id":832,"date":"2006-11-19T21:10:41","date_gmt":"2006-11-19T21:10:41","guid":{"rendered":"http:\/\/www.po-l.com\/wordpress\/?p=832"},"modified":"2012-07-19T12:51:29","modified_gmt":"2012-07-19T10:51:29","slug":"guit-art-4","status":"publish","type":"post","link":"https:\/\/www.wallendorff.com\/belogue\/2006\/11\/19\/guit-art-4\/","title":{"rendered":"Guit&rsquo;Art #4."},"content":{"rendered":"\n<div id=\"photo\">\n<p><img decoding=\"async\" src=\"https:\/\/www.wallendorff.com\/belogue\/photo\/2006\/11\/20061119.jpg\"\/><br \/>\n          Virgin Montmartre, Paris, 18 novembre.<\/p>\n<\/p><\/div>\n<p style=\"text-align:right\">&Ccedil;a va finir en s&eacute;rie, je vous dis. <\/p>\n<div id=\"bandeson\">\n<p><img decoding=\"async\" src=\"https:\/\/www.wallendorff.com\/belogue\/photo\/pochettes\/blank.jpg\" align=\"left\" \/>&nbsp;<a href=\"http:\/\/www.theraconteurs.com\">The Raconteurs<\/a> &ndash; <em>5 on the 5<\/em> (live  Brixton Academy, October 20<sup>th<\/sup>)<\/p>\n<\/div>\n","protected":false},"excerpt":{"rendered":"<p>Virgin Montmartre, Paris, 18 novembre. &Ccedil;a va finir en s&eacute;rie, je vous dis. &nbsp;The Raconteurs &ndash; 5 on the 5 (live Brixton Academy, October 20th)<\/p>\n","protected":false},"author":1,"featured_media":24771,"comment_status":"open","ping_status":"open","sticky":false,"template":"","format":"standard","meta":{"_acf_changed":false,"ngg_post_thumbnail":0,"jetpack_post_was_ever_published":false,"_jetpack_newsletter_access":"","_jetpack_dont_email_post_to_subs":false,"_jetpack_newsletter_tier_id":0,"_jetpack_memberships_contains_paywalled_content":false,"_jetpack_memberships_contains_paid_content":false,"footnotes":"","jetpack_publicize_message":"","jetpack_publicize_feature_enabled":true,"jetpack_social_post_already_shared":false,"jetpack_social_options":{"image_generator_settings":{"template":"highway","default_image_id":0,"font":"","enabled":false},"version":2}},"categories":[9],"tags":[174,1841,10251,10084,157,132,10120,10192,10121,10098,247,1493,1840],"class_list":["post-832","post","type-post","status-publish","format-standard","has-post-thumbnail","hentry","category-guit-art","tag-174","tag-5-on-the-5","tag-10251","tag-alive","tag-ef-50-mm-f18-ii","tag-eos-20d","tag-france","tag-guitare","tag-ile-de-france","tag-paris","tag-pleymo","tag-the-raconteurs","tag-virgin-megastore"],"acf":[],"geo":{"latitude":48.8714066,"longitude":2.3425663,"description":null},"jetpack_publicize_connections":[],"jetpack_featured_media_url":"https:\/\/www.wallendorff.com\/belogue\/wp-content\/uploads\/2015\/04\/200611191.jpg","jetpack_shortlink":"https:\/\/wp.me\/p3b35P-dq","jetpack_sharing_enabled":true,"jetpack-related-posts":[{"id":788,"url":"https:\/\/www.wallendorff.com\/belogue\/2006\/09\/17\/guit-art-1\/","url_meta":{"origin":832,"position":0},"title":"Guit&rsquo;Art #1.","author":"dpc","date":"17 septembre 2006","format":false,"excerpt":"La Fl\u00e8che d'Or, Paris, 7 septembre. \u00a0Semifinalists\u00a0\u2015 Show the Way","rel":"","context":"Dans &quot;Guit'Art&quot;","block_context":{"text":"Guit'Art","link":"https:\/\/www.wallendorff.com\/belogue\/category\/guit-art\/"},"img":{"alt_text":"","src":"https:\/\/i0.wp.com\/www.wallendorff.com\/belogue\/wp-content\/uploads\/2015\/04\/200609171.jpg?resize=350%2C200&ssl=1","width":350,"height":200},"classes":[]},{"id":789,"url":"https:\/\/www.wallendorff.com\/belogue\/2006\/09\/18\/guit-art-2\/","url_meta":{"origin":832,"position":1},"title":"Guit&rsquo;Art #2.","author":"dpc","date":"18 septembre 2006","format":false,"excerpt":"La Fl\u00e8che d'Or, Paris, 7 septembre. \u00a0Soul Asylum \u2013 Without a Trace (live)","rel":"","context":"Dans &quot;Guit'Art&quot;","block_context":{"text":"Guit'Art","link":"https:\/\/www.wallendorff.com\/belogue\/category\/guit-art\/"},"img":{"alt_text":"","src":"https:\/\/i0.wp.com\/www.wallendorff.com\/belogue\/wp-content\/uploads\/2015\/04\/200609181.jpg?resize=350%2C200&ssl=1","width":350,"height":200},"classes":[]},{"id":833,"url":"https:\/\/www.wallendorff.com\/belogue\/2006\/11\/20\/guit-art-5\/","url_meta":{"origin":832,"position":2},"title":"Guit&rsquo;Art #5.","author":"dpc","date":"20 novembre 2006","format":false,"excerpt":"Le Bataclan, Paris, 10 novembre. H\u00e9h\u00e9h\u00e9h\u00e9. \u00a0Radiohead \u2013 The National Anthem (live)","rel":"","context":"Dans &quot;Guit'Art&quot;","block_context":{"text":"Guit'Art","link":"https:\/\/www.wallendorff.com\/belogue\/category\/guit-art\/"},"img":{"alt_text":"","src":"https:\/\/i0.wp.com\/www.wallendorff.com\/belogue\/wp-content\/uploads\/2015\/04\/200611201.jpg?resize=350%2C200&ssl=1","width":350,"height":200},"classes":[]},{"id":967,"url":"https:\/\/www.wallendorff.com\/belogue\/2007\/06\/02\/guit-art-7\/","url_meta":{"origin":832,"position":3},"title":"Guit&rsquo;Art #7.","author":"dpc","date":"2 juin 2007","format":false,"excerpt":"Le Trabendo, Paris, 2 mai. \u00a0Franz Ferdinand \u2013 All My Friends (LCD Soundsystem cover)","rel":"","context":"Dans &quot;Guit'Art&quot;","block_context":{"text":"Guit'Art","link":"https:\/\/www.wallendorff.com\/belogue\/category\/guit-art\/"},"img":{"alt_text":"","src":"https:\/\/i0.wp.com\/www.wallendorff.com\/belogue\/wp-content\/uploads\/2015\/04\/200706021.jpg?resize=350%2C200&ssl=1","width":350,"height":200},"classes":[]},{"id":9770,"url":"https:\/\/www.wallendorff.com\/belogue\/2010\/11\/09\/guitart-10\/","url_meta":{"origin":832,"position":4},"title":"Guit&rsquo;art #10.","author":"dpc","date":"9 novembre 2010","format":false,"excerpt":"Hellstone Music, Stockholm, 30 ao\u00fbt. Le dernier datait un peu. The Wombats \u2013 Jump into the Fog","rel":"","context":"Dans &quot;Guit'Art&quot;","block_context":{"text":"Guit'Art","link":"https:\/\/www.wallendorff.com\/belogue\/category\/guit-art\/"},"img":{"alt_text":"","src":"https:\/\/i0.wp.com\/www.wallendorff.com\/belogue\/wp-content\/uploads\/2015\/04\/201011091.jpg?resize=350%2C200&ssl=1","width":350,"height":200},"classes":[]},{"id":830,"url":"https:\/\/www.wallendorff.com\/belogue\/2006\/11\/17\/guit-art-3\/","url_meta":{"origin":832,"position":5},"title":"Guit&rsquo;Art #3.","author":"dpc","date":"17 novembre 2006","format":false,"excerpt":"Le Z\u00e9nith, Paris, 28 octobre. Apr\u00e8s \u00e7a et \u00e7a, \u00c7a, \u00e7a va encore finir en s\u00e9rie avec adjonction r\u00e9troactive de \u00e7a, \u00e7a et la deuxi\u00e8me de \u00e7a1, je le sens bien. \u00a0Iain Archer \u2013 When It Kicks in _____ 1 Sept \u00ab\u00a0\u00e7a\u00a0\u00bb en une phrase, le pied, reste \u00e0 m'en\u2026","rel":"","context":"Dans &quot;Guit'Art&quot;","block_context":{"text":"Guit'Art","link":"https:\/\/www.wallendorff.com\/belogue\/category\/guit-art\/"},"img":{"alt_text":"","src":"https:\/\/i0.wp.com\/www.wallendorff.com\/belogue\/wp-content\/uploads\/2015\/04\/200611171.jpg?resize=350%2C200&ssl=1","width":350,"height":200},"classes":[]}],"_links":{"self":[{"href":"https:\/\/www.wallendorff.com\/belogue\/wp-json\/wp\/v2\/posts\/832","targetHints":{"allow":["GET"]}}],"collection":[{"href":"https:\/\/www.wallendorff.com\/belogue\/wp-json\/wp\/v2\/posts"}],"about":[{"href":"https:\/\/www.wallendorff.com\/belogue\/wp-json\/wp\/v2\/types\/post"}],"author":[{"embeddable":true,"href":"https:\/\/www.wallendorff.com\/belogue\/wp-json\/wp\/v2\/users\/1"}],"replies":[{"embeddable":true,"href":"https:\/\/www.wallendorff.com\/belogue\/wp-json\/wp\/v2\/comments?post=832"}],"version-history":[{"count":1,"href":"https:\/\/www.wallendorff.com\/belogue\/wp-json\/wp\/v2\/posts\/832\/revisions"}],"predecessor-version":[{"id":18282,"href":"https:\/\/www.wallendorff.com\/belogue\/wp-json\/wp\/v2\/posts\/832\/revisions\/18282"}],"wp:featuredmedia":[{"embeddable":true,"href":"https:\/\/www.wallendorff.com\/belogue\/wp-json\/wp\/v2\/media\/24771"}],"wp:attachment":[{"href":"https:\/\/www.wallendorff.com\/belogue\/wp-json\/wp\/v2\/media?parent=832"}],"wp:term":[{"taxonomy":"category","embeddable":true,"href":"https:\/\/www.wallendorff.com\/belogue\/wp-json\/wp\/v2\/categories?post=832"},{"taxonomy":"post_tag","embeddable":true,"href":"https:\/\/www.wallendorff.com\/belogue\/wp-json\/wp\/v2\/tags?post=832"}],"curies":[{"name":"wp","href":"https:\/\/api.w.org\/{rel}","templated":true}]}}