{"id":8304,"date":"2010-09-01T10:09:18","date_gmt":"2010-09-01T08:09:18","guid":{"rendered":"http:\/\/www.po-l.com\/belogue\/?p=8304"},"modified":"2012-06-18T11:01:43","modified_gmt":"2012-06-18T09:01:43","slug":"et-toits-nuits-parsemement","status":"publish","type":"post","link":"https:\/\/www.wallendorff.com\/belogue\/2010\/09\/01\/et-toits-nuits-parsemement\/","title":{"rendered":"Et toits nuits pars[em]\u00e8ment."},"content":{"rendered":"\n<div id=\"photo\">\n<p><img decoding=\"async\" src=\"https:\/\/www.wallendorff.com\/belogue\/photo\/2010\/09\/20100901.jpg\" \/><br \/>\nEgelantiersgracht, Amsterdam, 19 juillet.<\/p>\n<\/p><\/div>\n<p style=\"text-align:right\">M&ecirc;me remarque qu&rsquo;en 2008 et 2009. &Ccedil;a  devient p&eacute;nible.<\/p>\n<div id=\"bandeson\">\n<p><img decoding=\"async\" src=\"https:\/\/www.wallendorff.com\/belogue\/photo\/pochettes\/t\/twilight_eclipse_ost.jpg\" align=\"left\" \/>&nbsp;<a href=\"http:\/\/eccmusic.com\/\">Eastern Conference Champions<\/a> &ndash; <em>A Million Miles an Hour<\/em><\/p>\n<\/p><\/div>\n","protected":false},"excerpt":{"rendered":"<p>Egelantiersgracht, Amsterdam, 19 juillet. M&ecirc;me remarque qu&rsquo;en 2008 et 2009. &Ccedil;a devient p&eacute;nible. &nbsp;Eastern Conference Champions &ndash; A Million Miles an Hour<\/p>\n","protected":false},"author":1,"featured_media":25883,"comment_status":"open","ping_status":"open","sticky":false,"template":"","format":"standard","meta":{"_acf_changed":false,"ngg_post_thumbnail":0,"jetpack_post_was_ever_published":false,"_jetpack_newsletter_access":"","_jetpack_dont_email_post_to_subs":false,"_jetpack_newsletter_tier_id":0,"_jetpack_memberships_contains_paywalled_content":false,"_jetpack_memberships_contains_paid_content":false,"footnotes":"","jetpack_publicize_message":"","jetpack_publicize_feature_enabled":true,"jetpack_social_post_already_shared":false,"jetpack_social_options":{"image_generator_settings":{"template":"highway","default_image_id":0,"font":"","enabled":false},"version":2}},"categories":[3],"tags":[4141,711,4055,2571,2615,4043,10326,4140,4139,4040,10485,414,10287,10351],"class_list":["post-8304","post","type-post","status-publish","format-standard","has-post-thumbnail","hentry","category-dpc","tag-a-million-miles-an-hour","tag-amsterdam","tag-canal","tag-ef-16-35-mm-f28l-ii-usm","tag-eos-5d-mark-ii","tag-centrum","tag-crepuscule","tag-eastern-conference-champions","tag-egelantiersgracht","tag-hollande-septentrionale","tag-maison","tag-pays-bas","tag-quai","tag-rue"],"acf":[],"geo":{"latitude":52.3765297,"longitude":4.8843751,"description":"Egelantiersgracht 12, 1015 Amsterdam, The Netherlands"},"jetpack_publicize_connections":[],"jetpack_featured_media_url":"https:\/\/www.wallendorff.com\/belogue\/wp-content\/uploads\/2015\/04\/201009011.jpg","jetpack_shortlink":"https:\/\/wp.me\/p3b35P-29W","jetpack_sharing_enabled":true,"jetpack-related-posts":[{"id":9832,"url":"https:\/\/www.wallendorff.com\/belogue\/2010\/11\/23\/de-pire-en-spires\/","url_meta":{"origin":8304,"position":0},"title":"De pire [en spires].","author":"dpc","date":"23 novembre 2010","format":false,"excerpt":"H\u00f4tel de Beauvais, Paris, 18 septembre. [On avait dit et redit et reredit qu'il fallait que j'arr\u00eate avec les escaliers vides.] [On avait dit et redit et reredit qu'il fallait que j'arr\u00eate avec les escaliers vides.] [On avait dit et redit et reredit qu'il fallait que j'arr\u00eate avec les escaliers\u2026","rel":"","context":"Dans &quot;DPC&quot;","block_context":{"text":"DPC","link":"https:\/\/www.wallendorff.com\/belogue\/category\/dpc\/"},"img":{"alt_text":"","src":"https:\/\/i0.wp.com\/www.wallendorff.com\/belogue\/wp-content\/uploads\/2015\/04\/201011231.jpg?resize=350%2C200&ssl=1","width":350,"height":200,"srcset":"https:\/\/i0.wp.com\/www.wallendorff.com\/belogue\/wp-content\/uploads\/2015\/04\/201011231.jpg?resize=350%2C200&ssl=1 1x, https:\/\/i0.wp.com\/www.wallendorff.com\/belogue\/wp-content\/uploads\/2015\/04\/201011231.jpg?resize=525%2C300&ssl=1 1.5x"},"classes":[]},{"id":11240,"url":"https:\/\/www.wallendorff.com\/belogue\/2011\/01\/05\/rouge-gorge\/","url_meta":{"origin":8304,"position":1},"title":"Rouge gorge.","author":"dpc","date":"5 janvier 2011","format":false,"excerpt":"Centre Pompidou-Metz, Metz, 8 novembre 2010. [Je pr\u00e9cise que ce rond noir perdu au milieu du n\u00e9ant d'un fond blanc est une \u0153uvre d'art moderne.] Eastern Conference Champions \u2013 On Off","rel":"","context":"Dans &quot;DPC&quot;","block_context":{"text":"DPC","link":"https:\/\/www.wallendorff.com\/belogue\/category\/dpc\/"},"img":{"alt_text":"","src":"https:\/\/i0.wp.com\/www.wallendorff.com\/belogue\/wp-content\/uploads\/2015\/04\/201101051.jpg?resize=350%2C200&ssl=1","width":350,"height":200},"classes":[]},{"id":8149,"url":"https:\/\/www.wallendorff.com\/belogue\/2010\/08\/20\/re-cyclage\/","url_meta":{"origin":8304,"position":2},"title":"Re-cyclage.","author":"dpc","date":"20 ao\u00fbt 2010","format":false,"excerpt":"Kalverstraat, Amsterdam, 19 juillet. Un peu le retour de la vengeance de celle-l\u00e0, oui. \u00a0The Black Keys \u2013 Chop and Change","rel":"","context":"Dans &quot;DPC&quot;","block_context":{"text":"DPC","link":"https:\/\/www.wallendorff.com\/belogue\/category\/dpc\/"},"img":{"alt_text":"","src":"https:\/\/i0.wp.com\/www.wallendorff.com\/belogue\/wp-content\/uploads\/2015\/04\/201008201.jpg?resize=350%2C200&ssl=1","width":350,"height":200},"classes":[]},{"id":7985,"url":"https:\/\/www.wallendorff.com\/belogue\/2010\/08\/06\/poli-se-pare-tout-juste-hisse-nu-le-bar\/","url_meta":{"origin":8304,"position":3},"title":"Poli se pare, tout juste hisse nu le bar.","author":"dpc","date":"6 ao\u00fbt 2010","format":false,"excerpt":"Aen't Water, Amsterdam, 18 juillet. \u00a0The Black Keys \u2013 Sinister Kid","rel":"","context":"Dans &quot;DPC&quot;","block_context":{"text":"DPC","link":"https:\/\/www.wallendorff.com\/belogue\/category\/dpc\/"},"img":{"alt_text":"","src":"https:\/\/i0.wp.com\/www.wallendorff.com\/belogue\/wp-content\/uploads\/2015\/04\/201008061.jpg?resize=350%2C200&ssl=1","width":350,"height":200},"classes":[]},{"id":528,"url":"https:\/\/www.wallendorff.com\/belogue\/2004\/12\/18\/schripol-three-hours-three-pix\/","url_meta":{"origin":8304,"position":4},"title":"Schiphol, three hours, three pix.","author":"dpc","date":"18 d\u00e9cembre 2004","format":false,"excerpt":"Amsterdam, 5h56. Amsterdam, 7h38. Amsterdam, 8h57. Bande-son\u00a0: La pluie.","rel":"","context":"Dans &quot;DPC&quot;","block_context":{"text":"DPC","link":"https:\/\/www.wallendorff.com\/belogue\/category\/dpc\/"},"img":{"alt_text":"","src":"https:\/\/i0.wp.com\/www.wallendorff.com\/belogue\/wp-content\/uploads\/2015\/04\/405.jpg?resize=350%2C200&ssl=1","width":350,"height":200,"srcset":"https:\/\/i0.wp.com\/www.wallendorff.com\/belogue\/wp-content\/uploads\/2015\/04\/405.jpg?resize=350%2C200&ssl=1 1x, https:\/\/i0.wp.com\/www.wallendorff.com\/belogue\/wp-content\/uploads\/2015\/04\/405.jpg?resize=525%2C300&ssl=1 1.5x, https:\/\/i0.wp.com\/www.wallendorff.com\/belogue\/wp-content\/uploads\/2015\/04\/405.jpg?resize=700%2C400&ssl=1 2x"},"classes":[]},{"id":8175,"url":"https:\/\/www.wallendorff.com\/belogue\/2010\/08\/23\/ca-va-lair-de-travee\/","url_meta":{"origin":8304,"position":5},"title":"\u00c7a va, l&rsquo;air de trav\u00e9e.","author":"dpc","date":"23 ao\u00fbt 2010","format":false,"excerpt":"De Papegaai, Amsterdam, 19 juillet. \u00ab\u00a0De Papegaai\u00a0\u00bb signifie perroquet, comme celui qui orne la porte d'entr\u00e9e de l'\u00e9difice, une discr\u00e8te ouverture sur la rue du Calvaire que l'on remarque \u00e0 peine. \u00c0 l'origine l'\u00e9glise \u00e9tait planqu\u00e9e dans le jardin de la maison qui lui sert d'entr\u00e9e \u2015\u00a0les prostestants avaient interdit\u2026","rel":"","context":"Dans &quot;DPC&quot;","block_context":{"text":"DPC","link":"https:\/\/www.wallendorff.com\/belogue\/category\/dpc\/"},"img":{"alt_text":"","src":"https:\/\/i0.wp.com\/www.wallendorff.com\/belogue\/wp-content\/uploads\/2015\/04\/201008231.jpg?resize=350%2C200&ssl=1","width":350,"height":200},"classes":[]}],"_links":{"self":[{"href":"https:\/\/www.wallendorff.com\/belogue\/wp-json\/wp\/v2\/posts\/8304","targetHints":{"allow":["GET"]}}],"collection":[{"href":"https:\/\/www.wallendorff.com\/belogue\/wp-json\/wp\/v2\/posts"}],"about":[{"href":"https:\/\/www.wallendorff.com\/belogue\/wp-json\/wp\/v2\/types\/post"}],"author":[{"embeddable":true,"href":"https:\/\/www.wallendorff.com\/belogue\/wp-json\/wp\/v2\/users\/1"}],"replies":[{"embeddable":true,"href":"https:\/\/www.wallendorff.com\/belogue\/wp-json\/wp\/v2\/comments?post=8304"}],"version-history":[{"count":1,"href":"https:\/\/www.wallendorff.com\/belogue\/wp-json\/wp\/v2\/posts\/8304\/revisions"}],"predecessor-version":[{"id":17787,"href":"https:\/\/www.wallendorff.com\/belogue\/wp-json\/wp\/v2\/posts\/8304\/revisions\/17787"}],"wp:featuredmedia":[{"embeddable":true,"href":"https:\/\/www.wallendorff.com\/belogue\/wp-json\/wp\/v2\/media\/25883"}],"wp:attachment":[{"href":"https:\/\/www.wallendorff.com\/belogue\/wp-json\/wp\/v2\/media?parent=8304"}],"wp:term":[{"taxonomy":"category","embeddable":true,"href":"https:\/\/www.wallendorff.com\/belogue\/wp-json\/wp\/v2\/categories?post=8304"},{"taxonomy":"post_tag","embeddable":true,"href":"https:\/\/www.wallendorff.com\/belogue\/wp-json\/wp\/v2\/tags?post=8304"}],"curies":[{"name":"wp","href":"https:\/\/api.w.org\/{rel}","templated":true}]}}