{"id":8265,"date":"2010-08-25T10:18:04","date_gmt":"2010-08-25T08:18:04","guid":{"rendered":"http:\/\/www.po-l.com\/belogue\/?p=8265"},"modified":"2012-06-13T10:08:00","modified_gmt":"2012-06-13T08:08:00","slug":"phil-harmonie","status":"publish","type":"post","link":"https:\/\/www.wallendorff.com\/belogue\/2010\/08\/25\/phil-harmonie\/","title":{"rendered":"Phil-harmonie."},"content":{"rendered":"\n<div id=\"photo\">\n<p><img decoding=\"async\" src=\"https:\/\/www.wallendorff.com\/belogue\/photo\/2010\/08\/20100825.jpg\" \/><br \/>\n        Zoutsteeg, Amsterdam, 19 juillet.<\/p>\n<\/p><\/div>\n<p style=\"text-align:right\">[J&rsquo;ai vraiment un probl&egrave;me d&rsquo;obsession crocheti&egrave;re, oui.]      <\/p>\n<p>Cette charmante <a href=\"http:\/\/twitter.com\/micro_ouvert\">Ama-L<\/a> m&rsquo;a envoy&eacute; &#8213;&nbsp;ainsi qu&rsquo;au reste de son entourage d&rsquo;esth&egrave;tes musicaux&nbsp;&#8213; par le biais d&rsquo;un r&eacute;seau social par trop connu, un maillon de cha&icirc;ne m&rsquo;intimant les ordres suivants&nbsp;:<\/p>\n<blockquote>\n<p>&laquo;&nbsp;La r&egrave;gle : ne prenez pas  trop de temps pour r&eacute;fl&eacute;chir. 15 albums que   vous avez &eacute;cout&eacute;s qui vous  colleront toujours &agrave; la peau. Listez les 15   premiers dont vous pouvez  vous souvenir en 15 minutes. Tagguez 15   amis, moi y compris, parce &ccedil;a  m&rsquo;int&eacute;resse de voir quel sont les choix   de mes amis.<\/p>\n<p>Si vous cassez cette chaine, vous engendrerez 8 g&eacute;n&eacute;rations d&rsquo;adorateurs de Phil Collins.<\/p>\n<p>HAHAHA (rires d&eacute;moniaques)&nbsp;&raquo;<\/p>\n<\/blockquote>\n<p style=\"text-align:left\">Ma r&eacute;ponse sera <strong>claire et nette<\/strong>&nbsp;:<\/p>\n<ol>\n<li>Phil Collins &#8213; <em>Thirteen Phils from Collins&rsquo; Bohemia<\/em><\/li>\n<li>Phil Collins &#8213; <em>Phine Colines<\/em><\/li>\n<li>Phil Collins &#8213; <em>Phiolator<\/em><\/li>\n<li>Phil Collins &#8213; <em>Hail to the Phielf<\/em><\/li>\n<li>Phil Collins &#8213; <em>Collins Bible<\/em><\/li>\n<li>Phil Collins &#8213; <em>Phil Utero<\/em><\/li>\n<li>Phil Collins &#8213; <em>DePhilitely Maybe<\/em><\/li>\n<li>Phil Collins &#8213; <em>De Phijl<\/em><\/li>\n<li>Phil Collins &#8213; <em>Turn on the Bright Phils<\/em><\/li>\n<li>Phil Collins &#8213; <em>Stories from the Collins, Stories from the Phil<\/em><\/li>\n<li>Phil Collins &#8213; <em>Fever to Phil<\/em><\/li>\n<li>Phil Collins &#8213; <em>Philalogy<\/em><\/li>\n<li>Phil Collins &#8213; <em>Philon Collins and the Infinite Philness<\/em><\/li>\n<li>Phil Collins &#8213; <em>Use Your Phillusion I &amp; II<\/em><\/li>\n<li>Phil Collins &#8213; <em>Phriller<\/em><\/li>\n<\/ol>\n<p style=\"text-align:right\">Sachez, madame, que <strong>nous ne n&eacute;gocions pas avec les TERRORISTES<\/strong>.<\/p>\n<p>PS&nbsp;: Une note qui parle de crochets et de Phil Collins ne saurait se terminer sans <a href=\"http:\/\/www.youtube.com\/watch?v=RnNmVjkBVVU\">un extrait de sa m\u00e9morable apparition dans <em>Hook<\/em><\/a>, histoire de se cultiver.<\/p>\n<div id=\"bandeson\">\n<p><img decoding=\"async\" src=\"https:\/\/www.wallendorff.com\/belogue\/photo\/pochettes\/r\/royal_we_the-the_royal_we.jpg\" align=\"left\" \/>&nbsp;<a href=\"http:\/\/www.myspace.com\/theroyalweee\">The Royal We<\/a> &ndash; <em>All the Rage<\/em><\/p>\n<\/p><\/div>\n","protected":false},"excerpt":{"rendered":"<p>Zoutsteeg, Amsterdam, 19 juillet. [J&rsquo;ai vraiment un probl&egrave;me d&rsquo;obsession crocheti&egrave;re, oui.] Cette charmante Ama-L m&rsquo;a envoy&eacute; &#8213;&nbsp;ainsi qu&rsquo;au reste de son entourage d&rsquo;esth&egrave;tes musicaux&nbsp;&#8213; par le biais d&rsquo;un r&eacute;seau social par trop connu, un maillon de cha&icirc;ne m&rsquo;intimant les ordres suivants&nbsp;: &laquo;&nbsp;La r&egrave;gle : ne prenez pas trop de temps pour r&eacute;fl&eacute;chir. 15 albums que&hellip;<\/p>\n","protected":false},"author":1,"featured_media":25881,"comment_status":"open","ping_status":"open","sticky":false,"template":"","format":"standard","meta":{"_acf_changed":false,"ngg_post_thumbnail":0,"jetpack_post_was_ever_published":false,"_jetpack_newsletter_access":"","_jetpack_dont_email_post_to_subs":false,"_jetpack_newsletter_tier_id":0,"_jetpack_memberships_contains_paywalled_content":false,"_jetpack_memberships_contains_paid_content":false,"footnotes":"","jetpack_publicize_message":"","jetpack_publicize_feature_enabled":true,"jetpack_social_post_already_shared":false,"jetpack_social_options":{"image_generator_settings":{"template":"highway","default_image_id":0,"font":"","enabled":false},"version":2}},"categories":[3],"tags":[4131,711,737,2615,4043,10144,4048,4040,10485,414,4127,10158,170,4130,4126],"class_list":["post-8265","post","type-post","status-publish","format-standard","has-post-thumbnail","hentry","category-dpc","tag-all-the-rage","tag-amsterdam","tag-bleu","tag-eos-5d-mark-ii","tag-centrum","tag-ciel","tag-crochet","tag-hollande-septentrionale","tag-maison","tag-pays-bas","tag-phil-collins","tag-ruelle","tag-sigma-70-300-mm-f4-56-dg-apo-macro","tag-the-royal-we","tag-zoutsteeg"],"acf":[],"geo":{"latitude":52.3742027,"longitude":4.8934808,"description":"Zoutsteeg 1-49, 1012 Amsterdam, The Netherlands"},"jetpack_publicize_connections":[],"jetpack_featured_media_url":"https:\/\/www.wallendorff.com\/belogue\/wp-content\/uploads\/2015\/04\/201008251.jpg","jetpack_shortlink":"https:\/\/wp.me\/p3b35P-29j","jetpack_sharing_enabled":true,"jetpack-related-posts":[{"id":3940,"url":"https:\/\/www.wallendorff.com\/belogue\/2009\/02\/24\/soit-cqui\/","url_meta":{"origin":8265,"position":0},"title":"Soit c&rsquo;qui.","author":"dpc","date":"24 f\u00e9vrier 2009","format":false,"excerpt":"Passerelle Simone-de-Beauvoir, Paris, 17 janvier. \u00a0Caesars \u2013 Throwaway \u00c0 part \u00e7a, Pousse-Manette m'a \u00e9tiquet\u00e91. Quatre jours que je m\u00e9dite dessus. Faut dire que le sujet est pas simple\u00a0: \u00c9crire un article relatant ce que vous feriez s\u2019il vous restait 500 euros et 500 secondes \u00e0 vivre. Vous avez carte blanche,\u2026","rel":"","context":"Dans &quot;DPC&quot;","block_context":{"text":"DPC","link":"https:\/\/www.wallendorff.com\/belogue\/category\/dpc\/"},"img":{"alt_text":"","src":"https:\/\/i0.wp.com\/www.wallendorff.com\/belogue\/wp-content\/uploads\/2015\/04\/200902241.jpg?resize=350%2C200&ssl=1","width":350,"height":200},"classes":[]},{"id":438,"url":"https:\/\/www.wallendorff.com\/belogue\/2005\/03\/16\/altruisme\/","url_meta":{"origin":8265,"position":1},"title":"Altruisme.","author":"dpc","date":"16 mars 2005","format":false,"excerpt":"Rue des 4 Fils, Paris, 4 mars. [Photo: pas moi.] Comme moi, vous avez aim\u00e9 cette photo. Comme moi, vous avez voulu le t\u00e9moigner \u00e0 son auteur en esp\u00e8ces gavantes et diab\u00e9tisante. Comme moi, vous avez cliqu\u00e9 l\u00e0 pour le dire haut et fort, et comme moi, vous vous \u00eates\u2026","rel":"","context":"Dans &quot;DPC&quot;","block_context":{"text":"DPC","link":"https:\/\/www.wallendorff.com\/belogue\/category\/dpc\/"},"img":{"alt_text":"","src":"","width":0,"height":0},"classes":[]},{"id":372,"url":"https:\/\/www.wallendorff.com\/belogue\/2005\/05\/20\/saine-rigole-plut\/","url_meta":{"origin":8265,"position":2},"title":"Saine rigole plut\u00b9.","author":"dpc","date":"20 mai 2005","format":false,"excerpt":"Square Vermenouze, Paris, 15 mai. \u00c0 la demande g\u00e9n\u00e9rale de SweetJane, je me plie \u00e0 mon tour au p\u00e9rilleux exercice de d\u00e9voilage des mes go\u00fbts litt\u00e9raires. Attention, je pr\u00e9f\u00e8re toutefois vous pr\u00e9venir\u00a0: comme lecteur, je suis un gros naze. Pas que j'aime pas \u00e7a, hein, mais j'ai rarement le temps.\u2026","rel":"","context":"Dans &quot;DPC&quot;","block_context":{"text":"DPC","link":"https:\/\/www.wallendorff.com\/belogue\/category\/dpc\/"},"img":{"alt_text":"","src":"https:\/\/i0.wp.com\/www.wallendorff.com\/belogue\/wp-content\/uploads\/2015\/04\/20050520-21.jpg?resize=350%2C200&ssl=1","width":350,"height":200},"classes":[]},{"id":32697,"url":"https:\/\/www.wallendorff.com\/belogue\/2016\/10\/20\/the-kills-lolympia-paris\/","url_meta":{"origin":8265,"position":3},"title":"The Kills @ l&rsquo;Olympia, Paris.","author":"dpc","date":"20 octobre 2016","format":false,"excerpt":"J'esp\u00e8re que vous aimez les noirs et blancs p\u00e2teux, les violents contres-jours et les gens rendus flous \u00e0 cause du photographe qui tenait absolument restituer les mouvements de cheveux de Mosshart et a pour ce faire choisi une vitesse trop lente bigre que cette phrase est trop longue. 12 ann\u00e9es\u2026","rel":"","context":"Dans &quot;Alive&quot;","block_context":{"text":"Alive","link":"https:\/\/www.wallendorff.com\/belogue\/category\/alive\/"},"img":{"alt_text":"","src":"https:\/\/i0.wp.com\/www.wallendorff.com\/belogue\/wp-content\/uploads\/2016\/10\/20161020-10-1.jpg?resize=350%2C200&ssl=1","width":350,"height":200,"srcset":"https:\/\/i0.wp.com\/www.wallendorff.com\/belogue\/wp-content\/uploads\/2016\/10\/20161020-10-1.jpg?resize=350%2C200&ssl=1 1x, https:\/\/i0.wp.com\/www.wallendorff.com\/belogue\/wp-content\/uploads\/2016\/10\/20161020-10-1.jpg?resize=525%2C300&ssl=1 1.5x, https:\/\/i0.wp.com\/www.wallendorff.com\/belogue\/wp-content\/uploads\/2016\/10\/20161020-10-1.jpg?resize=700%2C400&ssl=1 2x"},"classes":[]},{"id":827,"url":"https:\/\/www.wallendorff.com\/belogue\/2006\/11\/14\/razorlight-le-nouveau-casino-paris\/","url_meta":{"origin":8265,"position":4},"title":"Razorlight @ le Nouveau Casino, Paris.","author":"dpc","date":"14 novembre 2006","format":false,"excerpt":"Oui, c'\u00e9tait chouette. \u00c0 la bourre suite \u00e0 la fin tardive de leur passage au Grand journal de Canal, Razorlight saute directement du taxi sur la sc\u00e8ne du Nouveau Casino, attaque sur le simple, In The Morning, puis encha\u00eene des titres de ses deux albums. Johnny Borrell, pantalon blanc et\u2026","rel":"","context":"Dans &quot;Alive&quot;","block_context":{"text":"Alive","link":"https:\/\/www.wallendorff.com\/belogue\/category\/alive\/"},"img":{"alt_text":"","src":"https:\/\/i0.wp.com\/www.wallendorff.com\/belogue\/wp-content\/uploads\/2015\/04\/200611141.jpg?resize=350%2C200&ssl=1","width":350,"height":200},"classes":[]},{"id":1004,"url":"https:\/\/www.wallendorff.com\/belogue\/2007\/07\/30\/chu-chu-chuffleurisation\/","url_meta":{"origin":8265,"position":5},"title":"Ch\u00fc, ch\u00fc, ch\u00fcffleurisation.","author":"dpc","date":"30 juillet 2007","format":false,"excerpt":"Honteusement d\u00e9rob\u00e9 sans vergogne chez Karmara\u00a0: \u00ab\u00a0On branche son baladeur en mode al\u00e9atoire et on r\u00e9pond aux questions par les titres des chansons (en suivant l\u2019ordre).\u00a0\u00bb \u00c7a va, facile. C'est parti\u00a0: Comment vous vous sentez aujourd'hui\u00a0? Ian Archer \u2013 Canal Song (End of Sentence) Il pleut, c'est parfait pour moi.\u2026","rel":"","context":"Dans &quot;Pictureless thoughts&quot;","block_context":{"text":"Pictureless thoughts","link":"https:\/\/www.wallendorff.com\/belogue\/category\/pictureless-thoughts\/"},"img":{"alt_text":"","src":"","width":0,"height":0},"classes":[]}],"_links":{"self":[{"href":"https:\/\/www.wallendorff.com\/belogue\/wp-json\/wp\/v2\/posts\/8265","targetHints":{"allow":["GET"]}}],"collection":[{"href":"https:\/\/www.wallendorff.com\/belogue\/wp-json\/wp\/v2\/posts"}],"about":[{"href":"https:\/\/www.wallendorff.com\/belogue\/wp-json\/wp\/v2\/types\/post"}],"author":[{"embeddable":true,"href":"https:\/\/www.wallendorff.com\/belogue\/wp-json\/wp\/v2\/users\/1"}],"replies":[{"embeddable":true,"href":"https:\/\/www.wallendorff.com\/belogue\/wp-json\/wp\/v2\/comments?post=8265"}],"version-history":[{"count":2,"href":"https:\/\/www.wallendorff.com\/belogue\/wp-json\/wp\/v2\/posts\/8265\/revisions"}],"predecessor-version":[{"id":17721,"href":"https:\/\/www.wallendorff.com\/belogue\/wp-json\/wp\/v2\/posts\/8265\/revisions\/17721"}],"wp:featuredmedia":[{"embeddable":true,"href":"https:\/\/www.wallendorff.com\/belogue\/wp-json\/wp\/v2\/media\/25881"}],"wp:attachment":[{"href":"https:\/\/www.wallendorff.com\/belogue\/wp-json\/wp\/v2\/media?parent=8265"}],"wp:term":[{"taxonomy":"category","embeddable":true,"href":"https:\/\/www.wallendorff.com\/belogue\/wp-json\/wp\/v2\/categories?post=8265"},{"taxonomy":"post_tag","embeddable":true,"href":"https:\/\/www.wallendorff.com\/belogue\/wp-json\/wp\/v2\/tags?post=8265"}],"curies":[{"name":"wp","href":"https:\/\/api.w.org\/{rel}","templated":true}]}}