{"id":8195,"date":"2010-08-24T10:52:25","date_gmt":"2010-08-24T08:52:25","guid":{"rendered":"http:\/\/www.po-l.com\/belogue\/?p=8195"},"modified":"2012-06-12T10:01:14","modified_gmt":"2012-06-12T08:01:14","slug":"la-nuit-demorve-yvan","status":"publish","type":"post","link":"https:\/\/www.wallendorff.com\/belogue\/2010\/08\/24\/la-nuit-demorve-yvan\/","title":{"rendered":"La nuit d\u00e9morve Yvan."},"content":{"rendered":"\n<div id=\"photo\">\n<p><img decoding=\"async\" src=\"https:\/\/www.wallendorff.com\/belogue\/photo\/2010\/08\/20100824.jpg\" \/><br \/>\n        Oude Kerk, Amsterdam, 19 juillet.<\/p>\n<\/p><\/div>\n<p style=\"text-align:right\">[Faut dire qu&rsquo;il avait un gros gros rhume, aussi.]<\/p>\n<p style=\"text-align:right\">Waaaaaaa l&rsquo;Oude Kerk a <a href=\"http:\/\/www.gravenopinternet.nl\/fr\/index.html\">un site trop bien pour trouver ses tombes<\/a>, faut trop qu&rsquo;on a le m&ecirc;me truc au P&egrave;re-Lachaise.<\/p>\n<div id=\"bandeson\">\n<p><img decoding=\"async\" src=\"https:\/\/www.wallendorff.com\/belogue\/photo\/pochettes\/l\/love_language_the-libraries.jpg\" align=\"left\" \/>&nbsp;<a href=\"http:\/\/www.thelovelanguage.com\/\">The Love Language<\/a> &ndash; <em>Brittany&rsquo;s Back<\/em><\/p>\n<\/p><\/div>\n","protected":false},"excerpt":{"rendered":"<p>Oude Kerk, Amsterdam, 19 juillet. [Faut dire qu&rsquo;il avait un gros gros rhume, aussi.] Waaaaaaa l&rsquo;Oude Kerk a un site trop bien pour trouver ses tombes, faut trop qu&rsquo;on a le m&ecirc;me truc au P&egrave;re-Lachaise. &nbsp;The Love Language &ndash; Brittany&rsquo;s Back<\/p>\n","protected":false},"author":1,"featured_media":25875,"comment_status":"open","ping_status":"open","sticky":false,"template":"","format":"standard","meta":{"_acf_changed":false,"ngg_post_thumbnail":0,"jetpack_post_was_ever_published":false,"_jetpack_newsletter_access":"","_jetpack_dont_email_post_to_subs":false,"_jetpack_newsletter_tier_id":0,"_jetpack_memberships_contains_paywalled_content":false,"_jetpack_memberships_contains_paid_content":false,"footnotes":"","jetpack_publicize_message":"","jetpack_publicize_feature_enabled":true,"jetpack_social_post_already_shared":false,"jetpack_social_options":{"image_generator_settings":{"template":"highway","default_image_id":0,"font":"","enabled":false},"version":2}},"categories":[3],"tags":[711,4114,2571,2615,4043,10238,4040,10485,10499,4111,4112,414,10305,770,4113],"class_list":["post-8195","post","type-post","status-publish","format-standard","has-post-thumbnail","hentry","category-dpc","tag-amsterdam","tag-brittanys-back","tag-ef-16-35-mm-f28l-ii-usm","tag-eos-5d-mark-ii","tag-centrum","tag-eglise","tag-hollande-septentrionale","tag-maison","tag-ombre","tag-oude-kerke","tag-oudekerksplein","tag-pays-bas","tag-porte","tag-rouge","tag-the-love-language"],"acf":[],"geo":{"latitude":52.3741493,"longitude":4.8975258,"description":"Oudekerksplein 19-25, 1012 Amsterdam, The Netherlands"},"jetpack_publicize_connections":[],"jetpack_featured_media_url":"https:\/\/www.wallendorff.com\/belogue\/wp-content\/uploads\/2015\/04\/201008241.jpg","jetpack_shortlink":"https:\/\/wp.me\/p3b35P-28b","jetpack_sharing_enabled":true,"jetpack-related-posts":[{"id":4671,"url":"https:\/\/www.wallendorff.com\/belogue\/2009\/09\/08\/coldplay-parc-des-princes-paris\/","url_meta":{"origin":8195,"position":0},"title":"Coldplay @ Parc des Princes, Paris.","author":"dpc","date":"8 septembre 2009","format":false,"excerpt":"\u00a0 Coldplay \u2013 Life in Technicolor II (histoire de vous mettre dans l'ambiance) Notes pour plus tard\u00a0: Quand point le pressentiment qu'y aller avec deux bo\u00eetiers, ce serait une bonne id\u00e9e\u00a0: y aller avec deux bo\u00eetiers. \u00c7a \u00e9vite les changements f\u00e9briles d'objectifs qui risquent de te faire louper l'avanc\u00e9e de\u2026","rel":"","context":"Dans &quot;Alive&quot;","block_context":{"text":"Alive","link":"https:\/\/www.wallendorff.com\/belogue\/category\/alive\/"},"img":{"alt_text":"","src":"https:\/\/i0.wp.com\/www.wallendorff.com\/belogue\/wp-content\/uploads\/2015\/04\/200909081.jpg?resize=350%2C200&ssl=1","width":350,"height":200,"srcset":"https:\/\/i0.wp.com\/www.wallendorff.com\/belogue\/wp-content\/uploads\/2015\/04\/200909081.jpg?resize=350%2C200&ssl=1 1x, https:\/\/i0.wp.com\/www.wallendorff.com\/belogue\/wp-content\/uploads\/2015\/04\/200909081.jpg?resize=525%2C300&ssl=1 1.5x, https:\/\/i0.wp.com\/www.wallendorff.com\/belogue\/wp-content\/uploads\/2015\/04\/200909081.jpg?resize=700%2C400&ssl=1 2x"},"classes":[]},{"id":32846,"url":"https:\/\/www.wallendorff.com\/belogue\/2016\/11\/08\/op-de-weg-weer\/","url_meta":{"origin":8195,"position":1},"title":"Op de weg weer.","author":"dpc","date":"8 novembre 2016","format":false,"excerpt":"Amsterdam, 15 ao\u00fbt. On fera comme si le gros reflet d\u00e9gueu de l'int\u00e9rieur du train \u00e9tait intentionnel, hein. Find Me Kings of Leon","rel":"","context":"Dans &quot;DPC&quot;","block_context":{"text":"DPC","link":"https:\/\/www.wallendorff.com\/belogue\/category\/dpc\/"},"img":{"alt_text":"","src":"https:\/\/i0.wp.com\/www.wallendorff.com\/belogue\/wp-content\/uploads\/2016\/11\/20161108.jpg?resize=350%2C200&ssl=1","width":350,"height":200,"srcset":"https:\/\/i0.wp.com\/www.wallendorff.com\/belogue\/wp-content\/uploads\/2016\/11\/20161108.jpg?resize=350%2C200&ssl=1 1x, https:\/\/i0.wp.com\/www.wallendorff.com\/belogue\/wp-content\/uploads\/2016\/11\/20161108.jpg?resize=525%2C300&ssl=1 1.5x, https:\/\/i0.wp.com\/www.wallendorff.com\/belogue\/wp-content\/uploads\/2016\/11\/20161108.jpg?resize=700%2C400&ssl=1 2x"},"classes":[]},{"id":4659,"url":"https:\/\/www.wallendorff.com\/belogue\/2009\/09\/04\/place-est-la-boire-un-peu-haut\/","url_meta":{"origin":8195,"position":2},"title":"Place est l\u00e0 boire [un peu haut].","author":"dpc","date":"4 septembre 2009","format":false,"excerpt":"Williams Street, Ann Arbor, 5 mai. \u00a0 Jay Reatard \u2013 It Ain't Gonna Save Me Je sais que mon titre craint mais voyez-vous ma bonne Marie-Ange j'ai pas le temps de le peaufiner car il faut absolument que je m'enqui\u00e8re des nouvelles aventures de Bill-de-Tokio-Hotel fra\u00eechement revenu sous la forme\u2026","rel":"","context":"Dans &quot;DPC&quot;","block_context":{"text":"DPC","link":"https:\/\/www.wallendorff.com\/belogue\/category\/dpc\/"},"img":{"alt_text":"","src":"https:\/\/i0.wp.com\/www.wallendorff.com\/belogue\/wp-content\/uploads\/2015\/04\/200909041.jpg?resize=350%2C200&ssl=1","width":350,"height":200},"classes":[]},{"id":1033,"url":"https:\/\/www.wallendorff.com\/belogue\/2007\/09\/10\/don-t-look-bac-in-anger\/","url_meta":{"origin":8195,"position":3},"title":"Don&rsquo;t look Bac [in anger].","author":"dpc","date":"10 septembre 2007","format":false,"excerpt":"Leidsestraat, Amsterdam, 13 ao\u00fbt. En 10 ans j'ai connu 8 apparts, v\u00e9cu dans 2 pays, travaill\u00e9 dans 3, pass\u00e9 6 ann\u00e9es en cours, puis une \u00e0 glander et 3 autres \u00e0 bosser, us\u00e9 4 voitures et 4 ordinateurs, pris 29 avions, visit\u00e9 quelques bras, doubl\u00e9 une fois, entass\u00e9 40\u00a0Go de\u2026","rel":"","context":"Dans &quot;DPC&quot;","block_context":{"text":"DPC","link":"https:\/\/www.wallendorff.com\/belogue\/category\/dpc\/"},"img":{"alt_text":"","src":"https:\/\/i0.wp.com\/www.wallendorff.com\/belogue\/wp-content\/uploads\/2015\/04\/200709101.jpg?resize=350%2C200&ssl=1","width":350,"height":200},"classes":[]},{"id":8005,"url":"https:\/\/www.wallendorff.com\/belogue\/2010\/08\/12\/lapine-lover\/","url_meta":{"origin":8195,"position":4},"title":"Lapine lover.","author":"dpc","date":"12 ao\u00fbt 2010","format":false,"excerpt":"Warmoesstraat, Amsterdam, 18 juillet. Ce que j'aime, avec le mois d'ao\u00fbt, c'est qu'en plus de pouvoir profiter d'une ville vide dans laquelle on est enfin tranquille pendant que tout le monde est all\u00e9 s'entasser sur la c\u00f4te d'Azur comme des nases, on peut voir tous les photographeux s'exciter avant la\u2026","rel":"","context":"Dans &quot;DPC&quot;","block_context":{"text":"DPC","link":"https:\/\/www.wallendorff.com\/belogue\/category\/dpc\/"},"img":{"alt_text":"","src":"https:\/\/i0.wp.com\/www.wallendorff.com\/belogue\/wp-content\/uploads\/2015\/04\/201008121.jpg?resize=350%2C200&ssl=1","width":350,"height":200},"classes":[]},{"id":473,"url":"https:\/\/www.wallendorff.com\/belogue\/2005\/02\/07\/les-onze-y-tronent\/","url_meta":{"origin":8195,"position":5},"title":"Les onze y tr\u00f4nent.","author":"dpc","date":"7 f\u00e9vrier 2005","format":false,"excerpt":"[Ne pas oublier\u00a0: taper les accents via codes Ascii sous Internet Explorer, \u00e7a nique les notes] Salem, 3 f\u00e9vrier. Ce soir c'\u00e9tait mon premier SuperBeauf, avec des chips, de la Bud et du foute qu'on comprend pas comment \u00e7a marche. Trop guet'z, je suis un vrai Ricain, maintenant. Demain, j'ach\u00e8te\u2026","rel":"","context":"Dans &quot;DPC&quot;","block_context":{"text":"DPC","link":"https:\/\/www.wallendorff.com\/belogue\/category\/dpc\/"},"img":{"alt_text":"","src":"https:\/\/i0.wp.com\/www.wallendorff.com\/belogue\/wp-content\/uploads\/2015\/04\/20050207-chaises_01.jpg?resize=350%2C200&ssl=1","width":350,"height":200},"classes":[]}],"_links":{"self":[{"href":"https:\/\/www.wallendorff.com\/belogue\/wp-json\/wp\/v2\/posts\/8195","targetHints":{"allow":["GET"]}}],"collection":[{"href":"https:\/\/www.wallendorff.com\/belogue\/wp-json\/wp\/v2\/posts"}],"about":[{"href":"https:\/\/www.wallendorff.com\/belogue\/wp-json\/wp\/v2\/types\/post"}],"author":[{"embeddable":true,"href":"https:\/\/www.wallendorff.com\/belogue\/wp-json\/wp\/v2\/users\/1"}],"replies":[{"embeddable":true,"href":"https:\/\/www.wallendorff.com\/belogue\/wp-json\/wp\/v2\/comments?post=8195"}],"version-history":[{"count":2,"href":"https:\/\/www.wallendorff.com\/belogue\/wp-json\/wp\/v2\/posts\/8195\/revisions"}],"predecessor-version":[{"id":17697,"href":"https:\/\/www.wallendorff.com\/belogue\/wp-json\/wp\/v2\/posts\/8195\/revisions\/17697"}],"wp:featuredmedia":[{"embeddable":true,"href":"https:\/\/www.wallendorff.com\/belogue\/wp-json\/wp\/v2\/media\/25875"}],"wp:attachment":[{"href":"https:\/\/www.wallendorff.com\/belogue\/wp-json\/wp\/v2\/media?parent=8195"}],"wp:term":[{"taxonomy":"category","embeddable":true,"href":"https:\/\/www.wallendorff.com\/belogue\/wp-json\/wp\/v2\/categories?post=8195"},{"taxonomy":"post_tag","embeddable":true,"href":"https:\/\/www.wallendorff.com\/belogue\/wp-json\/wp\/v2\/tags?post=8195"}],"curies":[{"name":"wp","href":"https:\/\/api.w.org\/{rel}","templated":true}]}}