{"id":819,"date":"2006-10-31T00:05:21","date_gmt":"2006-10-31T00:05:21","guid":{"rendered":"http:\/\/www.po-l.com\/wordpress\/?p=819"},"modified":"2012-07-09T12:10:51","modified_gmt":"2012-07-09T10:10:51","slug":"juste-deux-passages-1-2","status":"publish","type":"post","link":"https:\/\/www.wallendorff.com\/belogue\/2006\/10\/31\/juste-deux-passages-1-2\/","title":{"rendered":"Juste deux passages [1\/2]."},"content":{"rendered":"<div id=\"photo\">\n<p><img decoding=\"async\" src=\"https:\/\/www.wallendorff.com\/belogue\/photo\/2006\/10\/20061031.jpg\"><br \/>\nImpasse Saint Denis, Paris, 30 octobre.<\/p>\n<\/div>\n<div id=\"bandeson\">\n<p><img decoding=\"async\" src=\"https:\/\/www.wallendorff.com\/belogue\/photo\/pochettes\/m\/m_ward-post-war.jpg\" align=\"left\" \/>&nbsp;<a href=\"http:\/\/www.mwardmusic.com\/\">M. Ward<\/a> &ndash; <em>To Go Home<\/em><\/p>\n<\/p><\/div>\n","protected":false},"excerpt":{"rendered":"<p>Impasse Saint Denis, Paris, 30 octobre. &nbsp;M. Ward &ndash; To Go Home<\/p>\n","protected":false},"author":1,"featured_media":24759,"comment_status":"open","ping_status":"open","sticky":false,"template":"","format":"standard","meta":{"_acf_changed":false,"ngg_post_thumbnail":0,"jetpack_post_was_ever_published":false,"_jetpack_newsletter_access":"","_jetpack_dont_email_post_to_subs":false,"_jetpack_newsletter_tier_id":0,"_jetpack_memberships_contains_paywalled_content":false,"_jetpack_memberships_contains_paid_content":false,"footnotes":"","jetpack_publicize_message":"","jetpack_publicize_feature_enabled":true,"jetpack_social_post_already_shared":false,"jetpack_social_options":{"image_generator_settings":{"template":"highway","default_image_id":0,"font":"","enabled":false},"version":2}},"categories":[3],"tags":[10251,132,10311,10120,10121,1818,1816,10147,10098,10158,173,1817],"class_list":["post-819","post","type-post","status-publish","format-standard","has-post-thumbnail","hentry","category-dpc","tag-10251","tag-eos-20d","tag-dos","tag-france","tag-ile-de-france","tag-impasse-saint-denis","tag-m-ward","tag-nuit","tag-paris","tag-ruelle","tag-sigma-28-70-mm-f28-dg-ex","tag-to-go-home"],"acf":[],"geo":{"latitude":48.8655128,"longitude":2.3503125,"description":null},"jetpack_publicize_connections":[],"jetpack_featured_media_url":"https:\/\/www.wallendorff.com\/belogue\/wp-content\/uploads\/2015\/04\/200610311.jpg","jetpack_shortlink":"https:\/\/wp.me\/p3b35P-dd","jetpack_sharing_enabled":true,"jetpack-related-posts":[{"id":23881,"url":"https:\/\/www.wallendorff.com\/belogue\/2015\/03\/02\/ados-au-mur\/","url_meta":{"origin":819,"position":0},"title":"Ados au mur.","author":"dpc","date":"2 mars 2015","format":false,"excerpt":"Impasse Saint-Denis, Paris, 2 janvier. Silver Gold Mourn","rel":"","context":"Dans &quot;DPC&quot;","block_context":{"text":"DPC","link":"https:\/\/www.wallendorff.com\/belogue\/category\/dpc\/"},"img":{"alt_text":"","src":"https:\/\/i0.wp.com\/www.wallendorff.com\/belogue\/wp-content\/uploads\/2015\/04\/201503021.jpg?resize=350%2C200&ssl=1","width":350,"height":200,"srcset":"https:\/\/i0.wp.com\/www.wallendorff.com\/belogue\/wp-content\/uploads\/2015\/04\/201503021.jpg?resize=350%2C200&ssl=1 1x, https:\/\/i0.wp.com\/www.wallendorff.com\/belogue\/wp-content\/uploads\/2015\/04\/201503021.jpg?resize=525%2C300&ssl=1 1.5x"},"classes":[]},{"id":971,"url":"https:\/\/www.wallendorff.com\/belogue\/2007\/06\/07\/alliages-actent-a-est\/","url_meta":{"origin":819,"position":1},"title":"Alliages actent \u00e0 Est.","author":"dpc","date":"7 juin 2007","format":false,"excerpt":"Impasse Saint-Denis, Paris, 28 avril. Je sais, faut que j'arr\u00eate avec mes ruelles. \u00a0Jimmy Page \/ Robert Plant \u2013 Friends (live)","rel":"","context":"Dans &quot;DPC&quot;","block_context":{"text":"DPC","link":"https:\/\/www.wallendorff.com\/belogue\/category\/dpc\/"},"img":{"alt_text":"","src":"https:\/\/i0.wp.com\/www.wallendorff.com\/belogue\/wp-content\/uploads\/2015\/04\/200706071.jpg?resize=350%2C200&ssl=1","width":350,"height":200,"srcset":"https:\/\/i0.wp.com\/www.wallendorff.com\/belogue\/wp-content\/uploads\/2015\/04\/200706071.jpg?resize=350%2C200&ssl=1 1x, https:\/\/i0.wp.com\/www.wallendorff.com\/belogue\/wp-content\/uploads\/2015\/04\/200706071.jpg?resize=525%2C300&ssl=1 1.5x"},"classes":[]},{"id":13381,"url":"https:\/\/www.wallendorff.com\/belogue\/2011\/10\/13\/vers-linfamie-et-odieux-la\/","url_meta":{"origin":819,"position":2},"title":"Vers l&rsquo;infamie [et odieux l\u00e0].","author":"dpc","date":"13 octobre 2011","format":false,"excerpt":"Impasse de Casteggio, Paris, 13 ao\u00fbt. The Vaccines \u2013 All in White[youtube]http:\/\/www.youtube.com\/watch?v=wbacaG7Zxiw[\/youtube]","rel":"","context":"Dans &quot;DPC&quot;","block_context":{"text":"DPC","link":"https:\/\/www.wallendorff.com\/belogue\/category\/dpc\/"},"img":{"alt_text":"","src":"https:\/\/i0.wp.com\/www.wallendorff.com\/belogue\/wp-content\/uploads\/2015\/04\/201110131.jpg?resize=350%2C200&ssl=1","width":350,"height":200},"classes":[]},{"id":133958,"url":"https:\/\/www.wallendorff.com\/belogue\/2025\/09\/30\/septembre-2025\/","url_meta":{"origin":819,"position":3},"title":"Septembre 2025.","author":"dpc","date":"30 septembre 2025","format":false,"excerpt":"Un m\u00e9tro, un coucher de soleil, une tour en bois, une grosse boule, une tour en fer, un coup de balai, un parapluie, une sieste, un bi(f)tek, une ruine de jour, un ch\u00e2teau, un coucher de soleil, une page de bouquin, une \u00e9clipse de lune, un CNPE, une enseigne, une\u2026","rel":"","context":"Dans &quot;Blog-note&quot;","block_context":{"text":"Blog-note","link":"https:\/\/www.wallendorff.com\/belogue\/category\/blog-note\/"},"img":{"alt_text":"","src":"https:\/\/i0.wp.com\/www.wallendorff.com\/belogue\/wp-content\/uploads\/2025\/10\/20251013-15.jpg?resize=350%2C200&ssl=1","width":350,"height":200,"srcset":"https:\/\/i0.wp.com\/www.wallendorff.com\/belogue\/wp-content\/uploads\/2025\/10\/20251013-15.jpg?resize=350%2C200&ssl=1 1x, https:\/\/i0.wp.com\/www.wallendorff.com\/belogue\/wp-content\/uploads\/2025\/10\/20251013-15.jpg?resize=525%2C300&ssl=1 1.5x, https:\/\/i0.wp.com\/www.wallendorff.com\/belogue\/wp-content\/uploads\/2025\/10\/20251013-15.jpg?resize=700%2C400&ssl=1 2x, https:\/\/i0.wp.com\/www.wallendorff.com\/belogue\/wp-content\/uploads\/2025\/10\/20251013-15.jpg?resize=1050%2C600&ssl=1 3x"},"classes":[]},{"id":7835,"url":"https:\/\/www.wallendorff.com\/belogue\/2010\/07\/12\/le-preux-type-haut-nomme-en-morse\/","url_meta":{"origin":819,"position":4},"title":"Le preux type haut nomme en morse.","author":"dpc","date":"12 juillet 2010","format":false,"excerpt":"Montparnasse, Paris, 5 juin. Manquent qu'un M, un C et un A et on aura une mortelle id\u00e9e de pochette, dis donc. \u00a0The Acorn \u2013 No Ghost","rel":"","context":"Dans &quot;DPC&quot;","block_context":{"text":"DPC","link":"https:\/\/www.wallendorff.com\/belogue\/category\/dpc\/"},"img":{"alt_text":"","src":"https:\/\/i0.wp.com\/www.wallendorff.com\/belogue\/wp-content\/uploads\/2015\/04\/201007121.jpg?resize=350%2C200&ssl=1","width":350,"height":200},"classes":[]},{"id":131269,"url":"https:\/\/www.wallendorff.com\/belogue\/2024\/11\/30\/novembre-2024\/","url_meta":{"origin":819,"position":5},"title":"Novembre 2024.","author":"dpc","date":"30 novembre 2024","format":false,"excerpt":"Un menu, un nours, un cimeti\u00e8re, un lever de soleil, un quai de RER, un balcon, une toilette, une publicit\u00e9, un gradin, une toilette, un v\u00e9lo, un concert, un extincteur, un train, une gare, un panneau, une cath\u00e9drale, un pont-canal, une for\u00eat, une \u00e9glise, une vierge, un ch\u00e2teau de jour,\u2026","rel":"","context":"Dans &quot;Blog-note&quot;","block_context":{"text":"Blog-note","link":"https:\/\/www.wallendorff.com\/belogue\/category\/blog-note\/"},"img":{"alt_text":"","src":"https:\/\/i0.wp.com\/www.wallendorff.com\/belogue\/wp-content\/uploads\/2024\/12\/20241207-56.jpg?resize=350%2C200&ssl=1","width":350,"height":200,"srcset":"https:\/\/i0.wp.com\/www.wallendorff.com\/belogue\/wp-content\/uploads\/2024\/12\/20241207-56.jpg?resize=350%2C200&ssl=1 1x, https:\/\/i0.wp.com\/www.wallendorff.com\/belogue\/wp-content\/uploads\/2024\/12\/20241207-56.jpg?resize=525%2C300&ssl=1 1.5x, https:\/\/i0.wp.com\/www.wallendorff.com\/belogue\/wp-content\/uploads\/2024\/12\/20241207-56.jpg?resize=700%2C400&ssl=1 2x, https:\/\/i0.wp.com\/www.wallendorff.com\/belogue\/wp-content\/uploads\/2024\/12\/20241207-56.jpg?resize=1050%2C600&ssl=1 3x"},"classes":[]}],"_links":{"self":[{"href":"https:\/\/www.wallendorff.com\/belogue\/wp-json\/wp\/v2\/posts\/819","targetHints":{"allow":["GET"]}}],"collection":[{"href":"https:\/\/www.wallendorff.com\/belogue\/wp-json\/wp\/v2\/posts"}],"about":[{"href":"https:\/\/www.wallendorff.com\/belogue\/wp-json\/wp\/v2\/types\/post"}],"author":[{"embeddable":true,"href":"https:\/\/www.wallendorff.com\/belogue\/wp-json\/wp\/v2\/users\/1"}],"replies":[{"embeddable":true,"href":"https:\/\/www.wallendorff.com\/belogue\/wp-json\/wp\/v2\/comments?post=819"}],"version-history":[{"count":1,"href":"https:\/\/www.wallendorff.com\/belogue\/wp-json\/wp\/v2\/posts\/819\/revisions"}],"predecessor-version":[{"id":18145,"href":"https:\/\/www.wallendorff.com\/belogue\/wp-json\/wp\/v2\/posts\/819\/revisions\/18145"}],"wp:featuredmedia":[{"embeddable":true,"href":"https:\/\/www.wallendorff.com\/belogue\/wp-json\/wp\/v2\/media\/24759"}],"wp:attachment":[{"href":"https:\/\/www.wallendorff.com\/belogue\/wp-json\/wp\/v2\/media?parent=819"}],"wp:term":[{"taxonomy":"category","embeddable":true,"href":"https:\/\/www.wallendorff.com\/belogue\/wp-json\/wp\/v2\/categories?post=819"},{"taxonomy":"post_tag","embeddable":true,"href":"https:\/\/www.wallendorff.com\/belogue\/wp-json\/wp\/v2\/tags?post=819"}],"curies":[{"name":"wp","href":"https:\/\/api.w.org\/{rel}","templated":true}]}}