{"id":818,"date":"2006-10-30T00:52:46","date_gmt":"2006-10-30T00:52:46","guid":{"rendered":"http:\/\/www.po-l.com\/wordpress\/?p=818"},"modified":"2011-10-27T15:31:51","modified_gmt":"2011-10-27T13:31:51","slug":"calexico-le-bataclan-paris","status":"publish","type":"post","link":"https:\/\/www.wallendorff.com\/belogue\/2006\/10\/30\/calexico-le-bataclan-paris\/","title":{"rendered":"Calexico @ le Bataclan, Paris."},"content":{"rendered":"\n<div id=\"photo\">\n<p><img decoding=\"async\" src=\"https:\/\/www.wallendorff.com\/belogue\/photo\/2006\/10\/20061030.jpg\" \/><\/p>\n<\/p><\/div>\n<p><em>Yours And Mine<\/em> envo&ucirc;tant, <em>All Systems Red<\/em> magique, <em>Deep Down<\/em> transcendant, et j&rsquo;en passe. Calexico m&eacute;lange anglais, fran&ccedil;ais et espagnol sur des trompettes d&rsquo;hacienda, des cordes effleur&eacute;es et des guitares aux ambiances routi&egrave;res et reprend Pr&eacute;vert, Love et m&ecirc;me Manu Chao. La semaine aurait pas pu finir mieux.<\/p>\n<div id=\"bandeson\">\n<p><img decoding=\"async\" src=\"https:\/\/www.wallendorff.com\/belogue\/photo\/pochettes\/d\/detroit_cobras_the-life_love_and_leaving.jpg\" align=\"left\" \/>&nbsp;<a href=\"http:\/\/www.detroitcobras.org\/\">The Detroit Cobras<\/a> &ndash; <em>Shout Bamalama<\/em> (Ottis Redding cover)        <\/p>\n<\/div>\n","protected":false},"excerpt":{"rendered":"<p>Yours And Mine envo&ucirc;tant, All Systems Red magique, Deep Down transcendant, et j&rsquo;en passe. Calexico m&eacute;lange anglais, fran&ccedil;ais et espagnol sur des trompettes d&rsquo;hacienda, des cordes effleur&eacute;es et des guitares aux ambiances routi&egrave;res et reprend Pr&eacute;vert, Love et m&ecirc;me Manu Chao. La semaine aurait pas pu finir mieux. &nbsp;The Detroit Cobras &ndash; Shout Bamalama (Ottis&hellip;<\/p>\n","protected":false},"author":1,"featured_media":24758,"comment_status":"open","ping_status":"open","sticky":false,"template":"","format":"standard","meta":{"_acf_changed":false,"ngg_post_thumbnail":0,"jetpack_post_was_ever_published":false,"_jetpack_newsletter_access":"","_jetpack_dont_email_post_to_subs":false,"_jetpack_newsletter_tier_id":0,"_jetpack_memberships_contains_paywalled_content":false,"_jetpack_memberships_contains_paid_content":false,"footnotes":"","jetpack_publicize_message":"","jetpack_publicize_feature_enabled":true,"jetpack_social_post_already_shared":false,"jetpack_social_options":{"image_generator_settings":{"template":"highway","default_image_id":0,"font":"","enabled":false},"version":2}},"categories":[7],"tags":[174,10183,10084,1617,181,132,1283,10120,10121,10332,143,1815,10098,1814],"class_list":["post-818","post","type-post","status-publish","format-standard","has-post-thumbnail","hentry","category-alive","tag-174","tag-10183","tag-alive","tag-calexico","tag-ef-70-200-mm-f28l-usm","tag-eos-20d","tag-detroit-cobras","tag-france","tag-ile-de-france","tag-le-bataclan","tag-noir-et-blanc","tag-otis-redding","tag-paris","tag-shout-bamalama"],"acf":[],"geo":{"latitude":48.8629417,"longitude":2.370445,"description":"1-15 Passage Saint-Pierre Amelot, 75011 Paris, France"},"jetpack_publicize_connections":[],"jetpack_featured_media_url":"https:\/\/www.wallendorff.com\/belogue\/wp-content\/uploads\/2015\/04\/200610301.jpg","jetpack_shortlink":"https:\/\/wp.me\/p3b35P-dc","jetpack_sharing_enabled":true,"jetpack-related-posts":[{"id":130445,"url":"https:\/\/www.wallendorff.com\/belogue\/2024\/08\/31\/flogging-molly-le-bataclan-paris-27-aout-2024\/","url_meta":{"origin":818,"position":0},"title":"Flogging Molly @ le Bataclan, Paris, 27 ao\u00fbt 2024.","author":"dpc","date":"31 ao\u00fbt 2024","format":false,"excerpt":"Drunken Lullabies | The Hand of John L. Sullivan | Swagger | (Try) Keep the Man Down | Whistles the Wind | Life in a Tenement Square | A Song of Liberty | Tobacco Island | The Croppy Boy '98 | Float | Saints & Sinners | Rebels of the\u2026","rel":"","context":"Dans &quot;Alive&quot;","block_context":{"text":"Alive","link":"https:\/\/www.wallendorff.com\/belogue\/category\/alive\/"},"img":{"alt_text":"","src":"https:\/\/i0.wp.com\/www.wallendorff.com\/belogue\/wp-content\/uploads\/2024\/08\/20240830-26.jpg?resize=350%2C200&ssl=1","width":350,"height":200,"srcset":"https:\/\/i0.wp.com\/www.wallendorff.com\/belogue\/wp-content\/uploads\/2024\/08\/20240830-26.jpg?resize=350%2C200&ssl=1 1x, https:\/\/i0.wp.com\/www.wallendorff.com\/belogue\/wp-content\/uploads\/2024\/08\/20240830-26.jpg?resize=525%2C300&ssl=1 1.5x, https:\/\/i0.wp.com\/www.wallendorff.com\/belogue\/wp-content\/uploads\/2024\/08\/20240830-26.jpg?resize=700%2C400&ssl=1 2x, https:\/\/i0.wp.com\/www.wallendorff.com\/belogue\/wp-content\/uploads\/2024\/08\/20240830-26.jpg?resize=1050%2C600&ssl=1 3x"},"classes":[]},{"id":134068,"url":"https:\/\/www.wallendorff.com\/belogue\/2025\/10\/16\/the-cat-empire-le-bataclan-paris-14-octobre-2025\/","url_meta":{"origin":818,"position":1},"title":"The Cat Empire @ le Bataclan, Paris, 14 octobre 2025.","author":"dpc","date":"16 octobre 2025","format":false,"excerpt":"The Cat Empire @ le Bataclan, Paris, 14\/10\/2025 The Cat Empire @ le Bataclan, Paris, 14\/10\/2025 The Cat Empire @ le Bataclan, Paris, 14\/10\/2025 The Cat Empire @ le Bataclan, Paris, 14\/10\/2025 The Cat Empire @ le Bataclan, Paris, 14\/10\/2025 The Cat Empire @ le Bataclan, Paris, 14\/10\/2025 The Cat\u2026","rel":"","context":"Dans &quot;Alive&quot;","block_context":{"text":"Alive","link":"https:\/\/www.wallendorff.com\/belogue\/category\/alive\/"},"img":{"alt_text":"","src":"https:\/\/i0.wp.com\/www.wallendorff.com\/belogue\/wp-content\/uploads\/2025\/10\/20251016-12.jpg?resize=350%2C200&ssl=1","width":350,"height":200,"srcset":"https:\/\/i0.wp.com\/www.wallendorff.com\/belogue\/wp-content\/uploads\/2025\/10\/20251016-12.jpg?resize=350%2C200&ssl=1 1x, https:\/\/i0.wp.com\/www.wallendorff.com\/belogue\/wp-content\/uploads\/2025\/10\/20251016-12.jpg?resize=525%2C300&ssl=1 1.5x, https:\/\/i0.wp.com\/www.wallendorff.com\/belogue\/wp-content\/uploads\/2025\/10\/20251016-12.jpg?resize=700%2C400&ssl=1 2x, https:\/\/i0.wp.com\/www.wallendorff.com\/belogue\/wp-content\/uploads\/2025\/10\/20251016-12.jpg?resize=1050%2C600&ssl=1 3x"},"classes":[]},{"id":3410,"url":"https:\/\/www.wallendorff.com\/belogue\/2008\/09\/09\/calexico-le-social-club-paris-08-septembre\/","url_meta":{"origin":818,"position":2},"title":"Calexico @ le Social Club, Paris, 08 septembre.","author":"dpc","date":"9 septembre 2008","format":false,"excerpt":"\u00a0 Et \u00e9videmment, c'est le jour o\u00f9 tu as pris soin d'enlever de ton sac ton super dictaphone MP3 \u00ab\u00a0parce que tu ne t'en sers jamais\u00a0\u00bb que Joey Burns, non content d'avoir piqu\u00e9 la chemise de Dolf Datsun, d\u00e9cide de reprendre Louxor j'adore avec un m\u00e9lange de paroles \u00e0 la\u2026","rel":"","context":"Dans &quot;Alive&quot;","block_context":{"text":"Alive","link":"https:\/\/www.wallendorff.com\/belogue\/category\/alive\/"},"img":{"alt_text":"","src":"https:\/\/i0.wp.com\/www.wallendorff.com\/belogue\/wp-content\/uploads\/2015\/04\/200809091.jpg?resize=350%2C200&ssl=1","width":350,"height":200,"srcset":"https:\/\/i0.wp.com\/www.wallendorff.com\/belogue\/wp-content\/uploads\/2015\/04\/200809091.jpg?resize=350%2C200&ssl=1 1x, https:\/\/i0.wp.com\/www.wallendorff.com\/belogue\/wp-content\/uploads\/2015\/04\/200809091.jpg?resize=525%2C300&ssl=1 1.5x, https:\/\/i0.wp.com\/www.wallendorff.com\/belogue\/wp-content\/uploads\/2015\/04\/200809091.jpg?resize=700%2C400&ssl=1 2x"},"classes":[]},{"id":931,"url":"https:\/\/www.wallendorff.com\/belogue\/2007\/04\/11\/herman-dune-le-bataclan-paris\/","url_meta":{"origin":818,"position":3},"title":"Herman D\u00fcne @ le Bataclan, Paris.","author":"dpc","date":"11 avril 2007","format":false,"excerpt":"On r\u00e9sume pour aller vite\u00a0: Toujours se m\u00e9fier des concerts T\u00e9l\u00e9rama, \u00e7a attire une faune amorphe et blas\u00e9e contagieuse. Herman D\u00fcne, c'est bien... ... Sauf quand ils font dans le folklore caucasien. ... Sauf quand se pointe leur saxophoniste qui ressemble \u00e0 Z\u00e9gut, l'oreille musicale en moins. Sinon c'est bien\u00a0:\u2026","rel":"","context":"Dans &quot;Alive&quot;","block_context":{"text":"Alive","link":"https:\/\/www.wallendorff.com\/belogue\/category\/alive\/"},"img":{"alt_text":"","src":"https:\/\/i0.wp.com\/www.wallendorff.com\/belogue\/wp-content\/uploads\/2015\/04\/200704111.jpg?resize=350%2C200&ssl=1","width":350,"height":200},"classes":[]},{"id":814,"url":"https:\/\/www.wallendorff.com\/belogue\/2006\/10\/26\/elista-le-bataclan-paris\/","url_meta":{"origin":818,"position":4},"title":"Elista @ Le Bataclan, Paris.","author":"dpc","date":"26 octobre 2006","format":false,"excerpt":"Ils ont s\u00e9duit en premi\u00e8re partie de The Servant hier soir, ils sont sympas, ils ont fait un chouette album y a trois ans et un encore plus chouette y a trois jours et je vous les conseille parce que pour une fois qu'un groupe fran\u00e7ais est bien, hein, profitons-en.\u2026","rel":"","context":"Dans &quot;Alive&quot;","block_context":{"text":"Alive","link":"https:\/\/www.wallendorff.com\/belogue\/category\/alive\/"},"img":{"alt_text":"","src":"https:\/\/i0.wp.com\/www.wallendorff.com\/belogue\/wp-content\/uploads\/2015\/04\/200610261.jpg?resize=350%2C200&ssl=1","width":350,"height":200},"classes":[]},{"id":3807,"url":"https:\/\/www.wallendorff.com\/belogue\/2009\/01\/19\/animal-collective-le-bataclan-paris-16-janvier\/","url_meta":{"origin":818,"position":5},"title":"Animal Collective @ le Bataclan, Paris, 16 janvier.","author":"dpc","date":"19 janvier 2009","format":false,"excerpt":"Y'a des week-ends comme \u00e7a qui commencent normalement et qui finissent avec une parution dans Le Monde. C'est quand m\u00eame chouette, la vie, des fois. Eagles of Death Metal \u2013 Cheap Thrills","rel":"","context":"Dans &quot;Alive&quot;","block_context":{"text":"Alive","link":"https:\/\/www.wallendorff.com\/belogue\/category\/alive\/"},"img":{"alt_text":"","src":"https:\/\/i0.wp.com\/www.wallendorff.com\/belogue\/wp-content\/uploads\/2015\/04\/200901191.jpg?resize=350%2C200&ssl=1","width":350,"height":200,"srcset":"https:\/\/i0.wp.com\/www.wallendorff.com\/belogue\/wp-content\/uploads\/2015\/04\/200901191.jpg?resize=350%2C200&ssl=1 1x, https:\/\/i0.wp.com\/www.wallendorff.com\/belogue\/wp-content\/uploads\/2015\/04\/200901191.jpg?resize=525%2C300&ssl=1 1.5x, https:\/\/i0.wp.com\/www.wallendorff.com\/belogue\/wp-content\/uploads\/2015\/04\/200901191.jpg?resize=700%2C400&ssl=1 2x"},"classes":[]}],"_links":{"self":[{"href":"https:\/\/www.wallendorff.com\/belogue\/wp-json\/wp\/v2\/posts\/818","targetHints":{"allow":["GET"]}}],"collection":[{"href":"https:\/\/www.wallendorff.com\/belogue\/wp-json\/wp\/v2\/posts"}],"about":[{"href":"https:\/\/www.wallendorff.com\/belogue\/wp-json\/wp\/v2\/types\/post"}],"author":[{"embeddable":true,"href":"https:\/\/www.wallendorff.com\/belogue\/wp-json\/wp\/v2\/users\/1"}],"replies":[{"embeddable":true,"href":"https:\/\/www.wallendorff.com\/belogue\/wp-json\/wp\/v2\/comments?post=818"}],"version-history":[{"count":1,"href":"https:\/\/www.wallendorff.com\/belogue\/wp-json\/wp\/v2\/posts\/818\/revisions"}],"predecessor-version":[{"id":14150,"href":"https:\/\/www.wallendorff.com\/belogue\/wp-json\/wp\/v2\/posts\/818\/revisions\/14150"}],"wp:featuredmedia":[{"embeddable":true,"href":"https:\/\/www.wallendorff.com\/belogue\/wp-json\/wp\/v2\/media\/24758"}],"wp:attachment":[{"href":"https:\/\/www.wallendorff.com\/belogue\/wp-json\/wp\/v2\/media?parent=818"}],"wp:term":[{"taxonomy":"category","embeddable":true,"href":"https:\/\/www.wallendorff.com\/belogue\/wp-json\/wp\/v2\/categories?post=818"},{"taxonomy":"post_tag","embeddable":true,"href":"https:\/\/www.wallendorff.com\/belogue\/wp-json\/wp\/v2\/tags?post=818"}],"curies":[{"name":"wp","href":"https:\/\/api.w.org\/{rel}","templated":true}]}}