{"id":8175,"date":"2010-08-23T10:19:01","date_gmt":"2010-08-23T08:19:01","guid":{"rendered":"http:\/\/www.po-l.com\/belogue\/?p=8175"},"modified":"2012-06-11T09:49:06","modified_gmt":"2012-06-11T07:49:06","slug":"ca-va-lair-de-travee","status":"publish","type":"post","link":"https:\/\/www.wallendorff.com\/belogue\/2010\/08\/23\/ca-va-lair-de-travee\/","title":{"rendered":"\u00c7a va, l&rsquo;air de trav\u00e9e."},"content":{"rendered":"\n<div id=\"photo\">\n<p><img decoding=\"async\" src=\"https:\/\/www.wallendorff.com\/belogue\/photo\/2010\/08\/20100823.jpg\" \/><br \/>\n        De Papegaai, Amsterdam, 19 juillet.<\/p>\n<\/p><\/div>\n<p>&laquo;&nbsp;De Papegaai&nbsp;&raquo; signifie perroquet, comme celui qui orne la porte d&rsquo;entr&eacute;e de l&rsquo;&eacute;difice, une discr&egrave;te ouverture sur la rue du Calvaire que l&rsquo;on remarque &agrave; peine. &Agrave; l&rsquo;origine l&rsquo;&eacute;glise &eacute;tait planqu&eacute;e dans le jardin de la maison qui lui sert d&rsquo;entr&eacute;e &#8213;&nbsp;les prostestants avaient interdit le catholicisme &agrave; Amsterdam, histoire de rendre la pareille&nbsp;&#8213; et le p&acirc;t&eacute; de maisons s&rsquo;est construit autour. Elle est aujourd&rsquo;hui plus ou moins noy&eacute;e au milieu des immeubles qui l&rsquo;entourent, <a href=\"https:\/\/www.wallendorff.com\/belogue\/carte\/?center_lat=52.3712387&#038;center_lng=4.8915710&#038;zoom=20\">sur la carte &ccedil;a fait un dr&ocirc;le d&rsquo;effet.<\/a><\/p>\n<p style=\"text-align:right\">Voil&agrave;. Maintenant qu&rsquo;on est tous bien cultiv&eacute;s, caf&eacute;.<\/p>\n<div id=\"bandeson\">\n<p><img decoding=\"async\" src=\"https:\/\/www.wallendorff.com\/belogue\/photo\/pochettes\/e\/eels-tomorrow_morning.jpg\" align=\"left\" \/>&nbsp;<a href=\"http:\/\/www.eelstheband.com\/\">Eels<\/a> &ndash; <em>Looking Up<\/em><\/p>\n<\/p><\/div>\n","protected":false},"excerpt":{"rendered":"<p>De Papegaai, Amsterdam, 19 juillet. &laquo;&nbsp;De Papegaai&nbsp;&raquo; signifie perroquet, comme celui qui orne la porte d&rsquo;entr&eacute;e de l&rsquo;&eacute;difice, une discr&egrave;te ouverture sur la rue du Calvaire que l&rsquo;on remarque &agrave; peine. &Agrave; l&rsquo;origine l&rsquo;&eacute;glise &eacute;tait planqu&eacute;e dans le jardin de la maison qui lui sert d&rsquo;entr&eacute;e &#8213;&nbsp;les prostestants avaient interdit le catholicisme &agrave; Amsterdam, histoire&hellip;<\/p>\n","protected":false},"author":1,"featured_media":25872,"comment_status":"open","ping_status":"open","sticky":false,"template":"","format":"standard","meta":{"_acf_changed":false,"ngg_post_thumbnail":0,"jetpack_post_was_ever_published":false,"_jetpack_newsletter_access":"","_jetpack_dont_email_post_to_subs":false,"_jetpack_newsletter_tier_id":0,"_jetpack_memberships_contains_paywalled_content":false,"_jetpack_memberships_contains_paid_content":false,"footnotes":"","jetpack_publicize_message":"","jetpack_publicize_feature_enabled":true,"jetpack_social_post_already_shared":false,"jetpack_social_options":{"image_generator_settings":{"template":"highway","default_image_id":0,"font":"","enabled":false},"version":2}},"categories":[3],"tags":[711,10226,2571,2615,4043,4102,4101,10786,10238,4040,4098,4105,414,770,4103],"class_list":["post-8175","post","type-post","status-publish","format-standard","has-post-thumbnail","hentry","category-dpc","tag-amsterdam","tag-banc","tag-ef-16-35-mm-f28l-ii-usm","tag-eos-5d-mark-ii","tag-centrum","tag-chemin-de-croix","tag-de-papegaai","tag-eels","tag-eglise","tag-hollande-septentrionale","tag-kalverstraat","tag-looking-up","tag-pays-bas","tag-rouge","tag-travee"],"acf":[],"geo":{"latitude":52.3712387,"longitude":4.891571,"description":"Kalverstraat 48-72, 1012 Amsterdam, The Netherlands"},"jetpack_publicize_connections":[],"jetpack_featured_media_url":"https:\/\/www.wallendorff.com\/belogue\/wp-content\/uploads\/2015\/04\/201008231.jpg","jetpack_shortlink":"https:\/\/wp.me\/p3b35P-27R","jetpack_sharing_enabled":true,"jetpack-related-posts":[{"id":8005,"url":"https:\/\/www.wallendorff.com\/belogue\/2010\/08\/12\/lapine-lover\/","url_meta":{"origin":8175,"position":0},"title":"Lapine lover.","author":"dpc","date":"12 ao\u00fbt 2010","format":false,"excerpt":"Warmoesstraat, Amsterdam, 18 juillet. Ce que j'aime, avec le mois d'ao\u00fbt, c'est qu'en plus de pouvoir profiter d'une ville vide dans laquelle on est enfin tranquille pendant que tout le monde est all\u00e9 s'entasser sur la c\u00f4te d'Azur comme des nases, on peut voir tous les photographeux s'exciter avant la\u2026","rel":"","context":"Dans &quot;DPC&quot;","block_context":{"text":"DPC","link":"https:\/\/www.wallendorff.com\/belogue\/category\/dpc\/"},"img":{"alt_text":"","src":"https:\/\/i0.wp.com\/www.wallendorff.com\/belogue\/wp-content\/uploads\/2015\/04\/201008121.jpg?resize=350%2C200&ssl=1","width":350,"height":200},"classes":[]},{"id":86,"url":"https:\/\/www.wallendorff.com\/belogue\/2006\/02\/23\/pas-cense-long-heurte-tant\/","url_meta":{"origin":8175,"position":1},"title":"Pas cens\u00e9 long heurt de temps.","author":"dpc","date":"23 f\u00e9vrier 2006","format":false,"excerpt":"Studios Ferber, Paris, 31 janvier, 22h03. R\u00e9sumons. Je suis debout dans une trav\u00e9e de Bercy, entour\u00e9 par ma s\u0153ur et mon p\u00e8re, 4 concerts de Depeche Mode au compteur chacun, et \u00e0 une centaine de m\u00e8tre de l\u00e0, un Gahan torse nu braille \u00e0 qui veut l'entendre [c'est-\u00e0-dire tout le\u2026","rel":"","context":"Dans &quot;DPC&quot;","block_context":{"text":"DPC","link":"https:\/\/www.wallendorff.com\/belogue\/category\/dpc\/"},"img":{"alt_text":"","src":"https:\/\/i0.wp.com\/www.wallendorff.com\/belogue\/wp-content\/uploads\/2015\/04\/200602231.jpg?resize=350%2C200&ssl=1","width":350,"height":200},"classes":[]},{"id":8180,"url":"https:\/\/www.wallendorff.com\/belogue\/2010\/08\/26\/capitaine-flemme\/","url_meta":{"origin":8175,"position":2},"title":"Capitaine Flemme.","author":"dpc","date":"26 ao\u00fbt 2010","format":false,"excerpt":"Magna Plaza, Amsterdam, 19 juillet. Ce soir-l\u00e0, en premi\u00e8re partie des Subways, The Temper Trap avait fait bonne impression, tr\u00e8s bonne m\u00eame, \u2015\u00a0bien meilleure que celle laiss\u00e9e par les \u00e9pouvantables Montgomery\u00a0\u2015 mais l'ambiance \u00e9tait rest\u00e9e assez ti\u00e8de, ce qui arrive couramment quand on ne conna\u00eet pas vraiment un groupe et\u2026","rel":"","context":"Dans &quot;DPC&quot;","block_context":{"text":"DPC","link":"https:\/\/www.wallendorff.com\/belogue\/category\/dpc\/"},"img":{"alt_text":"","src":"https:\/\/i0.wp.com\/www.wallendorff.com\/belogue\/wp-content\/uploads\/2015\/04\/201008261.jpg?resize=350%2C200&ssl=1","width":350,"height":200,"srcset":"https:\/\/i0.wp.com\/www.wallendorff.com\/belogue\/wp-content\/uploads\/2015\/04\/201008261.jpg?resize=350%2C200&ssl=1 1x, https:\/\/i0.wp.com\/www.wallendorff.com\/belogue\/wp-content\/uploads\/2015\/04\/201008261.jpg?resize=525%2C300&ssl=1 1.5x, https:\/\/i0.wp.com\/www.wallendorff.com\/belogue\/wp-content\/uploads\/2015\/04\/201008261.jpg?resize=700%2C400&ssl=1 2x"},"classes":[]},{"id":8061,"url":"https:\/\/www.wallendorff.com\/belogue\/2010\/08\/17\/crocs-quodile-donne-dis\/","url_meta":{"origin":8175,"position":3},"title":"Crocs qu&rsquo;Odile donne, dis.","author":"dpc","date":"17 ao\u00fbt 2010","format":false,"excerpt":"Haarlemmerdijk, Amsterdam 19 juillet. Faudra qu'on m'explique un jour pourquoi \u00e7a me fascine autant, les crochets. \u00a0Les Yves1 \u2013 Nasty Secretary _____ 1 \u00ab\u00a0Les Yves est un groupe de garage rock punk su\u00e9dois \u00e0 roulettes form\u00e9 en 1993 par Howlin' Yves Almqvist (chant), Yves Dangerous (batterie), Yves Arson (guitare), Yves\u2026","rel":"","context":"Dans &quot;DPC&quot;","block_context":{"text":"DPC","link":"https:\/\/www.wallendorff.com\/belogue\/category\/dpc\/"},"img":{"alt_text":"","src":"https:\/\/i0.wp.com\/www.wallendorff.com\/belogue\/wp-content\/uploads\/2015\/04\/201008171.jpg?resize=350%2C200&ssl=1","width":350,"height":200},"classes":[]},{"id":9646,"url":"https:\/\/www.wallendorff.com\/belogue\/2010\/10\/12\/the-wombats-le-point-ephemere-paris\/","url_meta":{"origin":8175,"position":4},"title":"The Wombats @ le Point \u00c9ph\u00e9m\u00e8re, Paris.","author":"dpc","date":"12 octobre 2010","format":false,"excerpt":"Kill the Director | Party in a Forest (Where's Laura?) | Tokyo (Vampires and Wolves) | Patricia the Stripper | Techno Fan | Schumacher the Champagne | Here Comes the Anxiety | Backfire at the Disco | Jump into the Fog | Anti-D | Moving to New York | Let's\u2026","rel":"","context":"Dans &quot;Alive&quot;","block_context":{"text":"Alive","link":"https:\/\/www.wallendorff.com\/belogue\/category\/alive\/"},"img":{"alt_text":"","src":"https:\/\/i0.wp.com\/www.wallendorff.com\/belogue\/wp-content\/uploads\/2015\/04\/201010121.jpg?resize=350%2C200&ssl=1","width":350,"height":200,"srcset":"https:\/\/i0.wp.com\/www.wallendorff.com\/belogue\/wp-content\/uploads\/2015\/04\/201010121.jpg?resize=350%2C200&ssl=1 1x, https:\/\/i0.wp.com\/www.wallendorff.com\/belogue\/wp-content\/uploads\/2015\/04\/201010121.jpg?resize=525%2C300&ssl=1 1.5x, https:\/\/i0.wp.com\/www.wallendorff.com\/belogue\/wp-content\/uploads\/2015\/04\/201010121.jpg?resize=700%2C400&ssl=1 2x"},"classes":[]},{"id":813,"url":"https:\/\/www.wallendorff.com\/belogue\/2006\/10\/25\/the-40-ans-of-the-rock-n-fluque-le-bataclan-paris\/","url_meta":{"origin":8175,"position":5},"title":"The 40 ans of the Rock &#038; Fluque @ Le Bataclan, Paris.","author":"dpc","date":"25 octobre 2006","format":false,"excerpt":"Gr\u00e2ce soit rendue pour les 23 prochaines g\u00e9n\u00e9rations \u00e0 Ath-les-bons-tuyaux pour le pr\u00eat du matos. Appel\u00e9 au dernier moment, Arriv\u00e9e pour le gros tube des Nazes1, bar ouvert2, discours d'entr\u00e9e du Man\u0153uvre qui d\u00e9cid\u00e9ment est le plus dou\u00e9 imitateur de Man\u0153uvre au monde, Jacno insipide, super-groupe \u00e0 base de Natasha-d'AS-Dragon,\u2026","rel":"","context":"Dans &quot;Alive&quot;","block_context":{"text":"Alive","link":"https:\/\/www.wallendorff.com\/belogue\/category\/alive\/"},"img":{"alt_text":"","src":"https:\/\/i0.wp.com\/www.wallendorff.com\/belogue\/wp-content\/uploads\/2015\/04\/20061025-11.jpg?resize=350%2C200&ssl=1","width":350,"height":200,"srcset":"https:\/\/i0.wp.com\/www.wallendorff.com\/belogue\/wp-content\/uploads\/2015\/04\/20061025-11.jpg?resize=350%2C200&ssl=1 1x, https:\/\/i0.wp.com\/www.wallendorff.com\/belogue\/wp-content\/uploads\/2015\/04\/20061025-11.jpg?resize=525%2C300&ssl=1 1.5x"},"classes":[]}],"_links":{"self":[{"href":"https:\/\/www.wallendorff.com\/belogue\/wp-json\/wp\/v2\/posts\/8175","targetHints":{"allow":["GET"]}}],"collection":[{"href":"https:\/\/www.wallendorff.com\/belogue\/wp-json\/wp\/v2\/posts"}],"about":[{"href":"https:\/\/www.wallendorff.com\/belogue\/wp-json\/wp\/v2\/types\/post"}],"author":[{"embeddable":true,"href":"https:\/\/www.wallendorff.com\/belogue\/wp-json\/wp\/v2\/users\/1"}],"replies":[{"embeddable":true,"href":"https:\/\/www.wallendorff.com\/belogue\/wp-json\/wp\/v2\/comments?post=8175"}],"version-history":[{"count":1,"href":"https:\/\/www.wallendorff.com\/belogue\/wp-json\/wp\/v2\/posts\/8175\/revisions"}],"predecessor-version":[{"id":17675,"href":"https:\/\/www.wallendorff.com\/belogue\/wp-json\/wp\/v2\/posts\/8175\/revisions\/17675"}],"wp:featuredmedia":[{"embeddable":true,"href":"https:\/\/www.wallendorff.com\/belogue\/wp-json\/wp\/v2\/media\/25872"}],"wp:attachment":[{"href":"https:\/\/www.wallendorff.com\/belogue\/wp-json\/wp\/v2\/media?parent=8175"}],"wp:term":[{"taxonomy":"category","embeddable":true,"href":"https:\/\/www.wallendorff.com\/belogue\/wp-json\/wp\/v2\/categories?post=8175"},{"taxonomy":"post_tag","embeddable":true,"href":"https:\/\/www.wallendorff.com\/belogue\/wp-json\/wp\/v2\/tags?post=8175"}],"curies":[{"name":"wp","href":"https:\/\/api.w.org\/{rel}","templated":true}]}}