{"id":816,"date":"2006-10-28T12:48:05","date_gmt":"2006-10-28T12:48:05","guid":{"rendered":"http:\/\/www.po-l.com\/wordpress\/?p=816"},"modified":"2012-07-08T12:13:15","modified_gmt":"2012-07-08T10:13:15","slug":"jet-le-bataclan-paris","status":"publish","type":"post","link":"https:\/\/www.wallendorff.com\/belogue\/2006\/10\/28\/jet-le-bataclan-paris\/","title":{"rendered":"Jet @ le Bataclan, Paris."},"content":{"rendered":"\n<div id=\"photo\">\n<p><img decoding=\"async\" src=\"https:\/\/www.wallendorff.com\/belogue\/photo\/2006\/10\/20061028.jpg\" \/><\/p>\n<\/p><\/div>\n<p>Jet fait de l&rsquo;AC\/DC et le fait bien. Ouais. Jet fait du Rolling Stones et le fait bien. Ouais. Jet fait du Who et le fait bien. Ouais. Jet fait du Lynyrd Skynyrd et le fait bien. Ouais.<\/p>\n<p style=\"text-align:right\">Jet fait <strike>de l&rsquo;Oasis<\/strike> du Beatles et on s&rsquo;endort.<\/p>\n<p style=\"text-align:right\">Ouais.<\/p>\n<div id=\"bandeson\">\n<p><img decoding=\"async\" src=\"https:\/\/www.wallendorff.com\/belogue\/photo\/pochettes\/k\/kings_of_leon-day_old_belgian_blues.jpg\" align=\"left\" \/>&nbsp;<a href=\"http:\/\/www.kingsofleon.com\/\">Kings of Leon<\/a> &ndash; <em>Four Kicks<\/em> (live)<\/p>\n<\/div>\n","protected":false},"excerpt":{"rendered":"<p>Jet fait de l&rsquo;AC\/DC et le fait bien. Ouais. Jet fait du Rolling Stones et le fait bien. Ouais. Jet fait du Who et le fait bien. Ouais. Jet fait du Lynyrd Skynyrd et le fait bien. Ouais. Jet fait de l&rsquo;Oasis du Beatles et on s&rsquo;endort. Ouais. &nbsp;Kings of Leon &ndash; Four Kicks (live)<\/p>\n","protected":false},"author":1,"featured_media":24756,"comment_status":"open","ping_status":"open","sticky":false,"template":"","format":"standard","meta":{"_acf_changed":false,"ngg_post_thumbnail":0,"jetpack_post_was_ever_published":false,"_jetpack_newsletter_access":"","_jetpack_dont_email_post_to_subs":false,"_jetpack_newsletter_tier_id":0,"_jetpack_memberships_contains_paywalled_content":false,"_jetpack_memberships_contains_paid_content":false,"footnotes":"","jetpack_publicize_message":"","jetpack_publicize_feature_enabled":true,"jetpack_social_post_already_shared":false,"jetpack_social_options":{"image_generator_settings":{"template":"highway","default_image_id":0,"font":"","enabled":false},"version":2}},"categories":[7],"tags":[174,10183,10084,196,132,1812,10120,10121,265,582,10332,10098,770],"class_list":["post-816","post","type-post","status-publish","format-standard","has-post-thumbnail","hentry","category-alive","tag-174","tag-10183","tag-alive","tag-ef-28-70-mm-f28l-usm","tag-eos-20d","tag-four-kicks","tag-france","tag-ile-de-france","tag-jet","tag-kings-of-leon","tag-le-bataclan","tag-paris","tag-rouge"],"acf":[],"geo":{"latitude":48.8629417,"longitude":2.370445,"description":"1-15 Passage Saint-Pierre Amelot, 75011 Paris, France"},"jetpack_publicize_connections":[],"jetpack_featured_media_url":"https:\/\/www.wallendorff.com\/belogue\/wp-content\/uploads\/2015\/04\/200610281.jpg","jetpack_shortlink":"https:\/\/wp.me\/p3b35P-da","jetpack_sharing_enabled":true,"jetpack-related-posts":[{"id":639,"url":"https:\/\/www.wallendorff.com\/belogue\/2004\/06\/25\/the-streets-st-andrew-s-hall\/","url_meta":{"origin":816,"position":0},"title":"The Streets @ St. Andrew&rsquo;s Hall, D\u00e9troit.","author":"dpc","date":"25 juin 2004","format":false,"excerpt":"Ouais, bon, bien, pas mal, rien de sp\u00e9cial. Le mec est un marrant, il parle beaucoup, et il a un accent cockney \u00e0 couper au couteau. Mais visiblement la d\u00e9faite des Anglais au fouteballe le m\u00eame jour l'a affect\u00e9. Alors il se venge en faisant scander par la foule \u00ab\u00a0We\u2026","rel":"","context":"Dans &quot;Alive&quot;","block_context":{"text":"Alive","link":"https:\/\/www.wallendorff.com\/belogue\/category\/alive\/"},"img":{"alt_text":"","src":"https:\/\/i0.wp.com\/www.wallendorff.com\/belogue\/wp-content\/uploads\/2015\/04\/226.jpg?resize=350%2C200&ssl=1","width":350,"height":200},"classes":[]},{"id":130445,"url":"https:\/\/www.wallendorff.com\/belogue\/2024\/08\/31\/flogging-molly-le-bataclan-paris-27-aout-2024\/","url_meta":{"origin":816,"position":1},"title":"Flogging Molly @ le Bataclan, Paris, 27 ao\u00fbt 2024.","author":"dpc","date":"31 ao\u00fbt 2024","format":false,"excerpt":"Drunken Lullabies | The Hand of John L. Sullivan | Swagger | (Try) Keep the Man Down | Whistles the Wind | Life in a Tenement Square | A Song of Liberty | Tobacco Island | The Croppy Boy '98 | Float | Saints & Sinners | Rebels of the\u2026","rel":"","context":"Dans &quot;Alive&quot;","block_context":{"text":"Alive","link":"https:\/\/www.wallendorff.com\/belogue\/category\/alive\/"},"img":{"alt_text":"","src":"https:\/\/i0.wp.com\/www.wallendorff.com\/belogue\/wp-content\/uploads\/2024\/08\/20240830-26.jpg?resize=350%2C200&ssl=1","width":350,"height":200,"srcset":"https:\/\/i0.wp.com\/www.wallendorff.com\/belogue\/wp-content\/uploads\/2024\/08\/20240830-26.jpg?resize=350%2C200&ssl=1 1x, https:\/\/i0.wp.com\/www.wallendorff.com\/belogue\/wp-content\/uploads\/2024\/08\/20240830-26.jpg?resize=525%2C300&ssl=1 1.5x, https:\/\/i0.wp.com\/www.wallendorff.com\/belogue\/wp-content\/uploads\/2024\/08\/20240830-26.jpg?resize=700%2C400&ssl=1 2x, https:\/\/i0.wp.com\/www.wallendorff.com\/belogue\/wp-content\/uploads\/2024\/08\/20240830-26.jpg?resize=1050%2C600&ssl=1 3x"},"classes":[]},{"id":824,"url":"https:\/\/www.wallendorff.com\/belogue\/2006\/11\/09\/plus-honnete-flou-blouson-gris\/","url_meta":{"origin":816,"position":2},"title":"Plus honn\u00eate flou, Blouson gris.","author":"dpc","date":"9 novembre 2006","format":false,"excerpt":"Jet, le Batclan, Paris, 27 octobre. [Y a rien de pire que de se lever le matin et de se tra\u00eener jusqu'au bourreau avec le dernier1 My Chemiballs Romance dans la t\u00eate, je vais me pendre avant la fin de la journ\u00e9e.] C'est s\u00fbr qu'avec sa gueule toute floute, \u00e0\u2026","rel":"","context":"Dans &quot;DPC&quot;","block_context":{"text":"DPC","link":"https:\/\/www.wallendorff.com\/belogue\/category\/dpc\/"},"img":{"alt_text":"","src":"https:\/\/i0.wp.com\/www.wallendorff.com\/belogue\/wp-content\/uploads\/2015\/04\/200611091.jpg?resize=350%2C200&ssl=1","width":350,"height":200},"classes":[]},{"id":70,"url":"https:\/\/www.wallendorff.com\/belogue\/2005\/09\/09\/il-n-y-a-que-rail-qui-raille\/","url_meta":{"origin":816,"position":3},"title":"Il n&rsquo;y a que rail qui raille&sup1;.","author":"dpc","date":"9 septembre 2005","format":false,"excerpt":"Gare SNCF, Charleville-M\u00e9zi\u00e8res, 4 mars. Je sais pas ce qui nous fait mettre une photo de c\u00f4t\u00e9, puis la reprendre 6 mois plus tard en se disant que si, en fait, on peut en tirer un truc chouette. Je ne sais pas non plus ce qui nous fait remettre une\u2026","rel":"","context":"Dans &quot;DPC&quot;","block_context":{"text":"DPC","link":"https:\/\/www.wallendorff.com\/belogue\/category\/dpc\/"},"img":{"alt_text":"","src":"https:\/\/i0.wp.com\/www.wallendorff.com\/belogue\/wp-content\/uploads\/2015\/04\/200509091.jpg?resize=350%2C200&ssl=1","width":350,"height":200},"classes":[]},{"id":15143,"url":"https:\/\/www.wallendorff.com\/belogue\/2012\/01\/03\/qui-veule-happe-eau-de-gros-jet-rhabite\/","url_meta":{"origin":816,"position":4},"title":"Qui veule happe eau de gros jet, rhabite.","author":"dpc","date":"3 janvier 2012","format":false,"excerpt":"Quai du Mont-Blanc, Gen\u00e8ve, 4 novembre 2011. C'\u00e9tait \u00e7a ou \u00ab\u00a0Gros jet waters\u00a0\u00bb ou \u00ab\u00a0Gros jet mourt\u00a0\u00bb ou\u00a0\u00ab\u00a0Gros jet \u00e0 nains\u00a0\u00bb, mais fallait bien en choisir un et un seul. Black Rebel Motorcycle Club \u2013 Pretend [youtube]http:\/\/www.youtube.com\/watch?v=eRJKQAxO1Bo[\/youtube] Oh et sinon je vous ai fait \u00e7a, aussi\u00a0: Oui, j'ai honte.","rel":"","context":"Dans &quot;DPC&quot;","block_context":{"text":"DPC","link":"https:\/\/www.wallendorff.com\/belogue\/category\/dpc\/"},"img":{"alt_text":"","src":"https:\/\/i0.wp.com\/www.wallendorff.com\/belogue\/wp-content\/uploads\/2015\/04\/201201031.jpg?resize=350%2C200&ssl=1","width":350,"height":200,"srcset":"https:\/\/i0.wp.com\/www.wallendorff.com\/belogue\/wp-content\/uploads\/2015\/04\/201201031.jpg?resize=350%2C200&ssl=1 1x, https:\/\/i0.wp.com\/www.wallendorff.com\/belogue\/wp-content\/uploads\/2015\/04\/201201031.jpg?resize=525%2C300&ssl=1 1.5x, https:\/\/i0.wp.com\/www.wallendorff.com\/belogue\/wp-content\/uploads\/2015\/04\/201201031.jpg?resize=700%2C400&ssl=1 2x"},"classes":[]},{"id":814,"url":"https:\/\/www.wallendorff.com\/belogue\/2006\/10\/26\/elista-le-bataclan-paris\/","url_meta":{"origin":816,"position":5},"title":"Elista @ Le Bataclan, Paris.","author":"dpc","date":"26 octobre 2006","format":false,"excerpt":"Ils ont s\u00e9duit en premi\u00e8re partie de The Servant hier soir, ils sont sympas, ils ont fait un chouette album y a trois ans et un encore plus chouette y a trois jours et je vous les conseille parce que pour une fois qu'un groupe fran\u00e7ais est bien, hein, profitons-en.\u2026","rel":"","context":"Dans &quot;Alive&quot;","block_context":{"text":"Alive","link":"https:\/\/www.wallendorff.com\/belogue\/category\/alive\/"},"img":{"alt_text":"","src":"https:\/\/i0.wp.com\/www.wallendorff.com\/belogue\/wp-content\/uploads\/2015\/04\/200610261.jpg?resize=350%2C200&ssl=1","width":350,"height":200},"classes":[]}],"_links":{"self":[{"href":"https:\/\/www.wallendorff.com\/belogue\/wp-json\/wp\/v2\/posts\/816","targetHints":{"allow":["GET"]}}],"collection":[{"href":"https:\/\/www.wallendorff.com\/belogue\/wp-json\/wp\/v2\/posts"}],"about":[{"href":"https:\/\/www.wallendorff.com\/belogue\/wp-json\/wp\/v2\/types\/post"}],"author":[{"embeddable":true,"href":"https:\/\/www.wallendorff.com\/belogue\/wp-json\/wp\/v2\/users\/1"}],"replies":[{"embeddable":true,"href":"https:\/\/www.wallendorff.com\/belogue\/wp-json\/wp\/v2\/comments?post=816"}],"version-history":[{"count":2,"href":"https:\/\/www.wallendorff.com\/belogue\/wp-json\/wp\/v2\/posts\/816\/revisions"}],"predecessor-version":[{"id":18131,"href":"https:\/\/www.wallendorff.com\/belogue\/wp-json\/wp\/v2\/posts\/816\/revisions\/18131"}],"wp:featuredmedia":[{"embeddable":true,"href":"https:\/\/www.wallendorff.com\/belogue\/wp-json\/wp\/v2\/media\/24756"}],"wp:attachment":[{"href":"https:\/\/www.wallendorff.com\/belogue\/wp-json\/wp\/v2\/media?parent=816"}],"wp:term":[{"taxonomy":"category","embeddable":true,"href":"https:\/\/www.wallendorff.com\/belogue\/wp-json\/wp\/v2\/categories?post=816"},{"taxonomy":"post_tag","embeddable":true,"href":"https:\/\/www.wallendorff.com\/belogue\/wp-json\/wp\/v2\/tags?post=816"}],"curies":[{"name":"wp","href":"https:\/\/api.w.org\/{rel}","templated":true}]}}