{"id":8149,"date":"2010-08-20T11:30:01","date_gmt":"2010-08-20T09:30:01","guid":{"rendered":"http:\/\/www.po-l.com\/belogue\/?p=8149"},"modified":"2012-06-11T09:46:32","modified_gmt":"2012-06-11T07:46:32","slug":"re-cyclage","status":"publish","type":"post","link":"https:\/\/www.wallendorff.com\/belogue\/2010\/08\/20\/re-cyclage\/","title":{"rendered":"Re-cyclage."},"content":{"rendered":"\n<div id=\"photo\">\n<p><img decoding=\"async\" src=\"https:\/\/www.wallendorff.com\/belogue\/photo\/2010\/08\/20100820.jpg\" \/><br \/>\n        Kalverstraat, Amsterdam, 19 juillet.<\/p>\n<\/p><\/div>\n<p style=\"text-align:right\">Un peu le retour de la vengeance de <a href=\"https:\/\/www.wallendorff.com\/belogue\/2007\/08\/31\/cycles-amne\/\">celle-l&agrave;<\/a>, oui.<\/p>\n<div id=\"bandeson\">\n<p><img decoding=\"async\" src=\"https:\/\/www.wallendorff.com\/belogue\/photo\/pochettes\/t\/twilight_eclipse_ost.jpg\" align=\"left\" \/>&nbsp;<a href=\"http:\/\/www.theblackkeys.com\/\">The Black Keys<\/a> &ndash; <em>Chop and Change<\/em><\/p>\n<\/p><\/div>\n","protected":false},"excerpt":{"rendered":"<p>Kalverstraat, Amsterdam, 19 juillet. Un peu le retour de la vengeance de celle-l&agrave;, oui. &nbsp;The Black Keys &ndash; Chop and Change<\/p>\n","protected":false},"author":1,"featured_media":25870,"comment_status":"open","ping_status":"open","sticky":false,"template":"","format":"standard","meta":{"_acf_changed":false,"ngg_post_thumbnail":0,"jetpack_post_was_ever_published":false,"_jetpack_newsletter_access":"","_jetpack_dont_email_post_to_subs":false,"_jetpack_newsletter_tier_id":0,"_jetpack_memberships_contains_paywalled_content":false,"_jetpack_memberships_contains_paid_content":false,"footnotes":"","jetpack_publicize_message":"","jetpack_publicize_feature_enabled":true,"jetpack_social_post_already_shared":false,"jetpack_social_options":{"image_generator_settings":{"template":"highway","default_image_id":0,"font":"","enabled":false},"version":2}},"categories":[3],"tags":[711,4096,2571,2615,4043,4097,4095,4040,4098,10232,143,10416,414,10305,10158,10396,10288],"class_list":["post-8149","post","type-post","status-publish","format-standard","has-post-thumbnail","hentry","category-dpc","tag-amsterdam","tag-blason","tag-ef-16-35-mm-f28l-ii-usm","tag-eos-5d-mark-ii","tag-centrum","tag-chop-and-change","tag-historisch-museum","tag-hollande-septentrionale","tag-kalverstraat","tag-musee","tag-noir-et-blanc","tag-passage","tag-pays-bas","tag-porte","tag-ruelle","tag-the-black-keys","tag-velo"],"acf":[],"geo":{"latitude":52.3704491,"longitude":4.8914609,"description":"Kalverstraat 92, 1012 Amsterdam, The Netherlands"},"jetpack_publicize_connections":[],"jetpack_featured_media_url":"https:\/\/www.wallendorff.com\/belogue\/wp-content\/uploads\/2015\/04\/201008201.jpg","jetpack_shortlink":"https:\/\/wp.me\/p3b35P-27r","jetpack_sharing_enabled":true,"jetpack-related-posts":[{"id":8175,"url":"https:\/\/www.wallendorff.com\/belogue\/2010\/08\/23\/ca-va-lair-de-travee\/","url_meta":{"origin":8149,"position":0},"title":"\u00c7a va, l&rsquo;air de trav\u00e9e.","author":"dpc","date":"23 ao\u00fbt 2010","format":false,"excerpt":"De Papegaai, Amsterdam, 19 juillet. \u00ab\u00a0De Papegaai\u00a0\u00bb signifie perroquet, comme celui qui orne la porte d'entr\u00e9e de l'\u00e9difice, une discr\u00e8te ouverture sur la rue du Calvaire que l'on remarque \u00e0 peine. \u00c0 l'origine l'\u00e9glise \u00e9tait planqu\u00e9e dans le jardin de la maison qui lui sert d'entr\u00e9e \u2015\u00a0les prostestants avaient interdit\u2026","rel":"","context":"Dans &quot;DPC&quot;","block_context":{"text":"DPC","link":"https:\/\/www.wallendorff.com\/belogue\/category\/dpc\/"},"img":{"alt_text":"","src":"https:\/\/i0.wp.com\/www.wallendorff.com\/belogue\/wp-content\/uploads\/2015\/04\/201008231.jpg?resize=350%2C200&ssl=1","width":350,"height":200},"classes":[]},{"id":7985,"url":"https:\/\/www.wallendorff.com\/belogue\/2010\/08\/06\/poli-se-pare-tout-juste-hisse-nu-le-bar\/","url_meta":{"origin":8149,"position":1},"title":"Poli se pare, tout juste hisse nu le bar.","author":"dpc","date":"6 ao\u00fbt 2010","format":false,"excerpt":"Aen't Water, Amsterdam, 18 juillet. \u00a0The Black Keys \u2013 Sinister Kid","rel":"","context":"Dans &quot;DPC&quot;","block_context":{"text":"DPC","link":"https:\/\/www.wallendorff.com\/belogue\/category\/dpc\/"},"img":{"alt_text":"","src":"https:\/\/i0.wp.com\/www.wallendorff.com\/belogue\/wp-content\/uploads\/2015\/04\/201008061.jpg?resize=350%2C200&ssl=1","width":350,"height":200},"classes":[]},{"id":9772,"url":"https:\/\/www.wallendorff.com\/belogue\/2010\/11\/10\/the-black-keys-the-walkmen-le-bataclan-paris\/","url_meta":{"origin":8149,"position":2},"title":"The Black Keys + The Walkmen @ le Bataclan, Paris.","author":"dpc","date":"10 novembre 2010","format":false,"excerpt":"Thickfreakness | Girl Is on My Mind | 10\u00a0am Automatic | The Breaks | Stack Shot Billy | Busted | Act Nice and Gentle (The Kinks) | Everlasting Light | Next Girl | Chop and Change | Howlin' for You | She's Long Gone | Ten-Cent Pistol || I'll Be\u2026","rel":"","context":"Dans &quot;Alive&quot;","block_context":{"text":"Alive","link":"https:\/\/www.wallendorff.com\/belogue\/category\/alive\/"},"img":{"alt_text":"","src":"https:\/\/i0.wp.com\/www.wallendorff.com\/belogue\/wp-content\/uploads\/2015\/04\/201011101.jpg?resize=350%2C200&ssl=1","width":350,"height":200,"srcset":"https:\/\/i0.wp.com\/www.wallendorff.com\/belogue\/wp-content\/uploads\/2015\/04\/201011101.jpg?resize=350%2C200&ssl=1 1x, https:\/\/i0.wp.com\/www.wallendorff.com\/belogue\/wp-content\/uploads\/2015\/04\/201011101.jpg?resize=525%2C300&ssl=1 1.5x, https:\/\/i0.wp.com\/www.wallendorff.com\/belogue\/wp-content\/uploads\/2015\/04\/201011101.jpg?resize=700%2C400&ssl=1 2x"},"classes":[]},{"id":528,"url":"https:\/\/www.wallendorff.com\/belogue\/2004\/12\/18\/schripol-three-hours-three-pix\/","url_meta":{"origin":8149,"position":3},"title":"Schiphol, three hours, three pix.","author":"dpc","date":"18 d\u00e9cembre 2004","format":false,"excerpt":"Amsterdam, 5h56. Amsterdam, 7h38. Amsterdam, 8h57. Bande-son\u00a0: La pluie.","rel":"","context":"Dans &quot;DPC&quot;","block_context":{"text":"DPC","link":"https:\/\/www.wallendorff.com\/belogue\/category\/dpc\/"},"img":{"alt_text":"","src":"https:\/\/i0.wp.com\/www.wallendorff.com\/belogue\/wp-content\/uploads\/2015\/04\/405.jpg?resize=350%2C200&ssl=1","width":350,"height":200,"srcset":"https:\/\/i0.wp.com\/www.wallendorff.com\/belogue\/wp-content\/uploads\/2015\/04\/405.jpg?resize=350%2C200&ssl=1 1x, https:\/\/i0.wp.com\/www.wallendorff.com\/belogue\/wp-content\/uploads\/2015\/04\/405.jpg?resize=525%2C300&ssl=1 1.5x, https:\/\/i0.wp.com\/www.wallendorff.com\/belogue\/wp-content\/uploads\/2015\/04\/405.jpg?resize=700%2C400&ssl=1 2x"},"classes":[]},{"id":36487,"url":"https:\/\/www.wallendorff.com\/belogue\/2017\/11\/30\/black-rebel-motorcycle-club-paradiso-amsterdam-20-novembre\/","url_meta":{"origin":8149,"position":4},"title":"Black Rebel Motorcycle Club @ Paradiso, Amsterdam, 20 novembre.","author":"dpc","date":"30 novembre 2017","format":false,"excerpt":"Little Thing Gone Wild | Bandung Hum | Beat the Devil's Tattoo | Ain't No Easy Way | King of Bones | Berlin | Conscience Killer | Haunt | Question of Faith | White Palms \/ I Don't Wanna Be a Soldier (John Lennon cover) | Stop | Carried from\u2026","rel":"","context":"Dans &quot;Alive&quot;","block_context":{"text":"Alive","link":"https:\/\/www.wallendorff.com\/belogue\/category\/alive\/"},"img":{"alt_text":"","src":"https:\/\/i0.wp.com\/www.wallendorff.com\/belogue\/wp-content\/uploads\/2017\/11\/20171130-43.jpg?resize=350%2C200&ssl=1","width":350,"height":200,"srcset":"https:\/\/i0.wp.com\/www.wallendorff.com\/belogue\/wp-content\/uploads\/2017\/11\/20171130-43.jpg?resize=350%2C200&ssl=1 1x, https:\/\/i0.wp.com\/www.wallendorff.com\/belogue\/wp-content\/uploads\/2017\/11\/20171130-43.jpg?resize=525%2C300&ssl=1 1.5x, https:\/\/i0.wp.com\/www.wallendorff.com\/belogue\/wp-content\/uploads\/2017\/11\/20171130-43.jpg?resize=700%2C400&ssl=1 2x"},"classes":[]},{"id":32754,"url":"https:\/\/www.wallendorff.com\/belogue\/2016\/10\/24\/couloir-no-18-824\/","url_meta":{"origin":8149,"position":5},"title":"Couloir no 18 824.","author":"dpc","date":"24 octobre 2016","format":false,"excerpt":"Grand H\u00f4tel Amr\u00e2th, Amsterdam, 14 ao\u00fbt. Milwaukee \u2713 Londres \u2713 Sarajevo \u2713 Milan \u2713 Bruxelles \u2713 Dublin \u2713 West Harrison \u2713 Vienne \u2713 Amsterdam \u2713 Right \/ Wrong Night Beats","rel":"","context":"Dans &quot;DPC&quot;","block_context":{"text":"DPC","link":"https:\/\/www.wallendorff.com\/belogue\/category\/dpc\/"},"img":{"alt_text":"","src":"https:\/\/i0.wp.com\/www.wallendorff.com\/belogue\/wp-content\/uploads\/2016\/10\/20161024.jpg?resize=350%2C200&ssl=1","width":350,"height":200,"srcset":"https:\/\/i0.wp.com\/www.wallendorff.com\/belogue\/wp-content\/uploads\/2016\/10\/20161024.jpg?resize=350%2C200&ssl=1 1x, https:\/\/i0.wp.com\/www.wallendorff.com\/belogue\/wp-content\/uploads\/2016\/10\/20161024.jpg?resize=525%2C300&ssl=1 1.5x"},"classes":[]}],"_links":{"self":[{"href":"https:\/\/www.wallendorff.com\/belogue\/wp-json\/wp\/v2\/posts\/8149","targetHints":{"allow":["GET"]}}],"collection":[{"href":"https:\/\/www.wallendorff.com\/belogue\/wp-json\/wp\/v2\/posts"}],"about":[{"href":"https:\/\/www.wallendorff.com\/belogue\/wp-json\/wp\/v2\/types\/post"}],"author":[{"embeddable":true,"href":"https:\/\/www.wallendorff.com\/belogue\/wp-json\/wp\/v2\/users\/1"}],"replies":[{"embeddable":true,"href":"https:\/\/www.wallendorff.com\/belogue\/wp-json\/wp\/v2\/comments?post=8149"}],"version-history":[{"count":1,"href":"https:\/\/www.wallendorff.com\/belogue\/wp-json\/wp\/v2\/posts\/8149\/revisions"}],"predecessor-version":[{"id":17673,"href":"https:\/\/www.wallendorff.com\/belogue\/wp-json\/wp\/v2\/posts\/8149\/revisions\/17673"}],"wp:featuredmedia":[{"embeddable":true,"href":"https:\/\/www.wallendorff.com\/belogue\/wp-json\/wp\/v2\/media\/25870"}],"wp:attachment":[{"href":"https:\/\/www.wallendorff.com\/belogue\/wp-json\/wp\/v2\/media?parent=8149"}],"wp:term":[{"taxonomy":"category","embeddable":true,"href":"https:\/\/www.wallendorff.com\/belogue\/wp-json\/wp\/v2\/categories?post=8149"},{"taxonomy":"post_tag","embeddable":true,"href":"https:\/\/www.wallendorff.com\/belogue\/wp-json\/wp\/v2\/tags?post=8149"}],"curies":[{"name":"wp","href":"https:\/\/api.w.org\/{rel}","templated":true}]}}