{"id":813,"date":"2006-10-25T09:44:47","date_gmt":"2006-10-25T09:44:47","guid":{"rendered":"http:\/\/www.po-l.com\/wordpress\/?p=813"},"modified":"2013-01-10T12:23:59","modified_gmt":"2013-01-10T10:23:59","slug":"the-40-ans-of-the-rock-n-fluque-le-bataclan-paris","status":"publish","type":"post","link":"https:\/\/www.wallendorff.com\/belogue\/2006\/10\/25\/the-40-ans-of-the-rock-n-fluque-le-bataclan-paris\/","title":{"rendered":"The 40 ans of the Rock &#038; Fluque @ Le Bataclan, Paris."},"content":{"rendered":"<p class=\"petit\">Gr&acirc;ce soit rendue pour les 23 prochaines g&eacute;n&eacute;rations &agrave; Ath-les-bons-tuyaux pour le pr&ecirc;t du matos.<\/p>\n<div id=\"photo\">\n<p><img decoding=\"async\" src=\"https:\/\/www.wallendorff.com\/belogue\/photo\/2006\/10\/20061025-1.jpg\"\/><\/p>\n<\/div>\n<p>Appel&eacute; au dernier moment, Arriv&eacute;e pour le gros tube des Nazes<sup>1<\/sup>, <em>bar ouvert<\/em><sup>2<\/sup>, discours d&rsquo;entr&eacute;e du Man&oelig;uvre qui d&eacute;cid&eacute;ment est le plus dou&eacute; imitateur de Man&oelig;uvre au monde, Jacno insipide, super-groupe &agrave; base de Natasha-d&rsquo;AS-Dragon, de Sue-de-Pravda, de Yaroll-d&rsquo;FFF, de Katherine Gierak, de Matthieu Ch&eacute;did et d&rsquo;un peu des Hellboys, baston dans le public sur fond de <em>Johnny B. Goode<\/em>, douche &agrave; la bi&egrave;re [mon manteau qui sent encore], <em>Crosstown Traffic<\/em> et les doigts &eacute;patants de Ch&eacute;did chang&eacute; pour 5 minutes en Handrix, <em>Highway to Hell <\/em>parce que Darc arrive pas, concours du plus d&eacute;fonc&eacute; entre Patrick &laquo;&nbsp;tiens j&rsquo;ai pas branch&eacute; ma guitare&nbsp;&raquo; Eudeline et Daniel &laquo;&nbsp;oups j&rsquo;ai vomi dans mon harmonica&nbsp;&raquo; Darc [c&rsquo;est Darc qui gagne d&rsquo;un cheveu gr&acirc;ce &agrave; sa sortie titubante sur l&rsquo;&eacute;paule d&rsquo;un roadie<sup>3<\/sup>, malgr&eacute; la brillante d&eacute;monstration de smurf &eacute;thylique d&rsquo;Eudeline], <em>Cornflakes<\/em> magistral de Ch&eacute;did et <em>Sympathy for the Devil<\/em> &laquo;&nbsp;d&eacute;dicac&eacute; &agrave; Brian Jones&nbsp;&raquo; final o&ugrave; tout le monde termine sur sc&egrave;ne, public \u00e0 blouson de cuir inclus, avant un g&acirc;teau que quand je me casse une demi-heure plus tard ils en sont encore &agrave; le couper.<\/p>\n<div id=\"photo2\">\n<p><img decoding=\"async\" src=\"https:\/\/www.wallendorff.com\/belogue\/photo\/2006\/10\/20061025.jpg\"\/><\/p>\n<\/div>\n<p>Nan mais des soir&eacute;es comme &ccedil;a <em>c&rsquo;est g&eacute;niaaaal<\/em><sup>4<\/sup>. &Ccedil;a manquait un peu de rayures, juste. Joyeux 40 ans les gros.<\/p>\n<div id=\"bandeson\">\n<p><img decoding=\"async\" src=\"https:\/\/www.wallendorff.com\/belogue\/photo\/pochettes\/n\/naast-antichambre.jpg\" align=\"left\" \/>&nbsp;<a href=\"http:\/\/www.myspace.com\/lesnaast\">Les Nazes<\/a><sup>1<\/sup> &#8213; <em>Gros tube<\/em>        <\/p>\n<\/p><\/div>\n<p align=left>_____<\/p>\n<div id=\"bas_note\">\n<p><sup>1<\/sup> &Ccedil;a s&rsquo;&eacute;crit peut-&ecirc;tre Naast, note, je suis pas s&ucirc;r.<\/p>\n<p><sup>2<\/sup> Tous ensemble, promouvons l&rsquo;utilisation de phrases fran&ccedil;aises face &agrave; l&rsquo;invasion sanguinaire de l&rsquo;anglais dans le vocabulaires des soir&eacute;es fran&ccedil;aises.<\/p>\n<p><sup>3<\/sup> Roadie qui, au moment de l&rsquo;abandonner sur un canap&eacute;, lui a dit &laquo; Darc, va, dors &raquo;. Enfin peut-&ecirc;tre. Perso je l&rsquo;aurais fait, en tout cas.<\/p>\n<p><sup>4 <\/sup>&laquo;&nbsp;<em>C&rsquo;est g&eacute;niaaaal<\/em>&nbsp;&raquo; is a registered phrase from the Philippe Man&oelig;uvre International Fan Club. All Rights Reserved. <\/p>\n<\/div>\n","protected":false},"excerpt":{"rendered":"<p>Gr&acirc;ce soit rendue pour les 23 prochaines g&eacute;n&eacute;rations &agrave; Ath-les-bons-tuyaux pour le pr&ecirc;t du matos. Appel&eacute; au dernier moment, Arriv&eacute;e pour le gros tube des Nazes1, bar ouvert2, discours d&rsquo;entr&eacute;e du Man&oelig;uvre qui d&eacute;cid&eacute;ment est le plus dou&eacute; imitateur de Man&oelig;uvre au monde, Jacno insipide, super-groupe &agrave; base de Natasha-d&rsquo;AS-Dragon, de Sue-de-Pravda, de Yaroll-d&rsquo;FFF, de&hellip;<\/p>\n","protected":false},"author":1,"featured_media":24753,"comment_status":"open","ping_status":"open","sticky":false,"template":"","format":"standard","meta":{"_acf_changed":false,"ngg_post_thumbnail":0,"jetpack_post_was_ever_published":false,"_jetpack_newsletter_access":"","_jetpack_dont_email_post_to_subs":false,"_jetpack_newsletter_tier_id":0,"_jetpack_memberships_contains_paywalled_content":false,"_jetpack_memberships_contains_paid_content":false,"footnotes":"","jetpack_publicize_message":"","jetpack_publicize_feature_enabled":true,"jetpack_social_post_already_shared":false,"jetpack_social_options":{"image_generator_settings":{"template":"highway","default_image_id":0,"font":"","enabled":false},"version":2}},"categories":[7],"tags":[10742,174,10183,10084,142,1807,10120,10121,10332,10413,1805,10098,10411,10412],"class_list":["post-813","post","type-post","status-publish","format-standard","has-post-thumbnail","hentry","category-alive","tag-m","tag-174","tag-10183","tag-alive","tag-ef-s-10-22-mm-f35-45-usm","tag-eos-350d","tag-france","tag-ile-de-france","tag-le-bataclan","tag-mauvais-garcon","tag-naast","tag-paris","tag-philippe-manoeuvre","tag-rock-folk"],"acf":[],"geo":{"latitude":48.8629417,"longitude":2.370445,"description":"1-15 Passage Saint-Pierre Amelot, 75011 Paris, France"},"jetpack_publicize_connections":[],"jetpack_featured_media_url":"https:\/\/www.wallendorff.com\/belogue\/wp-content\/uploads\/2015\/04\/20061025-11.jpg","jetpack_shortlink":"https:\/\/wp.me\/p3b35P-d7","jetpack_sharing_enabled":true,"jetpack-related-posts":[{"id":838,"url":"https:\/\/www.wallendorff.com\/belogue\/2006\/11\/27\/previously-unreleased-47\/","url_meta":{"origin":813,"position":0},"title":"Previously unreleased #47\u00b9.","author":"dpc","date":"27 novembre 2006","format":false,"excerpt":"Mathieu Ch\u00e9did, 40 ans Rock n'Folk, le Bataclan, Paris, 24 octobre. \u00a0Thunderbirds Are Now! \u2013 Eat This City _____ 1 Concept trop yeah chez cette jeune fille d\u00e9rob\u00e9.","rel":"","context":"Dans &quot;Previously unreleased&quot;","block_context":{"text":"Previously unreleased","link":"https:\/\/www.wallendorff.com\/belogue\/category\/previously-unreleased\/"},"img":{"alt_text":"","src":"https:\/\/i0.wp.com\/www.wallendorff.com\/belogue\/wp-content\/uploads\/2015\/04\/200611271.jpg?resize=350%2C200&ssl=1","width":350,"height":200},"classes":[]},{"id":130445,"url":"https:\/\/www.wallendorff.com\/belogue\/2024\/08\/31\/flogging-molly-le-bataclan-paris-27-aout-2024\/","url_meta":{"origin":813,"position":1},"title":"Flogging Molly @ le Bataclan, Paris, 27 ao\u00fbt 2024.","author":"dpc","date":"31 ao\u00fbt 2024","format":false,"excerpt":"Drunken Lullabies | The Hand of John L. Sullivan | Swagger | (Try) Keep the Man Down | Whistles the Wind | Life in a Tenement Square | A Song of Liberty | Tobacco Island | The Croppy Boy '98 | Float | Saints & Sinners | Rebels of the\u2026","rel":"","context":"Dans &quot;Alive&quot;","block_context":{"text":"Alive","link":"https:\/\/www.wallendorff.com\/belogue\/category\/alive\/"},"img":{"alt_text":"","src":"https:\/\/i0.wp.com\/www.wallendorff.com\/belogue\/wp-content\/uploads\/2024\/08\/20240830-26.jpg?resize=350%2C200&ssl=1","width":350,"height":200,"srcset":"https:\/\/i0.wp.com\/www.wallendorff.com\/belogue\/wp-content\/uploads\/2024\/08\/20240830-26.jpg?resize=350%2C200&ssl=1 1x, https:\/\/i0.wp.com\/www.wallendorff.com\/belogue\/wp-content\/uploads\/2024\/08\/20240830-26.jpg?resize=525%2C300&ssl=1 1.5x, https:\/\/i0.wp.com\/www.wallendorff.com\/belogue\/wp-content\/uploads\/2024\/08\/20240830-26.jpg?resize=700%2C400&ssl=1 2x, https:\/\/i0.wp.com\/www.wallendorff.com\/belogue\/wp-content\/uploads\/2024\/08\/20240830-26.jpg?resize=1050%2C600&ssl=1 3x"},"classes":[]},{"id":4080,"url":"https:\/\/www.wallendorff.com\/belogue\/2009\/03\/28\/eagles-of-death-metal-le-bataclan-paris\/","url_meta":{"origin":813,"position":2},"title":"Eagles of Death Metal @ le Bataclan, Paris.","author":"dpc","date":"28 mars 2009","format":false,"excerpt":"\u00a0 Ghinzu \u2013 Kill the Surfer Il y a quelque chose de jouissif \u00e0 se faire \u00e9craser par les rangs de derri\u00e8re alors qu'on s'agrippe d'une main \u00e0 la sc\u00e8ne et que de l'autre on tient le fotoapparat, tout bloqu\u00e9 en manuel et en autofocus \u00e0 t\u00eate chercheuse. On n'est\u2026","rel":"","context":"Dans &quot;Alive&quot;","block_context":{"text":"Alive","link":"https:\/\/www.wallendorff.com\/belogue\/category\/alive\/"},"img":{"alt_text":"","src":"https:\/\/i0.wp.com\/www.wallendorff.com\/belogue\/wp-content\/uploads\/2015\/04\/200903281.jpg?resize=350%2C200&ssl=1","width":350,"height":200,"srcset":"https:\/\/i0.wp.com\/www.wallendorff.com\/belogue\/wp-content\/uploads\/2015\/04\/200903281.jpg?resize=350%2C200&ssl=1 1x, https:\/\/i0.wp.com\/www.wallendorff.com\/belogue\/wp-content\/uploads\/2015\/04\/200903281.jpg?resize=525%2C300&ssl=1 1.5x, https:\/\/i0.wp.com\/www.wallendorff.com\/belogue\/wp-content\/uploads\/2015\/04\/200903281.jpg?resize=700%2C400&ssl=1 2x"},"classes":[]},{"id":829,"url":"https:\/\/www.wallendorff.com\/belogue\/2006\/11\/16\/the-killers-le-bataclan-paris\/","url_meta":{"origin":813,"position":3},"title":"The Killers @ le Bataclan, Paris","author":"dpc","date":"16 novembre 2006","format":false,"excerpt":"Dans le Bataclan \u00e7a parle anglais partout, encore plus qu'\u00e0 Hard Fi en mars dernier [et peut-\u00eatre autant que pour Doherty lundi, d'ailleurs]. Les Killers \u00e9tonnent\u00a0: la brochette de poseurs gommeux imbus de leur personnes \u00e0 laquelle je m'attendais est en fait un groupe souriant et manifestement heureux de jouer,\u2026","rel":"","context":"Dans &quot;Alive&quot;","block_context":{"text":"Alive","link":"https:\/\/www.wallendorff.com\/belogue\/category\/alive\/"},"img":{"alt_text":"","src":"https:\/\/i0.wp.com\/www.wallendorff.com\/belogue\/wp-content\/uploads\/2015\/04\/200611161.jpg?resize=350%2C200&ssl=1","width":350,"height":200},"classes":[]},{"id":134358,"url":"https:\/\/www.wallendorff.com\/belogue\/2025\/11\/13\/encyclies\/","url_meta":{"origin":813,"position":4},"title":"Encyclies.","author":"dpc","date":"13 novembre 2025","format":false,"excerpt":"Paris, 2015 \u2013 2024. Encyclies. Des ronds dans l\u2019eau. Ces millions d\u2019ondes de r\u00e9percussion qu'ont provoqu\u00e9 nos vies lanc\u00e9es \u00e0 pleine vitesse dans le marais du drame. Des ondes qui en ont cr\u00e9\u00e9 d\u2019autres, qui encore aujourd\u2019hui se croisent, se percutent, se conjuguent.Voil\u00e0 10 ans que les pierres de nos\u2026","rel":"","context":"Dans &quot;DPC&quot;","block_context":{"text":"DPC","link":"https:\/\/www.wallendorff.com\/belogue\/category\/dpc\/"},"img":{"alt_text":"","src":"https:\/\/i0.wp.com\/www.wallendorff.com\/belogue\/wp-content\/uploads\/2025\/11\/20251113-05.jpg?resize=350%2C200&ssl=1","width":350,"height":200,"srcset":"https:\/\/i0.wp.com\/www.wallendorff.com\/belogue\/wp-content\/uploads\/2025\/11\/20251113-05.jpg?resize=350%2C200&ssl=1 1x, https:\/\/i0.wp.com\/www.wallendorff.com\/belogue\/wp-content\/uploads\/2025\/11\/20251113-05.jpg?resize=525%2C300&ssl=1 1.5x, https:\/\/i0.wp.com\/www.wallendorff.com\/belogue\/wp-content\/uploads\/2025\/11\/20251113-05.jpg?resize=700%2C400&ssl=1 2x, https:\/\/i0.wp.com\/www.wallendorff.com\/belogue\/wp-content\/uploads\/2025\/11\/20251113-05.jpg?resize=1050%2C600&ssl=1 3x"},"classes":[]},{"id":34387,"url":"https:\/\/www.wallendorff.com\/belogue\/2017\/07\/05\/flogging-molly-le-bataclan-paris-2\/","url_meta":{"origin":813,"position":5},"title":"Flogging Molly @ le Bataclan, Paris.","author":"dpc","date":"5 juillet 2017","format":false,"excerpt":"J\u2019ai d\u00e9j\u00e0 expliqu\u00e9 ce qui m'attache \u00e0 Flogging Molly et ne reviendrai pas dessus. Ce que je vis du concert d\u2019hier soir, c\u2019est-\u00e0-dire 4 titres, \u2013\u00a0les photographes devaient d\u00e9guerpir apr\u00e8s trois-titres-sans-flash et, entre nous, pour l\u2019instant, je ne tra\u00eene pas au Bataclan plus que n\u00e9cessaire\u00a0\u2013, fut fid\u00e8le au th\u00e8me que\u2026","rel":"","context":"Dans &quot;Alive&quot;","block_context":{"text":"Alive","link":"https:\/\/www.wallendorff.com\/belogue\/category\/alive\/"},"img":{"alt_text":"","src":"https:\/\/i0.wp.com\/www.wallendorff.com\/belogue\/wp-content\/uploads\/2017\/07\/20170705-08.jpg?resize=350%2C200&ssl=1","width":350,"height":200,"srcset":"https:\/\/i0.wp.com\/www.wallendorff.com\/belogue\/wp-content\/uploads\/2017\/07\/20170705-08.jpg?resize=350%2C200&ssl=1 1x, https:\/\/i0.wp.com\/www.wallendorff.com\/belogue\/wp-content\/uploads\/2017\/07\/20170705-08.jpg?resize=525%2C300&ssl=1 1.5x, https:\/\/i0.wp.com\/www.wallendorff.com\/belogue\/wp-content\/uploads\/2017\/07\/20170705-08.jpg?resize=700%2C400&ssl=1 2x"},"classes":[]}],"_links":{"self":[{"href":"https:\/\/www.wallendorff.com\/belogue\/wp-json\/wp\/v2\/posts\/813","targetHints":{"allow":["GET"]}}],"collection":[{"href":"https:\/\/www.wallendorff.com\/belogue\/wp-json\/wp\/v2\/posts"}],"about":[{"href":"https:\/\/www.wallendorff.com\/belogue\/wp-json\/wp\/v2\/types\/post"}],"author":[{"embeddable":true,"href":"https:\/\/www.wallendorff.com\/belogue\/wp-json\/wp\/v2\/users\/1"}],"replies":[{"embeddable":true,"href":"https:\/\/www.wallendorff.com\/belogue\/wp-json\/wp\/v2\/comments?post=813"}],"version-history":[{"count":2,"href":"https:\/\/www.wallendorff.com\/belogue\/wp-json\/wp\/v2\/posts\/813\/revisions"}],"predecessor-version":[{"id":20087,"href":"https:\/\/www.wallendorff.com\/belogue\/wp-json\/wp\/v2\/posts\/813\/revisions\/20087"}],"wp:featuredmedia":[{"embeddable":true,"href":"https:\/\/www.wallendorff.com\/belogue\/wp-json\/wp\/v2\/media\/24753"}],"wp:attachment":[{"href":"https:\/\/www.wallendorff.com\/belogue\/wp-json\/wp\/v2\/media?parent=813"}],"wp:term":[{"taxonomy":"category","embeddable":true,"href":"https:\/\/www.wallendorff.com\/belogue\/wp-json\/wp\/v2\/categories?post=813"},{"taxonomy":"post_tag","embeddable":true,"href":"https:\/\/www.wallendorff.com\/belogue\/wp-json\/wp\/v2\/tags?post=813"}],"curies":[{"name":"wp","href":"https:\/\/api.w.org\/{rel}","templated":true}]}}