{"id":812,"date":"2006-10-24T08:35:53","date_gmt":"2006-10-24T08:35:53","guid":{"rendered":"http:\/\/www.po-l.com\/wordpress\/?p=812"},"modified":"2012-07-08T12:09:47","modified_gmt":"2012-07-08T10:09:47","slug":"10ans-je-passe-1","status":"publish","type":"post","link":"https:\/\/www.wallendorff.com\/belogue\/2006\/10\/24\/10ans-je-passe-1\/","title":{"rendered":"10 ans je passe #1\u00b9."},"content":{"rendered":"\n<div id=\"photo\">\n<p><img decoding=\"async\" src=\"https:\/\/www.wallendorff.com\/belogue\/photo\/2006\/10\/20061024.jpg\"\/><br \/>\n          Internat du lyc&eacute;e Bazin, Charleville-M&eacute;zi&egrave;res, 24 octobre 1996.<\/p>\n<\/p><\/div>\n<p style=\"text-align:right\">[&ldquo;<em>Have you the belief that the road ahead<br \/>\n        Ascends off into the light?<\/em>&rdquo;]<\/p>\n<p style=\"text-align:right\">Je sais pas.<\/p>\n<p style=\"text-align:right\">Mais ce qui est cool, c&rsquo;est d&rsquo;avoir toujours autant de cheveux.<\/p>\n<div id=\"bandeson\">\n<p><img decoding=\"async\" src=\"https:\/\/www.wallendorff.com\/belogue\/photo\/pochettes\/p\/pearl_jam-no_code.jpg\" align=\"left\" \/>&nbsp;<a href=\"http:\/\/www.tenclub.net\/\">Pearl Jam<\/a> &ndash; <em>Present Tense<\/em><\/p>\n<\/p><\/div>\n<p>_____<\/p>\n<div id=\"bas_note\">\n<p><sup>1<\/sup> Jeu de mot peut-&ecirc;tre moins compr&eacute;hensible que <a href=\"https:\/\/www.wallendorff.com\/belogue\/2005\/04\/09\/un-an-je-passe\/\">l&agrave;<\/a>, <a href=\"https:\/\/www.wallendorff.com\/belogue\/2005\/09\/17\/un-an-je-passe-2\/\">l&agrave;<\/a> ou <a href=\"https:\/\/www.wallendorff.com\/belogue\/2005\/12\/11\/un-an-je-passe-3\/\">l&agrave;<\/a>, mais on ne va pas chipoter non plus, hein.<\/p>\n<\/p><\/div>\n","protected":false},"excerpt":{"rendered":"<p>Internat du lyc&eacute;e Bazin, Charleville-M&eacute;zi&egrave;res, 24 octobre 1996. [&ldquo;Have you the belief that the road ahead Ascends off into the light?&rdquo;] Je sais pas. Mais ce qui est cool, c&rsquo;est d&rsquo;avoir toujours autant de cheveux. &nbsp;Pearl Jam &ndash; Present Tense _____ 1 Jeu de mot peut-&ecirc;tre moins compr&eacute;hensible que l&agrave;, l&agrave; ou l&agrave;, mais on&hellip;<\/p>\n","protected":false},"author":1,"featured_media":24752,"comment_status":"open","ping_status":"open","sticky":false,"template":"","format":"standard","meta":{"_acf_changed":false,"ngg_post_thumbnail":0,"jetpack_post_was_ever_published":false,"_jetpack_newsletter_access":"","_jetpack_dont_email_post_to_subs":false,"_jetpack_newsletter_tier_id":0,"_jetpack_memberships_contains_paywalled_content":false,"_jetpack_memberships_contains_paid_content":false,"footnotes":"","jetpack_publicize_message":"","jetpack_publicize_feature_enabled":true,"jetpack_social_post_already_shared":false,"jetpack_social_options":{"image_generator_settings":{"template":"highway","default_image_id":0,"font":"","enabled":false},"version":2}},"categories":[3],"tags":[10131,10255,10254,10321,10120,1801,1800,1799,449,143,10165,1802],"class_list":["post-812","post","type-post","status-publish","format-standard","has-post-thumbnail","hentry","category-dpc","tag-anniversaire","tag-ardenne","tag-champagne-ardenne","tag-charleville-mezieres","tag-france","tag-internat","tag-lycee","tag-lycee-francois-bazin","tag-moi","tag-noir-et-blanc","tag-pearl-jam","tag-present-tense"],"acf":[],"geo":{"latitude":49.7715797,"longitude":4.7063541,"description":null},"jetpack_publicize_connections":[],"jetpack_featured_media_url":"https:\/\/www.wallendorff.com\/belogue\/wp-content\/uploads\/2015\/04\/200610241.jpg","jetpack_shortlink":"https:\/\/wp.me\/p3b35P-d6","jetpack_sharing_enabled":true,"jetpack-related-posts":[{"id":46,"url":"https:\/\/www.wallendorff.com\/belogue\/2006\/07\/15\/d-etre-un\/","url_meta":{"origin":812,"position":0},"title":"D&rsquo;&ecirc;tre un.","author":"dpc","date":"15 juillet 2006","format":false,"excerpt":"Gare SNCF, Charleville-M\u00e9zi\u00e8res, 14 juillet. On t'a laiss\u00e9 sur un quai de la gare de l'Est et tu t'es \u00e9croul\u00e9 dans un Corail vide sans voir passer \u00c9pernay, ni Reims, \u00e0 peine Rethel. Tu t'es r\u00e9veill\u00e9 en \u00e9coutant des mecs qui aiment la bi\u00e8re et BonJovi et qui pensent manifestement\u2026","rel":"","context":"Dans &quot;DPC&quot;","block_context":{"text":"DPC","link":"https:\/\/www.wallendorff.com\/belogue\/category\/dpc\/"},"img":{"alt_text":"","src":"https:\/\/i0.wp.com\/www.wallendorff.com\/belogue\/wp-content\/uploads\/2015\/04\/200607151.jpg?resize=350%2C200&ssl=1","width":350,"height":200,"srcset":"https:\/\/i0.wp.com\/www.wallendorff.com\/belogue\/wp-content\/uploads\/2015\/04\/200607151.jpg?resize=350%2C200&ssl=1 1x, https:\/\/i0.wp.com\/www.wallendorff.com\/belogue\/wp-content\/uploads\/2015\/04\/200607151.jpg?resize=525%2C300&ssl=1 1.5x"},"classes":[]},{"id":13190,"url":"https:\/\/www.wallendorff.com\/belogue\/2011\/08\/31\/the-wombats-le-cabaret-vert-charleville-mezieres-26-aout\/","url_meta":{"origin":812,"position":1},"title":"The Wombats @ le Cabaret Vert, Charleville-M\u00e9zi\u00e8res, 26 ao\u00fbt.","author":"dpc","date":"31 ao\u00fbt 2011","format":false,"excerpt":"\u00a0The Wombats \u2013 1996 [youtube]http:\/\/www.youtube.com\/watch?v=m3ZwhfIG6cw[\/youtube]","rel":"","context":"Dans &quot;Alive&quot;","block_context":{"text":"Alive","link":"https:\/\/www.wallendorff.com\/belogue\/category\/alive\/"},"img":{"alt_text":"","src":"https:\/\/i0.wp.com\/www.wallendorff.com\/belogue\/wp-content\/uploads\/2015\/04\/201108311.jpg?resize=350%2C200&ssl=1","width":350,"height":200,"srcset":"https:\/\/i0.wp.com\/www.wallendorff.com\/belogue\/wp-content\/uploads\/2015\/04\/201108311.jpg?resize=350%2C200&ssl=1 1x, https:\/\/i0.wp.com\/www.wallendorff.com\/belogue\/wp-content\/uploads\/2015\/04\/201108311.jpg?resize=525%2C300&ssl=1 1.5x, https:\/\/i0.wp.com\/www.wallendorff.com\/belogue\/wp-content\/uploads\/2015\/04\/201108311.jpg?resize=700%2C400&ssl=1 2x"},"classes":[]},{"id":49441,"url":"https:\/\/www.wallendorff.com\/belogue\/2021\/08\/31\/festival-face-b-charleville-mezieres-29-aout-2021\/","url_meta":{"origin":812,"position":2},"title":"Festival Face B, Charleville-M\u00e9zi\u00e8res, 29 ao\u00fbt 2021.","author":"dpc","date":"31 ao\u00fbt 2021","format":false,"excerpt":"Avec Delgr\u00e8s, Pomme et Stephan Eicher. Delgr\u00e8s @ Festival Face B, Charleville-M\u00e9zi\u00e8res, 29\/08\/2021 Festival Face B, Charleville-M\u00e9zi\u00e8res, 29\/08\/2021 Delgr\u00e8s @ Festival Face B, Charleville-M\u00e9zi\u00e8res, 29\/08\/2021 Festival Face B, Charleville-M\u00e9zi\u00e8res, 29\/08\/2021 Delgr\u00e8s @ Festival Face B, Charleville-M\u00e9zi\u00e8res, 29\/08\/2021 Festival Face B, Charleville-M\u00e9zi\u00e8res, 29\/08\/2021 Delgr\u00e8s @ Festival Face B, Charleville-M\u00e9zi\u00e8res, 29\/08\/2021 Delgr\u00e8s\u2026","rel":"","context":"Dans &quot;Alive&quot;","block_context":{"text":"Alive","link":"https:\/\/www.wallendorff.com\/belogue\/category\/alive\/"},"img":{"alt_text":"","src":"https:\/\/i0.wp.com\/www.wallendorff.com\/belogue\/wp-content\/uploads\/2021\/08\/20210830-36.jpg?resize=350%2C200&ssl=1","width":350,"height":200,"srcset":"https:\/\/i0.wp.com\/www.wallendorff.com\/belogue\/wp-content\/uploads\/2021\/08\/20210830-36.jpg?resize=350%2C200&ssl=1 1x, https:\/\/i0.wp.com\/www.wallendorff.com\/belogue\/wp-content\/uploads\/2021\/08\/20210830-36.jpg?resize=525%2C300&ssl=1 1.5x, https:\/\/i0.wp.com\/www.wallendorff.com\/belogue\/wp-content\/uploads\/2021\/08\/20210830-36.jpg?resize=700%2C400&ssl=1 2x, https:\/\/i0.wp.com\/www.wallendorff.com\/belogue\/wp-content\/uploads\/2021\/08\/20210830-36.jpg?resize=1050%2C600&ssl=1 3x"},"classes":[]},{"id":43464,"url":"https:\/\/www.wallendorff.com\/belogue\/2019\/08\/24\/le-cabaret-vert-2019-charleville-mezieres-jour-1\/","url_meta":{"origin":812,"position":3},"title":"Le Cabaret Vert 2019, Charleville-M\u00e9zi\u00e8res, jour 1.","author":"dpc","date":"24 ao\u00fbt 2019","format":false,"excerpt":"","rel":"","context":"Dans &quot;Alive&quot;","block_context":{"text":"Alive","link":"https:\/\/www.wallendorff.com\/belogue\/category\/alive\/"},"img":{"alt_text":"","src":"https:\/\/i0.wp.com\/www.wallendorff.com\/belogue\/wp-content\/uploads\/2019\/08\/20190824-01.jpg?resize=350%2C200&ssl=1","width":350,"height":200,"srcset":"https:\/\/i0.wp.com\/www.wallendorff.com\/belogue\/wp-content\/uploads\/2019\/08\/20190824-01.jpg?resize=350%2C200&ssl=1 1x, https:\/\/i0.wp.com\/www.wallendorff.com\/belogue\/wp-content\/uploads\/2019\/08\/20190824-01.jpg?resize=525%2C300&ssl=1 1.5x, https:\/\/i0.wp.com\/www.wallendorff.com\/belogue\/wp-content\/uploads\/2019\/08\/20190824-01.jpg?resize=700%2C400&ssl=1 2x, https:\/\/i0.wp.com\/www.wallendorff.com\/belogue\/wp-content\/uploads\/2019\/08\/20190824-01.jpg?resize=1050%2C600&ssl=1 3x"},"classes":[]},{"id":43562,"url":"https:\/\/www.wallendorff.com\/belogue\/2019\/08\/25\/le-cabaret-vert-2019-charleville-mezieres-jour-2\/","url_meta":{"origin":812,"position":4},"title":"Le Cabaret Vert 2019, Charleville-M\u00e9zi\u00e8res, jour 2","author":"dpc","date":"25 ao\u00fbt 2019","format":false,"excerpt":"","rel":"","context":"Dans &quot;Alive&quot;","block_context":{"text":"Alive","link":"https:\/\/www.wallendorff.com\/belogue\/category\/alive\/"},"img":{"alt_text":"","src":"https:\/\/i0.wp.com\/www.wallendorff.com\/belogue\/wp-content\/uploads\/2019\/08\/20190825-84.jpg?resize=350%2C200&ssl=1","width":350,"height":200,"srcset":"https:\/\/i0.wp.com\/www.wallendorff.com\/belogue\/wp-content\/uploads\/2019\/08\/20190825-84.jpg?resize=350%2C200&ssl=1 1x, https:\/\/i0.wp.com\/www.wallendorff.com\/belogue\/wp-content\/uploads\/2019\/08\/20190825-84.jpg?resize=525%2C300&ssl=1 1.5x, https:\/\/i0.wp.com\/www.wallendorff.com\/belogue\/wp-content\/uploads\/2019\/08\/20190825-84.jpg?resize=700%2C400&ssl=1 2x, https:\/\/i0.wp.com\/www.wallendorff.com\/belogue\/wp-content\/uploads\/2019\/08\/20190825-84.jpg?resize=1050%2C600&ssl=1 3x"},"classes":[]},{"id":49378,"url":"https:\/\/www.wallendorff.com\/belogue\/2021\/08\/29\/festival-face-b-charleville-mezieres-28-aout-2021\/","url_meta":{"origin":812,"position":5},"title":"Festival Face B, Charleville-M\u00e9zi\u00e8res, 28 ao\u00fbt 2021.","author":"dpc","date":"29 ao\u00fbt 2021","format":false,"excerpt":"Avec Soso Maness, IAM, PLK et Vladimir Cauchemar. Festival Face B, Charleville-M\u00e9zi\u00e8res, 28\/08\/2021 Festival Face B, Charleville-M\u00e9zi\u00e8res, 28\/08\/2021 Soso Maness @ Festival Face B, Charleville-M\u00e9zi\u00e8res, 28\/08\/2021 Festival Face B, Charleville-M\u00e9zi\u00e8res, 28\/08\/2021 Soso Maness @ Festival Face B, Charleville-M\u00e9zi\u00e8res, 28\/08\/2021 Festival Face B, Charleville-M\u00e9zi\u00e8res, 28\/08\/2021 Festival Face B, Charleville-M\u00e9zi\u00e8res, 28\/08\/2021 Soso\u2026","rel":"","context":"Dans &quot;Alive&quot;","block_context":{"text":"Alive","link":"https:\/\/www.wallendorff.com\/belogue\/category\/alive\/"},"img":{"alt_text":"","src":"https:\/\/i0.wp.com\/www.wallendorff.com\/belogue\/wp-content\/uploads\/2021\/08\/20210829-47.jpg?resize=350%2C200&ssl=1","width":350,"height":200,"srcset":"https:\/\/i0.wp.com\/www.wallendorff.com\/belogue\/wp-content\/uploads\/2021\/08\/20210829-47.jpg?resize=350%2C200&ssl=1 1x, https:\/\/i0.wp.com\/www.wallendorff.com\/belogue\/wp-content\/uploads\/2021\/08\/20210829-47.jpg?resize=525%2C300&ssl=1 1.5x, https:\/\/i0.wp.com\/www.wallendorff.com\/belogue\/wp-content\/uploads\/2021\/08\/20210829-47.jpg?resize=700%2C400&ssl=1 2x, https:\/\/i0.wp.com\/www.wallendorff.com\/belogue\/wp-content\/uploads\/2021\/08\/20210829-47.jpg?resize=1050%2C600&ssl=1 3x"},"classes":[]}],"_links":{"self":[{"href":"https:\/\/www.wallendorff.com\/belogue\/wp-json\/wp\/v2\/posts\/812","targetHints":{"allow":["GET"]}}],"collection":[{"href":"https:\/\/www.wallendorff.com\/belogue\/wp-json\/wp\/v2\/posts"}],"about":[{"href":"https:\/\/www.wallendorff.com\/belogue\/wp-json\/wp\/v2\/types\/post"}],"author":[{"embeddable":true,"href":"https:\/\/www.wallendorff.com\/belogue\/wp-json\/wp\/v2\/users\/1"}],"replies":[{"embeddable":true,"href":"https:\/\/www.wallendorff.com\/belogue\/wp-json\/wp\/v2\/comments?post=812"}],"version-history":[{"count":1,"href":"https:\/\/www.wallendorff.com\/belogue\/wp-json\/wp\/v2\/posts\/812\/revisions"}],"predecessor-version":[{"id":18130,"href":"https:\/\/www.wallendorff.com\/belogue\/wp-json\/wp\/v2\/posts\/812\/revisions\/18130"}],"wp:featuredmedia":[{"embeddable":true,"href":"https:\/\/www.wallendorff.com\/belogue\/wp-json\/wp\/v2\/media\/24752"}],"wp:attachment":[{"href":"https:\/\/www.wallendorff.com\/belogue\/wp-json\/wp\/v2\/media?parent=812"}],"wp:term":[{"taxonomy":"category","embeddable":true,"href":"https:\/\/www.wallendorff.com\/belogue\/wp-json\/wp\/v2\/categories?post=812"},{"taxonomy":"post_tag","embeddable":true,"href":"https:\/\/www.wallendorff.com\/belogue\/wp-json\/wp\/v2\/tags?post=812"}],"curies":[{"name":"wp","href":"https:\/\/api.w.org\/{rel}","templated":true}]}}