{"id":811,"date":"2006-10-23T11:12:12","date_gmt":"2006-10-23T11:12:12","guid":{"rendered":"http:\/\/www.po-l.com\/wordpress\/?p=811"},"modified":"2012-07-06T09:37:23","modified_gmt":"2012-07-06T07:37:23","slug":"it-s-a-long-road-there-s-no-turning-back","status":"publish","type":"post","link":"https:\/\/www.wallendorff.com\/belogue\/2006\/10\/23\/it-s-a-long-road-there-s-no-turning-back\/","title":{"rendered":"It&rsquo;s a long road there&rsquo;s no turning back."},"content":{"rendered":"\n<div id=\"photo\">\n<p><img decoding=\"async\" src=\"https:\/\/www.wallendorff.com\/belogue\/photo\/2006\/10\/20061023.jpg\"\/><br \/>\n          Avenue Lefru-Frollin, Paris, 21 octobre.<\/p>\n<\/p><\/div>\n<p>Face aux lundis d&eacute;primants o&ugrave; la fatigue te submerge de son long voile t&eacute;n&eacute;breux dans les fumerolles de ton caf&eacute; noir, heureusement qu&rsquo;il te reste le <a href=\"http:\/\/www.couleur3.ch\/fr\/rsr.html?siteSect=4002\">Son du Jour de Couleur 3<\/a> du jour, le <a href=\"http:\/\/vox.skynetblogs.be\/post\/3806659\">Vox du J&eacute;r&ocirc;me Colin de la semaine qui devient quotidien<\/a> du jour, ainsi que ton Photoshop du jour que tu t&rsquo;es enfin motiv&eacute; &agrave; refaire une nouvelle bordure pour tes photos pour sauver ton d&eacute;but de semaine de ta vie humaine. Yo.<\/p>\n<div id=\"bandeson\">\n<p><img decoding=\"async\" src=\"https:\/\/www.wallendorff.com\/belogue\/photo\/pochettes\/h\/herman_dune-giant.jpg\" align=\"left\" \/>&nbsp;<a href=\"http:\/\/www.hermandune.com\/\">Herman D\u00fcne<\/a> &ndash; <em>I Wish That I Could See You Soon<\/em><\/p>\n<\/p><\/div>\n","protected":false},"excerpt":{"rendered":"<p>Avenue Lefru-Frollin, Paris, 21 octobre. Face aux lundis d&eacute;primants o&ugrave; la fatigue te submerge de son long voile t&eacute;n&eacute;breux dans les fumerolles de ton caf&eacute; noir, heureusement qu&rsquo;il te reste le Son du Jour de Couleur 3 du jour, le Vox du J&eacute;r&ocirc;me Colin de la semaine qui devient quotidien du jour, ainsi que ton&hellip;<\/p>\n","protected":false},"author":1,"featured_media":24751,"comment_status":"open","ping_status":"open","sticky":false,"template":"","format":"standard","meta":{"_acf_changed":false,"ngg_post_thumbnail":0,"jetpack_post_was_ever_published":false,"_jetpack_newsletter_access":"","_jetpack_dont_email_post_to_subs":false,"_jetpack_newsletter_tier_id":0,"_jetpack_memberships_contains_paywalled_content":false,"_jetpack_memberships_contains_paid_content":false,"footnotes":"","jetpack_publicize_message":"","jetpack_publicize_feature_enabled":true,"jetpack_social_post_already_shared":false,"jetpack_social_options":{"image_generator_settings":{"template":"highway","default_image_id":0,"font":"","enabled":false},"version":2}},"categories":[3],"tags":[10271,10410,737,181,132,10130,10120,1797,1798,10121,10098,10351,180],"class_list":["post-811","post","type-post","status-publish","format-standard","has-post-thumbnail","hentry","category-dpc","tag-10271","tag-avenue-ledru-rollin","tag-bleu","tag-ef-70-200-mm-f28l-usm","tag-eos-20d","tag-couleur-3","tag-france","tag-herman-dune","tag-i-wish-that-i-could-see-you-soon","tag-ile-de-france","tag-paris","tag-rue","tag-vox"],"acf":[],"geo":{"latitude":48.8481331,"longitude":2.3716092,"description":null},"jetpack_publicize_connections":[],"jetpack_featured_media_url":"https:\/\/www.wallendorff.com\/belogue\/wp-content\/uploads\/2015\/04\/200610231.jpg","jetpack_shortlink":"https:\/\/wp.me\/p3b35P-d5","jetpack_sharing_enabled":true,"jetpack-related-posts":[{"id":1381,"url":"https:\/\/www.wallendorff.com\/belogue\/2006\/06\/30\/und-jetzt-nach-belfort-2\/","url_meta":{"origin":811,"position":0},"title":"Und Jetzt, Nach Belfort.","author":"dpc","date":"30 juin 2006","format":false,"excerpt":"Bus nonante-six, Paris, 23 juin. Comme Meg White, moi aussi je me teins en blonde pour ne pas qu'on me reconnaisse, je l\u00e8ve les bras bien haut et allez, c'est parti, demain je retourne \u00e0 Memphis sur l'autoroute 61, oui madame, oui madame, oui madame, ou \u00e0 d\u00e9faut \u00e0 Belfort\u2026","rel":"","context":"Dans &quot;DPC&quot;","block_context":{"text":"DPC","link":"https:\/\/www.wallendorff.com\/belogue\/category\/dpc\/"},"img":{"alt_text":"","src":"https:\/\/i0.wp.com\/www.wallendorff.com\/belogue\/wp-content\/uploads\/2015\/04\/200606301.jpg?resize=350%2C200&ssl=1","width":350,"height":200},"classes":[]},{"id":931,"url":"https:\/\/www.wallendorff.com\/belogue\/2007\/04\/11\/herman-dune-le-bataclan-paris\/","url_meta":{"origin":811,"position":1},"title":"Herman D\u00fcne @ le Bataclan, Paris.","author":"dpc","date":"11 avril 2007","format":false,"excerpt":"On r\u00e9sume pour aller vite\u00a0: Toujours se m\u00e9fier des concerts T\u00e9l\u00e9rama, \u00e7a attire une faune amorphe et blas\u00e9e contagieuse. Herman D\u00fcne, c'est bien... ... Sauf quand ils font dans le folklore caucasien. ... Sauf quand se pointe leur saxophoniste qui ressemble \u00e0 Z\u00e9gut, l'oreille musicale en moins. Sinon c'est bien\u00a0:\u2026","rel":"","context":"Dans &quot;Alive&quot;","block_context":{"text":"Alive","link":"https:\/\/www.wallendorff.com\/belogue\/category\/alive\/"},"img":{"alt_text":"","src":"https:\/\/i0.wp.com\/www.wallendorff.com\/belogue\/wp-content\/uploads\/2015\/04\/200704111.jpg?resize=350%2C200&ssl=1","width":350,"height":200},"classes":[]},{"id":124851,"url":"https:\/\/www.wallendorff.com\/belogue\/2023\/06\/29\/at-home-astro-salon-international-de-laeronautique-et-de-lespace-le-bourget-20-et-22-juin-2023\/","url_meta":{"origin":811,"position":2},"title":"At Home Astro @ Salon International de l&rsquo;A\u00e9ronautique et de l&rsquo;Espace, le Bourget, 20 et 22 juin 2023.","author":"dpc","date":"29 juin 2023","format":false,"excerpt":"Une exposition en partenariat avec l'Apave dans le cadre du Salon International de l'A\u00e9ronautique et de l'Espace de Paris-Le Bourget 2023.Merci \u00e0 Thomas Pesquet pour le pr\u00eat de ses imagesConception graphique : Laura L\u00e9sinTextes : Anne Pluvinage-Nierengarten et moi-m\u00eame.Premi\u00e8re photo : Marie Neubauer","rel":"","context":"Dans &quot;DPC&quot;","block_context":{"text":"DPC","link":"https:\/\/www.wallendorff.com\/belogue\/category\/dpc\/"},"img":{"alt_text":"","src":"https:\/\/i0.wp.com\/www.wallendorff.com\/belogue\/wp-content\/uploads\/2023\/06\/20230629-14.png?resize=350%2C200&ssl=1","width":350,"height":200,"srcset":"https:\/\/i0.wp.com\/www.wallendorff.com\/belogue\/wp-content\/uploads\/2023\/06\/20230629-14.png?resize=350%2C200&ssl=1 1x, https:\/\/i0.wp.com\/www.wallendorff.com\/belogue\/wp-content\/uploads\/2023\/06\/20230629-14.png?resize=525%2C300&ssl=1 1.5x, https:\/\/i0.wp.com\/www.wallendorff.com\/belogue\/wp-content\/uploads\/2023\/06\/20230629-14.png?resize=700%2C400&ssl=1 2x, https:\/\/i0.wp.com\/www.wallendorff.com\/belogue\/wp-content\/uploads\/2023\/06\/20230629-14.png?resize=1050%2C600&ssl=1 3x"},"classes":[]},{"id":127185,"url":"https:\/\/www.wallendorff.com\/belogue\/2024\/01\/23\/ni-lune-ni-deux\/","url_meta":{"origin":811,"position":3},"title":"Ni lune, ni deux.","author":"dpc","date":"23 janvier 2024","format":false,"excerpt":"Avenue du Pr\u00e9sident-Kennedy, Paris, 27 novembre 2023. J'\u00e9tais parti pour aller voir au Trocad\u00e9ro si j'y \u00e9tais, en choisissant un soir bien froid, bien humide pour \u00e9ventuellement y trouver quelques touristes esseul\u00e9s et, peut-\u00eatre, une flaque adapt\u00e9e \u00e0 la photographie de reflet nocturne de tour m\u00e9tallique de grande envergure.Passant sur\u2026","rel":"","context":"Dans &quot;DPC&quot;","block_context":{"text":"DPC","link":"https:\/\/www.wallendorff.com\/belogue\/category\/dpc\/"},"img":{"alt_text":"","src":"https:\/\/i0.wp.com\/www.wallendorff.com\/belogue\/wp-content\/uploads\/2024\/01\/20240123.jpg?resize=350%2C200&ssl=1","width":350,"height":200,"srcset":"https:\/\/i0.wp.com\/www.wallendorff.com\/belogue\/wp-content\/uploads\/2024\/01\/20240123.jpg?resize=350%2C200&ssl=1 1x, https:\/\/i0.wp.com\/www.wallendorff.com\/belogue\/wp-content\/uploads\/2024\/01\/20240123.jpg?resize=525%2C300&ssl=1 1.5x, https:\/\/i0.wp.com\/www.wallendorff.com\/belogue\/wp-content\/uploads\/2024\/01\/20240123.jpg?resize=700%2C400&ssl=1 2x, https:\/\/i0.wp.com\/www.wallendorff.com\/belogue\/wp-content\/uploads\/2024\/01\/20240123.jpg?resize=1050%2C600&ssl=1 3x"},"classes":[]},{"id":7747,"url":"https:\/\/www.wallendorff.com\/belogue\/2010\/06\/23\/pompidou-by-jour\/","url_meta":{"origin":811,"position":4},"title":"Pompidou by jour.","author":"dpc","date":"23 juin 2010","format":false,"excerpt":"Et l\u00e0 je vous vois tous venir et me dire \u00ab\u00a0c'est de l'anarque ta s\u00e9rie nulle de photos nulles, \u00e0 part sur la grande au-dessus, l\u00e0, on ne lui voit que la charpente, \u00e0 ton bidule.\u00a0\u00bb Et de vous r\u00e9pondre que c'est quand m\u00eame pas de ma faute si j'\u00e9tais\u2026","rel":"","context":"Dans &quot;DPC&quot;","block_context":{"text":"DPC","link":"https:\/\/www.wallendorff.com\/belogue\/category\/dpc\/"},"img":{"alt_text":"","src":"https:\/\/i0.wp.com\/www.wallendorff.com\/belogue\/wp-content\/uploads\/2015\/04\/20100623-061-188x188.jpg?resize=350%2C200&ssl=1","width":350,"height":200},"classes":[]},{"id":5732,"url":"https:\/\/www.wallendorff.com\/belogue\/2010\/01\/04\/pape-happa-pas-pas\/","url_meta":{"origin":811,"position":5},"title":"Pape happa pas pas.","author":"dpc","date":"4 janvier 2010","format":false,"excerpt":"Rue des R\u00e9collets, Paris, 7 novembre 2009. \u00a0Herman D\u00fcne \u2013 My Home is Nowhere Without You","rel":"","context":"Dans &quot;DPC&quot;","block_context":{"text":"DPC","link":"https:\/\/www.wallendorff.com\/belogue\/category\/dpc\/"},"img":{"alt_text":"","src":"https:\/\/i0.wp.com\/www.wallendorff.com\/belogue\/wp-content\/uploads\/2015\/04\/201001041.jpg?resize=350%2C200&ssl=1","width":350,"height":200},"classes":[]}],"_links":{"self":[{"href":"https:\/\/www.wallendorff.com\/belogue\/wp-json\/wp\/v2\/posts\/811","targetHints":{"allow":["GET"]}}],"collection":[{"href":"https:\/\/www.wallendorff.com\/belogue\/wp-json\/wp\/v2\/posts"}],"about":[{"href":"https:\/\/www.wallendorff.com\/belogue\/wp-json\/wp\/v2\/types\/post"}],"author":[{"embeddable":true,"href":"https:\/\/www.wallendorff.com\/belogue\/wp-json\/wp\/v2\/users\/1"}],"replies":[{"embeddable":true,"href":"https:\/\/www.wallendorff.com\/belogue\/wp-json\/wp\/v2\/comments?post=811"}],"version-history":[{"count":1,"href":"https:\/\/www.wallendorff.com\/belogue\/wp-json\/wp\/v2\/posts\/811\/revisions"}],"predecessor-version":[{"id":18101,"href":"https:\/\/www.wallendorff.com\/belogue\/wp-json\/wp\/v2\/posts\/811\/revisions\/18101"}],"wp:featuredmedia":[{"embeddable":true,"href":"https:\/\/www.wallendorff.com\/belogue\/wp-json\/wp\/v2\/media\/24751"}],"wp:attachment":[{"href":"https:\/\/www.wallendorff.com\/belogue\/wp-json\/wp\/v2\/media?parent=811"}],"wp:term":[{"taxonomy":"category","embeddable":true,"href":"https:\/\/www.wallendorff.com\/belogue\/wp-json\/wp\/v2\/categories?post=811"},{"taxonomy":"post_tag","embeddable":true,"href":"https:\/\/www.wallendorff.com\/belogue\/wp-json\/wp\/v2\/tags?post=811"}],"curies":[{"name":"wp","href":"https:\/\/api.w.org\/{rel}","templated":true}]}}