{"id":8106,"date":"2010-08-18T11:23:13","date_gmt":"2010-08-18T09:23:13","guid":{"rendered":"http:\/\/www.po-l.com\/belogue\/?p=8106"},"modified":"2012-06-07T10:28:00","modified_gmt":"2012-06-07T08:28:00","slug":"persiennes-a-non-gras-tas","status":"publish","type":"post","link":"https:\/\/www.wallendorff.com\/belogue\/2010\/08\/18\/persiennes-a-non-gras-tas\/","title":{"rendered":"Persiennes \u00e0 non gras tas."},"content":{"rendered":"\n<div id=\"photo\">\n<p><img decoding=\"async\" src=\"https:\/\/www.wallendorff.com\/belogue\/photo\/2010\/08\/20100818.jpg\" \/><br \/>\n        Brouwergracht, Amsterdam, 19 juillet.<\/p>\n<\/p><\/div>\n<div id=\"bandeson\">\n<p><img decoding=\"async\" src=\"https:\/\/www.wallendorff.com\/belogue\/photo\/pochettes\/f\/foo_fighters-echoes_silence_patience_and_grace.jpg\" align=\"left\" \/>&nbsp;<a href=\"http:\/\/www.foofighters.com\">Foo Fighters<\/a> &ndash; <em>Cheer Up Boys, Your Make Up Is Running<\/em><\/p>\n<\/p><\/div>\n<p>Alors on m&rsquo;a montr&eacute; ce matin que <a href=\"http:\/\/www.le-hiboo.com\/25401-ecouter-justin-bieber-comme-il-faut-ralentir-u-smile-de-800\">Justin Bi&egrave;bi&egrave;re ralenti &agrave; 800%, &ccedil;a donne du Sigur R&oacute;s fa&ccedil;on mollusque<\/a>.<\/p>\n<p>Pour un scientifique super-intelligent dot&eacute; d&rsquo;un esprit bien sup&eacute;rieur &agrave; la moyenne, il &eacute;tait ais&eacute; d&rsquo;en d&eacute;duire que nous tenions l&agrave; le secret de la naissance de Sigur R&oacute;s et que nous allions pouvoir expliquer qu&rsquo;en fait, ces gens-l&agrave; ne sont pas tristes du tout et que leur carri&egrave;re a pris un tournant dramatique un beau matin de 1997 quand leur premier album, <em>Von<\/em>, un monument de musique festive, s&rsquo;est transform&eacute; apr&egrave;s une regrettable erreur de mix en &oelig;uvre de post-rock d&eacute;pressif et miaulant qu&rsquo;il a bien fallu assumer mon pauvre monsieur parce qu&rsquo;on va quand m&ecirc;me pas represser tout ces beaux disques-l&agrave;, enfin, pensez un peu &agrave; la plan&egrave;te et arr&ecirc;tez de sourire, &ccedil;a fait fuir le client.<\/p>\n<p>Et effectivement&nbsp;:<\/p>\n<div id=\"bandeson\">\n<p><img decoding=\"async\" src=\"https:\/\/www.wallendorff.com\/belogue\/photo\/pochettes\/s\/sigur_ros-von.jpg\" align=\"left\" \/>&nbsp;<a href=\"http:\/\/www.sigur-ros.co.uk\/\">Sigur R&oacute;s<\/a> &ndash; <em>Syndir Gu&eth;s (opinberun frelsarans)<\/em> (800% mix)<\/p>\n<\/p><\/div>\n<p style=\"text-align:right\">C&rsquo;est tr&egrave;s flippant, oui. Rassurez-vous, sur les albums suivants &ccedil;a va mieux&nbsp;:<\/p>\n<div id=\"bandeson\">\n<p><img decoding=\"async\" src=\"https:\/\/www.wallendorff.com\/belogue\/photo\/pochettes\/s\/sigur_ros-agaetisbyrjun.jpg\" align=\"left\" \/>&nbsp;<a href=\"http:\/\/www.sigur-ros.co.uk\/\">Sigur R&oacute;s<\/a> &ndash; <em>Svefn-G-Englar <\/em>(Tic et Tac passent un chat &agrave; la disqueuse en bo&icirc;te de nuit &agrave; 200% mix)<\/p>\n<\/p><\/div>\n<div id=\"bandeson\">\n<p><img decoding=\"async\" src=\"https:\/\/www.wallendorff.com\/belogue\/photo\/pochettes\/s\/sigur_ros-ed_sud_i_eyrum_vid_spilum_endalaust.jpg\" align=\"left\" \/>&nbsp;<a href=\"http:\/\/www.sigur-ros.co.uk\/\">Sigur R&oacute;s<\/a> &ndash; <em>Flj&oacute;tavik <\/em>(Fr&egrave;re Jacques chant&eacute; par les oiseaux de Blanche Neige &agrave; 800% mix)<\/p>\n<\/p><\/div>\n<p style=\"text-align:right\">Mais &ccedil;a n&rsquo;explique pas tout. C&rsquo;est bien, oui, on a moins envie de se donner la mort, oui, mais le myst&egrave;re reste entier.<\/p>\n<p style=\"text-align:right\">Ou alors faudrait le repasser &agrave; l&rsquo;envers pour voir si on entend Satan nous insulter en aram&eacute;en.<\/p>\n<p style=\"text-align:right\">Mais j&rsquo;ai la flemme l&agrave;, alors la science attendra.<\/p>\n","protected":false},"excerpt":{"rendered":"<p>Brouwergracht, Amsterdam, 19 juillet. &nbsp;Foo Fighters &ndash; Cheer Up Boys, Your Make Up Is Running Alors on m&rsquo;a montr&eacute; ce matin que Justin Bi&egrave;bi&egrave;re ralenti &agrave; 800%, &ccedil;a donne du Sigur R&oacute;s fa&ccedil;on mollusque. Pour un scientifique super-intelligent dot&eacute; d&rsquo;un esprit bien sup&eacute;rieur &agrave; la moyenne, il &eacute;tait ais&eacute; d&rsquo;en d&eacute;duire que nous tenions l&agrave;&hellip;<\/p>\n","protected":false},"author":1,"featured_media":25867,"comment_status":"open","ping_status":"open","sticky":false,"template":"","format":"standard","meta":{"_acf_changed":false,"ngg_post_thumbnail":0,"jetpack_post_was_ever_published":false,"_jetpack_newsletter_access":"","_jetpack_dont_email_post_to_subs":false,"_jetpack_newsletter_tier_id":0,"_jetpack_memberships_contains_paywalled_content":false,"_jetpack_memberships_contains_paid_content":false,"footnotes":"","jetpack_publicize_message":"","jetpack_publicize_feature_enabled":true,"jetpack_social_post_already_shared":false,"jetpack_social_options":{"image_generator_settings":{"template":"highway","default_image_id":0,"font":"","enabled":false},"version":2}},"categories":[3],"tags":[711,4084,2571,2615,4043,4085,10307,4087,427,4040,10485,414,950,951,4086,3572],"class_list":["post-8106","post","type-post","status-publish","format-standard","has-post-thumbnail","hentry","category-dpc","tag-amsterdam","tag-brouwersgracht","tag-ef-16-35-mm-f28l-ii-usm","tag-eos-5d-mark-ii","tag-centrum","tag-cheer-up-boys-your-make-up-is-running","tag-fenetre","tag-fljotavik","tag-foo-fighters","tag-hollande-septentrionale","tag-maison","tag-pays-bas","tag-sigur-ros","tag-svefn-g-englar","tag-syndir-gus-opinberun-frelsarans","tag-volet"],"acf":[],"geo":{"latitude":52.3815002,"longitude":4.8871589,"description":"Brouwersgracht 200, 1013 Amsterdam, The Netherlands"},"jetpack_publicize_connections":[],"jetpack_featured_media_url":"https:\/\/www.wallendorff.com\/belogue\/wp-content\/uploads\/2015\/04\/201008181.jpg","jetpack_shortlink":"https:\/\/wp.me\/p3b35P-26K","jetpack_sharing_enabled":true,"jetpack-related-posts":[{"id":1281,"url":"https:\/\/www.wallendorff.com\/belogue\/2008\/07\/31\/blog-note-juillet-2008\/","url_meta":{"origin":8106,"position":0},"title":"Blog-note &#8211; juillet 2008.","author":"dpc","date":"31 juillet 2008","format":false,"excerpt":"[Pas de nouveau truc ce mois-ci donc pas d'album du mois.] Albums Sigur R\u00f3s \u2013 Takk... Foo Fighters \u2013 Skin and Bones Jeff Buckley \u2013 Grace Two Gallants \u2013 Two Gallants Gin Blossoms \u2013 New Miserable Experience Air Traffic \u2013 No More Running Away [censur\u00e9] Mr. David Viner \u2013 Mr.\u2026","rel":"","context":"Dans &quot;Blog-note&quot;","block_context":{"text":"Blog-note","link":"https:\/\/www.wallendorff.com\/belogue\/category\/blog-note\/"},"img":{"alt_text":"","src":"","width":0,"height":0},"classes":[]},{"id":125409,"url":"https:\/\/www.wallendorff.com\/belogue\/2023\/07\/20\/paleo-festival-2023-nyon-jour-2\/","url_meta":{"origin":8106,"position":1},"title":"Pal\u00e9o Festival 2023, Nyon, jour 2.","author":"dpc","date":"20 juillet 2023","format":false,"excerpt":"Ambiance, Pal\u00e9o Festival Nyon 2023 Ambiance, Pal\u00e9o Festival Nyon 2023 Ambiance, Pal\u00e9o Festival Nyon 2023 Ambiance, Pal\u00e9o Festival Nyon 2023 Ambiance, Pal\u00e9o Festival Nyon 2023 Ambiance, Pal\u00e9o Festival Nyon 2023 Ambiance, Pal\u00e9o Festival Nyon 2023 Ambiance, Pal\u00e9o Festival Nyon 2023 Ambiance, Pal\u00e9o Festival Nyon 2023 Ambiance, Pal\u00e9o Festival Nyon 2023\u2026","rel":"","context":"Dans &quot;Alive&quot;","block_context":{"text":"Alive","link":"https:\/\/www.wallendorff.com\/belogue\/category\/alive\/"},"img":{"alt_text":"","src":"https:\/\/i0.wp.com\/www.wallendorff.com\/belogue\/wp-content\/uploads\/2023\/07\/20230720-28.jpg?resize=350%2C200&ssl=1","width":350,"height":200,"srcset":"https:\/\/i0.wp.com\/www.wallendorff.com\/belogue\/wp-content\/uploads\/2023\/07\/20230720-28.jpg?resize=350%2C200&ssl=1 1x, https:\/\/i0.wp.com\/www.wallendorff.com\/belogue\/wp-content\/uploads\/2023\/07\/20230720-28.jpg?resize=525%2C300&ssl=1 1.5x, https:\/\/i0.wp.com\/www.wallendorff.com\/belogue\/wp-content\/uploads\/2023\/07\/20230720-28.jpg?resize=700%2C400&ssl=1 2x, https:\/\/i0.wp.com\/www.wallendorff.com\/belogue\/wp-content\/uploads\/2023\/07\/20230720-28.jpg?resize=1050%2C600&ssl=1 3x"},"classes":[]},{"id":410,"url":"https:\/\/www.wallendorff.com\/belogue\/2005\/04\/10\/qu-a-drille-l-atterent\/","url_meta":{"origin":8106,"position":2},"title":"Qu&rsquo;&agrave; drille l&rsquo;att&egrave;rent.","author":"dpc","date":"10 avril 2005","format":false,"excerpt":"Royal Bank Plaza, Toronto, 29 janvier. [Putain, j'aime vraiment pas les 9 avril.] \u00a0Sigur R\u00f3s \u2013 Svefn-G-Englar","rel":"","context":"Dans &quot;DPC&quot;","block_context":{"text":"DPC","link":"https:\/\/www.wallendorff.com\/belogue\/category\/dpc\/"},"img":{"alt_text":"","src":"https:\/\/i0.wp.com\/www.wallendorff.com\/belogue\/wp-content\/uploads\/2015\/04\/200504101.jpg?resize=350%2C200&ssl=1","width":350,"height":200},"classes":[]},{"id":3903,"url":"https:\/\/www.wallendorff.com\/belogue\/2009\/02\/12\/main-square-festival-arras-6-juillet-2008\/","url_meta":{"origin":8106,"position":3},"title":"Main Square Festival, Arras, 6 juillet 2008.","author":"dpc","date":"12 f\u00e9vrier 2009","format":false,"excerpt":"Vampire Weekend \u00a0 The Wombats \u00a0 The D\u00f8 \u00a0 Sigur R\u00f3s \u00a0 Radiohead \u00a0","rel":"","context":"Dans &quot;Alive&quot;","block_context":{"text":"Alive","link":"https:\/\/www.wallendorff.com\/belogue\/category\/alive\/"},"img":{"alt_text":"","src":"https:\/\/i0.wp.com\/www.wallendorff.com\/belogue\/wp-content\/uploads\/2015\/04\/200902121.jpg?resize=350%2C200&ssl=1","width":350,"height":200,"srcset":"https:\/\/i0.wp.com\/www.wallendorff.com\/belogue\/wp-content\/uploads\/2015\/04\/200902121.jpg?resize=350%2C200&ssl=1 1x, https:\/\/i0.wp.com\/www.wallendorff.com\/belogue\/wp-content\/uploads\/2015\/04\/200902121.jpg?resize=525%2C300&ssl=1 1.5x, https:\/\/i0.wp.com\/www.wallendorff.com\/belogue\/wp-content\/uploads\/2015\/04\/200902121.jpg?resize=700%2C400&ssl=1 2x"},"classes":[]},{"id":124880,"url":"https:\/\/www.wallendorff.com\/belogue\/2023\/06\/30\/les-eurockeennes-2023-belfort-jour-1\/","url_meta":{"origin":8106,"position":4},"title":"Les Eurock\u00e9ennes 2023, Belfort, jour 1.","author":"dpc","date":"30 juin 2023","format":false,"excerpt":"Ad\u00e9 @ les Eurock\u00e9ennes, Belfort, 29\/06\/2023 Les Eurock\u00e9ennes, Belfort, 29\/06\/2023 Ad\u00e9 @ les Eurock\u00e9ennes, Belfort, 29\/06\/2023 Ad\u00e9 @ les Eurock\u00e9ennes, Belfort, 29\/06\/2023 Ad\u00e9 @ les Eurock\u00e9ennes, Belfort, 29\/06\/2023 Ad\u00e9 @ les Eurock\u00e9ennes, Belfort, 29\/06\/2023 Ad\u00e9 @ les Eurock\u00e9ennes, Belfort, 29\/06\/2023 Les Eurock\u00e9ennes, Belfort, 29\/06\/2023 Les Eurock\u00e9ennes, Belfort, 29\/06\/2023 Les Eurock\u00e9ennes,\u2026","rel":"","context":"Dans &quot;Alive&quot;","block_context":{"text":"Alive","link":"https:\/\/www.wallendorff.com\/belogue\/category\/alive\/"},"img":{"alt_text":"","src":"https:\/\/i0.wp.com\/www.wallendorff.com\/belogue\/wp-content\/uploads\/2023\/06\/20230630-50.jpg?resize=350%2C200&ssl=1","width":350,"height":200,"srcset":"https:\/\/i0.wp.com\/www.wallendorff.com\/belogue\/wp-content\/uploads\/2023\/06\/20230630-50.jpg?resize=350%2C200&ssl=1 1x, https:\/\/i0.wp.com\/www.wallendorff.com\/belogue\/wp-content\/uploads\/2023\/06\/20230630-50.jpg?resize=525%2C300&ssl=1 1.5x, https:\/\/i0.wp.com\/www.wallendorff.com\/belogue\/wp-content\/uploads\/2023\/06\/20230630-50.jpg?resize=700%2C400&ssl=1 2x, https:\/\/i0.wp.com\/www.wallendorff.com\/belogue\/wp-content\/uploads\/2023\/06\/20230630-50.jpg?resize=1050%2C600&ssl=1 3x"},"classes":[]},{"id":1074,"url":"https:\/\/www.wallendorff.com\/belogue\/2007\/11\/07\/true-lines\/","url_meta":{"origin":8106,"position":5},"title":"True lines.","author":"dpc","date":"7 novembre 2007","format":false,"excerpt":"H\u00f4tel Radisson, Liverpool, 18 octobre. I wish I would. \u00a0Sigur R\u00f3s \u2013 Hafs\u00f3l","rel":"","context":"Dans &quot;DPC&quot;","block_context":{"text":"DPC","link":"https:\/\/www.wallendorff.com\/belogue\/category\/dpc\/"},"img":{"alt_text":"","src":"https:\/\/i0.wp.com\/www.wallendorff.com\/belogue\/wp-content\/uploads\/2015\/04\/20071107.jpg?resize=350%2C200&ssl=1","width":350,"height":200},"classes":[]}],"_links":{"self":[{"href":"https:\/\/www.wallendorff.com\/belogue\/wp-json\/wp\/v2\/posts\/8106","targetHints":{"allow":["GET"]}}],"collection":[{"href":"https:\/\/www.wallendorff.com\/belogue\/wp-json\/wp\/v2\/posts"}],"about":[{"href":"https:\/\/www.wallendorff.com\/belogue\/wp-json\/wp\/v2\/types\/post"}],"author":[{"embeddable":true,"href":"https:\/\/www.wallendorff.com\/belogue\/wp-json\/wp\/v2\/users\/1"}],"replies":[{"embeddable":true,"href":"https:\/\/www.wallendorff.com\/belogue\/wp-json\/wp\/v2\/comments?post=8106"}],"version-history":[{"count":3,"href":"https:\/\/www.wallendorff.com\/belogue\/wp-json\/wp\/v2\/posts\/8106\/revisions"}],"predecessor-version":[{"id":17631,"href":"https:\/\/www.wallendorff.com\/belogue\/wp-json\/wp\/v2\/posts\/8106\/revisions\/17631"}],"wp:featuredmedia":[{"embeddable":true,"href":"https:\/\/www.wallendorff.com\/belogue\/wp-json\/wp\/v2\/media\/25867"}],"wp:attachment":[{"href":"https:\/\/www.wallendorff.com\/belogue\/wp-json\/wp\/v2\/media?parent=8106"}],"wp:term":[{"taxonomy":"category","embeddable":true,"href":"https:\/\/www.wallendorff.com\/belogue\/wp-json\/wp\/v2\/categories?post=8106"},{"taxonomy":"post_tag","embeddable":true,"href":"https:\/\/www.wallendorff.com\/belogue\/wp-json\/wp\/v2\/tags?post=8106"}],"curies":[{"name":"wp","href":"https:\/\/api.w.org\/{rel}","templated":true}]}}