{"id":810,"date":"2006-10-21T13:06:30","date_gmt":"2006-10-21T13:06:30","guid":{"rendered":"http:\/\/www.po-l.com\/wordpress\/?p=810"},"modified":"2012-07-05T09:44:20","modified_gmt":"2012-07-05T07:44:20","slug":"ca-t-a-pas-des-plu","status":"publish","type":"post","link":"https:\/\/www.wallendorff.com\/belogue\/2006\/10\/21\/ca-t-a-pas-des-plu\/","title":{"rendered":"\u00c7a t&rsquo;a pas des plu\u00b9."},"content":{"rendered":"\n<div id=\"photo\">\n<p><img decoding=\"async\" src=\"https:\/\/www.wallendorff.com\/belogue\/photo\/2006\/10\/20061021.jpg\" \/><br \/>\n          Pendant le B&eacute;beck Show<sup>2<\/sup>, Rock en Seine, Paris, 26 ao&ucirc;t.<\/p>\n<\/div>\n<p style=\"text-align:right\"><em>Coffee and Rock &amp; Folk is all my laundry needs.<\/em><\/p>\n<div id=\"bandeson\">\n<p><img decoding=\"async\" src=\"https:\/\/www.wallendorff.com\/belogue\/photo\/pochettes\/i\/infadels-we_are_not_the_infadels.jpg\" align=\"left\" \/>&nbsp;<a href=\"http:\/\/www.infadels.com\/\">Infadels<\/a> &ndash; <em>Girls That Speaks No Word<\/em><\/p>\n<\/p><\/div>\n<div id=\"bas_note\">\n<p>_____<\/p>\n<p><sup>1<\/sup> Notez que j&rsquo;ai &eacute;vit&eacute; d&rsquo;intituler celle-l&agrave; <em>Shooting mucho people y ein umbrella #1<\/em>, parce qu&rsquo;&agrave; force &ccedil;a sao&ucirc;le de faire le titreur en s&eacute;ries.<\/p>\n<p><sup>2<\/sup> <em>B&eacute;beck Show<\/em>, un jeu de mots que j&rsquo;&eacute;tais super guet&rsquo;s d&rsquo;avoir trouv&eacute; tout seul avant de le voir ce matin dans Rock &amp; Fluque. Fuck it. Un jour, un jour, oh oui un jour je serai titreur chez eux.<\/p>\n<\/p><\/div>\n","protected":false},"excerpt":{"rendered":"<p>Pendant le B&eacute;beck Show2, Rock en Seine, Paris, 26 ao&ucirc;t. Coffee and Rock &amp; Folk is all my laundry needs. &nbsp;Infadels &ndash; Girls That Speaks No Word _____ 1 Notez que j&rsquo;ai &eacute;vit&eacute; d&rsquo;intituler celle-l&agrave; Shooting mucho people y ein umbrella #1, parce qu&rsquo;&agrave; force &ccedil;a sao&ucirc;le de faire le titreur en s&eacute;ries. 2 B&eacute;beck&hellip;<\/p>\n","protected":false},"author":1,"featured_media":24750,"comment_status":"open","ping_status":"open","sticky":false,"template":"","format":"standard","meta":{"_acf_changed":false,"ngg_post_thumbnail":0,"jetpack_post_was_ever_published":false,"_jetpack_newsletter_access":"","_jetpack_dont_email_post_to_subs":false,"_jetpack_newsletter_tier_id":0,"_jetpack_memberships_contains_paywalled_content":false,"_jetpack_memberships_contains_paid_content":false,"footnotes":"","jetpack_publicize_message":"","jetpack_publicize_feature_enabled":true,"jetpack_social_post_already_shared":false,"jetpack_social_options":{"image_generator_settings":{"template":"highway","default_image_id":0,"font":"","enabled":false},"version":2}},"categories":[3],"tags":[174,10084,132,10136,10120,1795,10121,1794,143,10098,10135,10133,3033,170],"class_list":["post-810","post","type-post","status-publish","format-standard","has-post-thumbnail","hentry","category-dpc","tag-174","tag-alive","tag-eos-20d","tag-festival","tag-france","tag-girl-that-speaks-no-words","tag-ile-de-france","tag-infadels","tag-noir-et-blanc","tag-paris","tag-public","tag-rock-en-seine","tag-rock-en-seine-2006","tag-sigma-70-300-mm-f4-56-dg-apo-macro"],"acf":[],"geo":{"latitude":48.8314171,"longitude":2.2217436,"description":null},"jetpack_publicize_connections":[],"jetpack_featured_media_url":"https:\/\/www.wallendorff.com\/belogue\/wp-content\/uploads\/2015\/04\/200610211.jpg","jetpack_shortlink":"https:\/\/wp.me\/p3b35P-d4","jetpack_sharing_enabled":true,"jetpack-related-posts":[{"id":128543,"url":"https:\/\/www.wallendorff.com\/belogue\/2024\/06\/21\/cetait-2013\/","url_meta":{"origin":810,"position":0},"title":"C&rsquo;\u00e9tait 2013.","author":"dpc","date":"21 juin 2024","format":false,"excerpt":"2013, perspectives. Paris, 11 janvier 2013. Black Rebel Motorcycle Club, Paris, 06 f\u00e9vrier 2013 Bloc Party @ le Z\u00e9nith, Paris, 20 f\u00e9vrier 2013 Paris, 26 f\u00e9vrier 2013. Roissy-en-France, 20 mai 2013. Haim, Paris, 02 juin 2013 Muse @ Stade de France, Saint-Denis, 21 juin 2013 Amanvillers, 23 juin 2013. Blur\u2026","rel":"","context":"Dans &quot;DPC&quot;","block_context":{"text":"DPC","link":"https:\/\/www.wallendorff.com\/belogue\/category\/dpc\/"},"img":{"alt_text":"","src":"https:\/\/i0.wp.com\/www.wallendorff.com\/belogue\/wp-content\/uploads\/2024\/06\/20240621-08.jpg?resize=350%2C200&ssl=1","width":350,"height":200,"srcset":"https:\/\/i0.wp.com\/www.wallendorff.com\/belogue\/wp-content\/uploads\/2024\/06\/20240621-08.jpg?resize=350%2C200&ssl=1 1x, https:\/\/i0.wp.com\/www.wallendorff.com\/belogue\/wp-content\/uploads\/2024\/06\/20240621-08.jpg?resize=525%2C300&ssl=1 1.5x, https:\/\/i0.wp.com\/www.wallendorff.com\/belogue\/wp-content\/uploads\/2024\/06\/20240621-08.jpg?resize=700%2C400&ssl=1 2x, https:\/\/i0.wp.com\/www.wallendorff.com\/belogue\/wp-content\/uploads\/2024\/06\/20240621-08.jpg?resize=1050%2C600&ssl=1 3x"},"classes":[]},{"id":128329,"url":"https:\/\/www.wallendorff.com\/belogue\/2024\/06\/14\/cetait-2006\/","url_meta":{"origin":810,"position":1},"title":"C&rsquo;\u00e9tait 2006.","author":"dpc","date":"14 juin 2024","format":false,"excerpt":"62 concerts en 2006. \u00c7a explique la nature de la galerie de l'ann\u00e9e. Arctic Monkeys @ le Trabendo, Paris, 24 f\u00e9vrier 2006 Londres, 3 mars 2006 Londres, 28 avril 2006 Arctic Monkeys @ le Bataclan, Paris, 2 mai 2006 Dresden Dolls @ le Bataclan, Paris, 18 mai 2006 Asyl @\u2026","rel":"","context":"Dans &quot;DPC&quot;","block_context":{"text":"DPC","link":"https:\/\/www.wallendorff.com\/belogue\/category\/dpc\/"},"img":{"alt_text":"","src":"https:\/\/i0.wp.com\/www.wallendorff.com\/belogue\/wp-content\/uploads\/2024\/06\/20240614-19.jpg?resize=350%2C200&ssl=1","width":350,"height":200,"srcset":"https:\/\/i0.wp.com\/www.wallendorff.com\/belogue\/wp-content\/uploads\/2024\/06\/20240614-19.jpg?resize=350%2C200&ssl=1 1x, https:\/\/i0.wp.com\/www.wallendorff.com\/belogue\/wp-content\/uploads\/2024\/06\/20240614-19.jpg?resize=525%2C300&ssl=1 1.5x, https:\/\/i0.wp.com\/www.wallendorff.com\/belogue\/wp-content\/uploads\/2024\/06\/20240614-19.jpg?resize=700%2C400&ssl=1 2x, https:\/\/i0.wp.com\/www.wallendorff.com\/belogue\/wp-content\/uploads\/2024\/06\/20240614-19.jpg?resize=1050%2C600&ssl=1 3x"},"classes":[]},{"id":920,"url":"https:\/\/www.wallendorff.com\/belogue\/2007\/03\/25\/masse-de-carreaux\/","url_meta":{"origin":810,"position":2},"title":"Masse de carreaux.","author":"dpc","date":"25 mars 2007","format":false,"excerpt":"Place des Tries, Vireux-Wallerand, 16 mars. Got me livin' in her dream. \u00a0Infadels \u2013 Girls That Speaks No Word","rel":"","context":"Dans &quot;DPC&quot;","block_context":{"text":"DPC","link":"https:\/\/www.wallendorff.com\/belogue\/category\/dpc\/"},"img":{"alt_text":"","src":"https:\/\/i0.wp.com\/www.wallendorff.com\/belogue\/wp-content\/uploads\/2015\/04\/200703251.jpg?resize=350%2C200&ssl=1","width":350,"height":200},"classes":[]},{"id":642,"url":"https:\/\/www.wallendorff.com\/belogue\/2006\/08\/21\/stairway-to-event\/","url_meta":{"origin":810,"position":3},"title":"Stare way to Event.","author":"dpc","date":"21 ao\u00fbt 2006","format":false,"excerpt":"Centre Georges Pompidou, Paris, 20 ao\u00fbt. Y'a Empire, le nouveau Kasabian, qui est en \u00e9coute sur LeurEspace, histoire de bien se pr\u00e9parer \u00e0 leur venue \u00e0 Rock en Seine vendredi \u00e0 la place de Richard Ashcroft qui a piscine. Et sinon, donc, \u00e0 part \u00e7a, toujours rien. \u00a0The Black Keys\u2026","rel":"","context":"Dans &quot;DPC&quot;","block_context":{"text":"DPC","link":"https:\/\/www.wallendorff.com\/belogue\/category\/dpc\/"},"img":{"alt_text":"","src":"https:\/\/i0.wp.com\/www.wallendorff.com\/belogue\/wp-content\/uploads\/2015\/04\/200608211.jpg?resize=350%2C200&ssl=1","width":350,"height":200},"classes":[]},{"id":773,"url":"https:\/\/www.wallendorff.com\/belogue\/2006\/08\/27\/radiohead-rock-en-seine-paris\/","url_meta":{"origin":810,"position":4},"title":"Radiohead @ Rock en Seine, Paris.","author":"dpc","date":"27 ao\u00fbt 2006","format":false,"excerpt":"La premi\u00e8re [et derni\u00e8re] fois c'\u00e9tait au milieu des palmiers d'un d\u00e9sert californien surchauff\u00e9, quelques minutes \u00e0 peine apr\u00e8s la reformation des Pixies, au fin fond d'une foule de 60\u00a0000 personnes savourant religieusement leur seule date am\u00e9ricaine de cette ann\u00e9e 2004. Ce coup-ci, assis en tailleur derri\u00e8re des grillages, verre\u2026","rel":"","context":"Dans &quot;Alive&quot;","block_context":{"text":"Alive","link":"https:\/\/www.wallendorff.com\/belogue\/category\/alive\/"},"img":{"alt_text":"","src":"https:\/\/i0.wp.com\/www.wallendorff.com\/belogue\/wp-content\/uploads\/2015\/04\/200608271.jpg?resize=350%2C200&ssl=1","width":350,"height":200,"srcset":"https:\/\/i0.wp.com\/www.wallendorff.com\/belogue\/wp-content\/uploads\/2015\/04\/200608271.jpg?resize=350%2C200&ssl=1 1x, https:\/\/i0.wp.com\/www.wallendorff.com\/belogue\/wp-content\/uploads\/2015\/04\/200608271.jpg?resize=525%2C300&ssl=1 1.5x, https:\/\/i0.wp.com\/www.wallendorff.com\/belogue\/wp-content\/uploads\/2015\/04\/200608271.jpg?resize=700%2C400&ssl=1 2x"},"classes":[]},{"id":21993,"url":"https:\/\/www.wallendorff.com\/belogue\/2013\/11\/13\/concorde-i\/","url_meta":{"origin":810,"position":5},"title":"Concorde [I].","author":"dpc","date":"13 novembre 2013","format":false,"excerpt":"Place de la Concorde, Paris, 1er octobre. Explain Nothing Infadels","rel":"","context":"Dans &quot;DPC&quot;","block_context":{"text":"DPC","link":"https:\/\/www.wallendorff.com\/belogue\/category\/dpc\/"},"img":{"alt_text":"","src":"https:\/\/i0.wp.com\/www.wallendorff.com\/belogue\/wp-content\/uploads\/2015\/04\/201311131.jpg?resize=350%2C200&ssl=1","width":350,"height":200,"srcset":"https:\/\/i0.wp.com\/www.wallendorff.com\/belogue\/wp-content\/uploads\/2015\/04\/201311131.jpg?resize=350%2C200&ssl=1 1x, https:\/\/i0.wp.com\/www.wallendorff.com\/belogue\/wp-content\/uploads\/2015\/04\/201311131.jpg?resize=525%2C300&ssl=1 1.5x, https:\/\/i0.wp.com\/www.wallendorff.com\/belogue\/wp-content\/uploads\/2015\/04\/201311131.jpg?resize=700%2C400&ssl=1 2x"},"classes":[]}],"_links":{"self":[{"href":"https:\/\/www.wallendorff.com\/belogue\/wp-json\/wp\/v2\/posts\/810","targetHints":{"allow":["GET"]}}],"collection":[{"href":"https:\/\/www.wallendorff.com\/belogue\/wp-json\/wp\/v2\/posts"}],"about":[{"href":"https:\/\/www.wallendorff.com\/belogue\/wp-json\/wp\/v2\/types\/post"}],"author":[{"embeddable":true,"href":"https:\/\/www.wallendorff.com\/belogue\/wp-json\/wp\/v2\/users\/1"}],"replies":[{"embeddable":true,"href":"https:\/\/www.wallendorff.com\/belogue\/wp-json\/wp\/v2\/comments?post=810"}],"version-history":[{"count":1,"href":"https:\/\/www.wallendorff.com\/belogue\/wp-json\/wp\/v2\/posts\/810\/revisions"}],"predecessor-version":[{"id":18075,"href":"https:\/\/www.wallendorff.com\/belogue\/wp-json\/wp\/v2\/posts\/810\/revisions\/18075"}],"wp:featuredmedia":[{"embeddable":true,"href":"https:\/\/www.wallendorff.com\/belogue\/wp-json\/wp\/v2\/media\/24750"}],"wp:attachment":[{"href":"https:\/\/www.wallendorff.com\/belogue\/wp-json\/wp\/v2\/media?parent=810"}],"wp:term":[{"taxonomy":"category","embeddable":true,"href":"https:\/\/www.wallendorff.com\/belogue\/wp-json\/wp\/v2\/categories?post=810"},{"taxonomy":"post_tag","embeddable":true,"href":"https:\/\/www.wallendorff.com\/belogue\/wp-json\/wp\/v2\/tags?post=810"}],"curies":[{"name":"wp","href":"https:\/\/api.w.org\/{rel}","templated":true}]}}