{"id":81,"date":"2005-08-27T01:46:23","date_gmt":"2005-08-27T01:46:23","guid":{"rendered":"http:\/\/www.po-l.com\/wordpress\/?p=81"},"modified":"2012-06-28T10:07:54","modified_gmt":"2012-06-28T08:07:54","slug":"et-pendant-ce-temps-a-rock-en-seine-2","status":"publish","type":"post","link":"https:\/\/www.wallendorff.com\/belogue\/2005\/08\/27\/et-pendant-ce-temps-a-rock-en-seine-2\/","title":{"rendered":"Et pendant ce temps, &agrave; Rock en Seine"},"content":{"rendered":"<div id=\"photo\">\n<p><img decoding=\"async\" src=\"http:\/\/www.po-L.com\/belogue\/photo\/2005\/08\/20050827.jpg\"><br \/>\nIl fait chaud.<\/p>\n<\/div>\n<p style=\"text-align:center\">[Si j&rsquo; arrive pas &agrave; doubler la fr&eacute;quentation du bel&ouml;gue avec &ccedil;a, je sais pas ce qu&rsquo;il faut que je fasse.]<\/p>\n<div id=\"bandeson\">\n<p><img decoding=\"async\" src=\"https:\/\/www.wallendorff.com\/belogue\/photo\/pochettes\/f\/franz_ferdinand-franz_ferdinand.jpg\" align=\"left\" \/>&nbsp;<a href=\"http:\/\/www.franzferdinand.co.uk\/\">Franz Ferdinand<\/a> &ndash; <em>Take Me Out<\/em>        <\/p>\n<\/p><\/div>\n","protected":false},"excerpt":{"rendered":"<p>Il fait chaud. [Si j&rsquo; arrive pas &agrave; doubler la fr&eacute;quentation du bel&ouml;gue avec &ccedil;a, je sais pas ce qu&rsquo;il faut que je fasse.] &nbsp;Franz Ferdinand &ndash; Take Me Out<\/p>\n","protected":false},"author":1,"featured_media":24015,"comment_status":"open","ping_status":"open","sticky":false,"template":"","format":"standard","meta":{"_acf_changed":false,"ngg_post_thumbnail":0,"jetpack_post_was_ever_published":false,"_jetpack_newsletter_access":"","_jetpack_dont_email_post_to_subs":false,"_jetpack_newsletter_tier_id":0,"_jetpack_memberships_contains_paywalled_content":false,"_jetpack_memberships_contains_paid_content":false,"footnotes":"","jetpack_publicize_message":"","jetpack_publicize_feature_enabled":true,"jetpack_social_post_already_shared":false,"jetpack_social_options":{"image_generator_settings":{"template":"highway","default_image_id":0,"font":"","enabled":false},"version":2}},"categories":[3],"tags":[10224,10084,132,4132,10136,10340,10120,10100,10353,10121,10135,10133,3034,10570,3599,173,674],"class_list":["post-81","post","type-post","status-publish","format-standard","has-post-thumbnail","hentry","category-dpc","tag-10224","tag-alive","tag-eos-20d","tag-et-pendant-ce-temps-a-rock-en-seine","tag-festival","tag-fille","tag-france","tag-franz-ferdinand","tag-hauts-de-seine","tag-ile-de-france","tag-public","tag-rock-en-seine","tag-rock-en-seine-2005","tag-saint-cloud","tag-seins","tag-sigma-28-70-mm-f28-dg-ex","tag-take-me-out"],"acf":[],"geo":{"latitude":48.8313904,"longitude":2.2213197,"description":"Parc de Saint-Cloud, 92210 Saint-Cloud, France"},"jetpack_publicize_connections":[],"jetpack_featured_media_url":"https:\/\/www.wallendorff.com\/belogue\/wp-content\/uploads\/2015\/04\/200508271.jpg","jetpack_shortlink":"https:\/\/wp.me\/p3b35P-1j","jetpack_sharing_enabled":true,"jetpack-related-posts":[{"id":21499,"url":"https:\/\/www.wallendorff.com\/belogue\/2013\/08\/27\/rock-en-seine-2013-jour-1\/","url_meta":{"origin":81,"position":0},"title":"Rock en Seine 2013, jour 1.","author":"dpc","date":"27 ao\u00fbt 2013","format":false,"excerpt":"En guise de bande-son, je vous conseille d'aller [re]voir le concert de Franz Ferdinand (durant lequel Alex Kapranos ne refit pas sa fameuse blague du \u00ab\u00a0batteuw avec le tw\u00e8s tw\u00e8s grosse beat\u00a0\u00bb de 2005, ce qui fut certes d\u00e9cevant mais prouva bien que ce groupe sait faire fi du pass\u00e9).\u2026","rel":"","context":"Dans &quot;Alive&quot;","block_context":{"text":"Alive","link":"https:\/\/www.wallendorff.com\/belogue\/category\/alive\/"},"img":{"alt_text":"","src":"https:\/\/i0.wp.com\/www.wallendorff.com\/belogue\/wp-content\/uploads\/2015\/04\/201308271.jpg?resize=350%2C200&ssl=1","width":350,"height":200,"srcset":"https:\/\/i0.wp.com\/www.wallendorff.com\/belogue\/wp-content\/uploads\/2015\/04\/201308271.jpg?resize=350%2C200&ssl=1 1x, https:\/\/i0.wp.com\/www.wallendorff.com\/belogue\/wp-content\/uploads\/2015\/04\/201308271.jpg?resize=525%2C300&ssl=1 1.5x, https:\/\/i0.wp.com\/www.wallendorff.com\/belogue\/wp-content\/uploads\/2015\/04\/201308271.jpg?resize=700%2C400&ssl=1 2x"},"classes":[]},{"id":82,"url":"https:\/\/www.wallendorff.com\/belogue\/2005\/08\/26\/et-pendant-ce-temps-a-rock-en-seine\/","url_meta":{"origin":81,"position":1},"title":"Et pendant ce temps, &agrave; Rock en Seine.","author":"dpc","date":"26 ao\u00fbt 2005","format":false,"excerpt":"Il pleut. [Demain, avec un peu de chance, un autre reportage exclusif sur la m\u00e9t\u00e9o des festivals parisiens.] \u00a0The Pixies \u2013 Monkey Gone to Heaven","rel":"","context":"Dans &quot;DPC&quot;","block_context":{"text":"DPC","link":"https:\/\/www.wallendorff.com\/belogue\/category\/dpc\/"},"img":{"alt_text":"","src":"https:\/\/i0.wp.com\/www.wallendorff.com\/belogue\/wp-content\/uploads\/2015\/04\/200508261.jpg?resize=350%2C200&ssl=1","width":350,"height":200},"classes":[]},{"id":18777,"url":"https:\/\/www.wallendorff.com\/belogue\/2012\/08\/26\/et-pendant-ce-temps-a-rock-en-seine-12\/","url_meta":{"origin":81,"position":2},"title":"Et pendant ce temps, \u00e0 Rock en Seine.","author":"dpc","date":"26 ao\u00fbt 2012","format":false,"excerpt":"Noel Gallagher est enfin venu. [Alors qu'Amy Vinouze, toujours pas.] Kasabian \u2013 Ketang","rel":"","context":"Dans &quot;DPC&quot;","block_context":{"text":"DPC","link":"https:\/\/www.wallendorff.com\/belogue\/category\/dpc\/"},"img":{"alt_text":"","src":"https:\/\/i0.wp.com\/www.wallendorff.com\/belogue\/wp-content\/uploads\/2015\/04\/201208261.jpg?resize=350%2C200&ssl=1","width":350,"height":200,"srcset":"https:\/\/i0.wp.com\/www.wallendorff.com\/belogue\/wp-content\/uploads\/2015\/04\/201208261.jpg?resize=350%2C200&ssl=1 1x, https:\/\/i0.wp.com\/www.wallendorff.com\/belogue\/wp-content\/uploads\/2015\/04\/201208261.jpg?resize=525%2C300&ssl=1 1.5x, https:\/\/i0.wp.com\/www.wallendorff.com\/belogue\/wp-content\/uploads\/2015\/04\/201208261.jpg?resize=700%2C400&ssl=1 2x"},"classes":[]},{"id":21488,"url":"https:\/\/www.wallendorff.com\/belogue\/2013\/08\/25\/et-pendant-ce-temps-a-rock-en-seine-15\/","url_meta":{"origin":81,"position":3},"title":"Et pendant ce temps, \u00e0 Rock en Seine.","author":"dpc","date":"25 ao\u00fbt 2013","format":false,"excerpt":"Tout baigne. How Are You Doing?Dog Party \u00a0","rel":"","context":"Dans &quot;DPC&quot;","block_context":{"text":"DPC","link":"https:\/\/www.wallendorff.com\/belogue\/category\/dpc\/"},"img":{"alt_text":"","src":"https:\/\/i0.wp.com\/www.wallendorff.com\/belogue\/wp-content\/uploads\/2015\/04\/201308251.jpg?resize=350%2C200&ssl=1","width":350,"height":200,"srcset":"https:\/\/i0.wp.com\/www.wallendorff.com\/belogue\/wp-content\/uploads\/2015\/04\/201308251.jpg?resize=350%2C200&ssl=1 1x, https:\/\/i0.wp.com\/www.wallendorff.com\/belogue\/wp-content\/uploads\/2015\/04\/201308251.jpg?resize=525%2C300&ssl=1 1.5x, https:\/\/i0.wp.com\/www.wallendorff.com\/belogue\/wp-content\/uploads\/2015\/04\/201308251.jpg?resize=700%2C400&ssl=1 2x"},"classes":[]},{"id":21492,"url":"https:\/\/www.wallendorff.com\/belogue\/2013\/08\/26\/et-pendant-ce-temps-a-rock-en-seine-16\/","url_meta":{"origin":81,"position":4},"title":"Et pendant ce temps, \u00e0 Rock en Seine.","author":"dpc","date":"26 ao\u00fbt 2013","format":false,"excerpt":"Tout baigne. Down by the WaterThe Decemberists","rel":"","context":"Dans &quot;DPC&quot;","block_context":{"text":"DPC","link":"https:\/\/www.wallendorff.com\/belogue\/category\/dpc\/"},"img":{"alt_text":"","src":"https:\/\/i0.wp.com\/www.wallendorff.com\/belogue\/wp-content\/uploads\/2015\/04\/201308261.jpg?resize=350%2C200&ssl=1","width":350,"height":200,"srcset":"https:\/\/i0.wp.com\/www.wallendorff.com\/belogue\/wp-content\/uploads\/2015\/04\/201308261.jpg?resize=350%2C200&ssl=1 1x, https:\/\/i0.wp.com\/www.wallendorff.com\/belogue\/wp-content\/uploads\/2015\/04\/201308261.jpg?resize=525%2C300&ssl=1 1.5x, https:\/\/i0.wp.com\/www.wallendorff.com\/belogue\/wp-content\/uploads\/2015\/04\/201308261.jpg?resize=700%2C400&ssl=1 2x"},"classes":[]},{"id":1388,"url":"https:\/\/www.wallendorff.com\/belogue\/2007\/08\/26\/et-pendant-ce-temps-a-rock-en-seine-3\/","url_meta":{"origin":81,"position":5},"title":"Et pendant ce temps, \u00e0 Rock en Seine.","author":"dpc","date":"26 ao\u00fbt 2007","format":false,"excerpt":"Il fait beau. \u00a0The Fratellis \u2013 Chealsea Dagger","rel":"","context":"Dans &quot;Alive&quot;","block_context":{"text":"Alive","link":"https:\/\/www.wallendorff.com\/belogue\/category\/alive\/"},"img":{"alt_text":"","src":"https:\/\/i0.wp.com\/www.wallendorff.com\/belogue\/wp-content\/uploads\/2015\/04\/200708261.jpg?resize=350%2C200&ssl=1","width":350,"height":200,"srcset":"https:\/\/i0.wp.com\/www.wallendorff.com\/belogue\/wp-content\/uploads\/2015\/04\/200708261.jpg?resize=350%2C200&ssl=1 1x, https:\/\/i0.wp.com\/www.wallendorff.com\/belogue\/wp-content\/uploads\/2015\/04\/200708261.jpg?resize=525%2C300&ssl=1 1.5x, https:\/\/i0.wp.com\/www.wallendorff.com\/belogue\/wp-content\/uploads\/2015\/04\/200708261.jpg?resize=700%2C400&ssl=1 2x"},"classes":[]}],"_links":{"self":[{"href":"https:\/\/www.wallendorff.com\/belogue\/wp-json\/wp\/v2\/posts\/81","targetHints":{"allow":["GET"]}}],"collection":[{"href":"https:\/\/www.wallendorff.com\/belogue\/wp-json\/wp\/v2\/posts"}],"about":[{"href":"https:\/\/www.wallendorff.com\/belogue\/wp-json\/wp\/v2\/types\/post"}],"author":[{"embeddable":true,"href":"https:\/\/www.wallendorff.com\/belogue\/wp-json\/wp\/v2\/users\/1"}],"replies":[{"embeddable":true,"href":"https:\/\/www.wallendorff.com\/belogue\/wp-json\/wp\/v2\/comments?post=81"}],"version-history":[{"count":2,"href":"https:\/\/www.wallendorff.com\/belogue\/wp-json\/wp\/v2\/posts\/81\/revisions"}],"predecessor-version":[{"id":17949,"href":"https:\/\/www.wallendorff.com\/belogue\/wp-json\/wp\/v2\/posts\/81\/revisions\/17949"}],"wp:featuredmedia":[{"embeddable":true,"href":"https:\/\/www.wallendorff.com\/belogue\/wp-json\/wp\/v2\/media\/24015"}],"wp:attachment":[{"href":"https:\/\/www.wallendorff.com\/belogue\/wp-json\/wp\/v2\/media?parent=81"}],"wp:term":[{"taxonomy":"category","embeddable":true,"href":"https:\/\/www.wallendorff.com\/belogue\/wp-json\/wp\/v2\/categories?post=81"},{"taxonomy":"post_tag","embeddable":true,"href":"https:\/\/www.wallendorff.com\/belogue\/wp-json\/wp\/v2\/tags?post=81"}],"curies":[{"name":"wp","href":"https:\/\/api.w.org\/{rel}","templated":true}]}}