{"id":8061,"date":"2010-08-17T11:04:03","date_gmt":"2010-08-17T09:04:03","guid":{"rendered":"http:\/\/www.po-l.com\/belogue\/?p=8061"},"modified":"2012-06-06T10:31:44","modified_gmt":"2012-06-06T08:31:44","slug":"crocs-quodile-donne-dis","status":"publish","type":"post","link":"https:\/\/www.wallendorff.com\/belogue\/2010\/08\/17\/crocs-quodile-donne-dis\/","title":{"rendered":"Crocs qu&rsquo;Odile donne, dis."},"content":{"rendered":"\n<div id=\"photo\">\n<p><img decoding=\"async\" src=\"https:\/\/www.wallendorff.com\/belogue\/photo\/2010\/08\/20100817.jpg\" \/><br \/>\n        Haarlemmerdijk, Amsterdam 19 juillet.<\/p>\n<\/p><\/div>\n<p style=\"text-align:right\">Faudra qu&rsquo;on m&rsquo;explique un jour pourquoi &ccedil;a me fascine autant, les crochets.<\/p>\n<div id=\"bandeson\">\n<p><img decoding=\"async\" src=\"https:\/\/www.wallendorff.com\/belogue\/photo\/pochettes\/h\/hives_the-tarred_and_feathered.jpg\" align=\"left\" \/>&nbsp;<a href=\"http:\/\/www.thehivesbroadcastingservice.com\/\">Les Yves<\/a><sup>1<\/sup> &ndash; <em>Nasty Secretary<\/em><\/p>\n<\/div>\n<p>_____<\/p>\n<div id=\"bas_note\">\n<p><sup>1<\/sup> &laquo;&nbsp;Les Yves est un groupe de garage rock punk su&eacute;dois &agrave; roulettes form&eacute; en 1993 par <em>Howlin&rsquo;<\/em> Yves Almqvist (chant), Yves Dangerous (batterie), Yves Arson (guitare), Yves Carlstroem (guitare) et Dr Yves Destruction (basse). Il tire son nom d&rsquo;un pr&eacute;nom tr&egrave;s r&eacute;pandu en Su&egrave;de et port&eacute; par tous les membres du groupe, qui se surnomment entre eux &ldquo;Gens d&rsquo;Yves&rdquo;.&nbsp;&raquo; &#8213; Source Yvip&eacute;dia.<\/p>\n<\/div>\n","protected":false},"excerpt":{"rendered":"<p>Haarlemmerdijk, Amsterdam 19 juillet. Faudra qu&rsquo;on m&rsquo;explique un jour pourquoi &ccedil;a me fascine autant, les crochets. &nbsp;Les Yves1 &ndash; Nasty Secretary _____ 1 &laquo;&nbsp;Les Yves est un groupe de garage rock punk su&eacute;dois &agrave; roulettes form&eacute; en 1993 par Howlin&rsquo; Yves Almqvist (chant), Yves Dangerous (batterie), Yves Arson (guitare), Yves Carlstroem (guitare) et Dr Yves&hellip;<\/p>\n","protected":false},"author":1,"featured_media":25865,"comment_status":"open","ping_status":"open","sticky":false,"template":"","format":"standard","meta":{"_acf_changed":false,"ngg_post_thumbnail":0,"jetpack_post_was_ever_published":false,"_jetpack_newsletter_access":"","_jetpack_dont_email_post_to_subs":false,"_jetpack_newsletter_tier_id":0,"_jetpack_memberships_contains_paywalled_content":false,"_jetpack_memberships_contains_paid_content":false,"footnotes":"","jetpack_publicize_message":"","jetpack_publicize_feature_enabled":true,"jetpack_social_post_already_shared":false,"jetpack_social_options":{"image_generator_settings":{"template":"highway","default_image_id":0,"font":"","enabled":false},"version":2}},"categories":[3],"tags":[711,2615,4043,4048,10782,4081,4040,10485,4082,414,10351,170,10228,10596],"class_list":["post-8061","post","type-post","status-publish","format-standard","has-post-thumbnail","hentry","category-dpc","tag-amsterdam","tag-eos-5d-mark-ii","tag-centrum","tag-crochet","tag-facade","tag-haarlemmerdijk","tag-hollande-septentrionale","tag-maison","tag-nasty-secretary","tag-pays-bas","tag-rue","tag-sigma-70-300-mm-f4-56-dg-apo-macro","tag-the-hives","tag-toit"],"acf":[],"geo":{"latitude":52.3816795,"longitude":4.8890929,"description":"Haarlemmerdijk 2-28, 1013 Amsterdam, The Netherlands"},"jetpack_publicize_connections":[],"jetpack_featured_media_url":"https:\/\/www.wallendorff.com\/belogue\/wp-content\/uploads\/2015\/04\/201008171.jpg","jetpack_shortlink":"https:\/\/wp.me\/p3b35P-261","jetpack_sharing_enabled":true,"jetpack-related-posts":[{"id":20519,"url":"https:\/\/www.wallendorff.com\/belogue\/2013\/02\/27\/shooting-meuhmeuhz-4\/","url_meta":{"origin":8061,"position":0},"title":"Shooting meuhmeuhz #4.","author":"dpc","date":"27 f\u00e9vrier 2013","format":false,"excerpt":"Avec, par ordre d'apparition\u00a0: \u00c9ric, Gondole, P\u00e9tale, Ghislain, Bandouli\u00e8re, Joseph, Sigourney, Ramette, Ventouse, Chantal, Cafeti\u00e8re, Gis\u00e8le, Ramette, Guidon, Yves, Altim\u00e8tre, David-Bowie, Cassoulet, \u00c9charpe, Ramette, Claudie, Trap\u00e8ze, Allan et Ramette. Merci \u00c9ric, merci Gondole, merci P\u00e9tale, merci Ghislain, merci Bandouli\u00e8re, merci Joseph, merci Sigourney, merci Ramette, merci Ventouse, merci Chantal, merci\u2026","rel":"","context":"Dans &quot;Alive&quot;","block_context":{"text":"Alive","link":"https:\/\/www.wallendorff.com\/belogue\/category\/alive\/"},"img":{"alt_text":"","src":"https:\/\/i0.wp.com\/www.wallendorff.com\/belogue\/wp-content\/uploads\/2015\/04\/20130227.jpg?resize=350%2C200&ssl=1","width":350,"height":200,"srcset":"https:\/\/i0.wp.com\/www.wallendorff.com\/belogue\/wp-content\/uploads\/2015\/04\/20130227.jpg?resize=350%2C200&ssl=1 1x, https:\/\/i0.wp.com\/www.wallendorff.com\/belogue\/wp-content\/uploads\/2015\/04\/20130227.jpg?resize=525%2C300&ssl=1 1.5x, https:\/\/i0.wp.com\/www.wallendorff.com\/belogue\/wp-content\/uploads\/2015\/04\/20130227.jpg?resize=700%2C400&ssl=1 2x"},"classes":[]},{"id":6764,"url":"https:\/\/www.wallendorff.com\/belogue\/2010\/02\/10\/doutes-orties-et-defis-nient-yves\/","url_meta":{"origin":8061,"position":1},"title":"Doutes orties et d\u00e9fis nient Yves.","author":"dpc","date":"10 f\u00e9vrier 2010","format":false,"excerpt":"Th\u00e9\u00e2tre de l'Od\u00e9on, Paris, 3 janvier. C'est fou comme des fois dans la vie on peut mettre plein du temps pour revenir au m\u00eame endroit, quand m\u00eame. \u00a0My Vitriol \u2013 War of the Worlds","rel":"","context":"Dans &quot;DPC&quot;","block_context":{"text":"DPC","link":"https:\/\/www.wallendorff.com\/belogue\/category\/dpc\/"},"img":{"alt_text":"","src":"https:\/\/i0.wp.com\/www.wallendorff.com\/belogue\/wp-content\/uploads\/2015\/04\/201002101.jpg?resize=350%2C200&ssl=1","width":350,"height":200},"classes":[]},{"id":43702,"url":"https:\/\/www.wallendorff.com\/belogue\/2019\/09\/19\/votive-for-pedro-yves\/","url_meta":{"origin":8061,"position":2},"title":"Votive (for Pedro-Yves).","author":"dpc","date":"19 septembre 2019","format":false,"excerpt":"Votivpark, Vienne, 22 juin 2019.Shine a Little LightThe Black Keys","rel":"","context":"Dans &quot;DPC&quot;","block_context":{"text":"DPC","link":"https:\/\/www.wallendorff.com\/belogue\/category\/dpc\/"},"img":{"alt_text":"Votivpark, Vienne, 22 juin 2019.","src":"https:\/\/i0.wp.com\/www.wallendorff.com\/belogue\/wp-content\/uploads\/2019\/09\/20190919.jpg?resize=350%2C200&ssl=1","width":350,"height":200,"srcset":"https:\/\/i0.wp.com\/www.wallendorff.com\/belogue\/wp-content\/uploads\/2019\/09\/20190919.jpg?resize=350%2C200&ssl=1 1x, https:\/\/i0.wp.com\/www.wallendorff.com\/belogue\/wp-content\/uploads\/2019\/09\/20190919.jpg?resize=525%2C300&ssl=1 1.5x, https:\/\/i0.wp.com\/www.wallendorff.com\/belogue\/wp-content\/uploads\/2019\/09\/20190919.jpg?resize=700%2C400&ssl=1 2x"},"classes":[]},{"id":20986,"url":"https:\/\/www.wallendorff.com\/belogue\/2013\/05\/21\/%c2%ab-la-butte-non-lue-%c2%bb-croit-yves\/","url_meta":{"origin":8061,"position":3},"title":"\u00ab La butte non lue \u00bb, croit Yves.","author":"dpc","date":"21 mai 2013","format":false,"excerpt":"Butte Bergeyre, Paris, 14 avril. \u00c0 tout \u00e0 l'heureBibio","rel":"","context":"Dans &quot;DPC&quot;","block_context":{"text":"DPC","link":"https:\/\/www.wallendorff.com\/belogue\/category\/dpc\/"},"img":{"alt_text":"","src":"https:\/\/i0.wp.com\/www.wallendorff.com\/belogue\/wp-content\/uploads\/2015\/04\/20130521.jpg?resize=350%2C200&ssl=1","width":350,"height":200,"srcset":"https:\/\/i0.wp.com\/www.wallendorff.com\/belogue\/wp-content\/uploads\/2015\/04\/20130521.jpg?resize=350%2C200&ssl=1 1x, https:\/\/i0.wp.com\/www.wallendorff.com\/belogue\/wp-content\/uploads\/2015\/04\/20130521.jpg?resize=525%2C300&ssl=1 1.5x, https:\/\/i0.wp.com\/www.wallendorff.com\/belogue\/wp-content\/uploads\/2015\/04\/20130521.jpg?resize=700%2C400&ssl=1 2x"},"classes":[]},{"id":6137,"url":"https:\/\/www.wallendorff.com\/belogue\/2010\/01\/19\/la-vint-juste-yves-il-aimoie-rien1\/","url_meta":{"origin":8061,"position":4},"title":"L\u00e0 vint juste Yves. Il aimoit rien1.","author":"dpc","date":"19 janvier 2010","format":false,"excerpt":"Cath\u00e9drale Notre-Dame, Strasbourg, 26 d\u00e9cembre 2009. \u00a0The Greenhornes \u2013 No More Je sais, je sais, elle rappelle beaucoup celle-l\u00e0 mais c'est pas moi m'dame c'est la faute des Greenhornes. [Des Greenhornes qui, soit dit en passant, seraient bien avis\u00e9s de nous refaire un disque avant qu'on use celui-l\u00e0 jusqu'\u00e0 la\u2026","rel":"","context":"Dans &quot;DPC&quot;","block_context":{"text":"DPC","link":"https:\/\/www.wallendorff.com\/belogue\/category\/dpc\/"},"img":{"alt_text":"","src":"https:\/\/i0.wp.com\/www.wallendorff.com\/belogue\/wp-content\/uploads\/2015\/04\/201001191.jpg?resize=350%2C200&ssl=1","width":350,"height":200},"classes":[]},{"id":20273,"url":"https:\/\/www.wallendorff.com\/belogue\/2006\/04\/28\/angels-and-airwaves-electric-ballroom-londres\/","url_meta":{"origin":8061,"position":5},"title":"Angels and Airwaves @ Electric Ballroom, Londres.","author":"dpc","date":"28 avril 2006","format":false,"excerpt":"Londres, 27 avril. Apr\u00e8s seulement deux concerts officiels en Californie (Pomona le 12 et Ventura le 14), Tom Delonge et ses potes sont d\u00e9j\u00e0 en Europe pour promouvoir leur album, pr\u00e9vu pour le 22 mai. Organis\u00e9 \u00e0 l\u2019Electric Ballroom, au c\u0153ur de Camden, le concert affiche complet depuis des semaines.\u2026","rel":"","context":"Dans &quot;Alive&quot;","block_context":{"text":"Alive","link":"https:\/\/www.wallendorff.com\/belogue\/category\/alive\/"},"img":{"alt_text":"","src":"","width":0,"height":0},"classes":[]}],"_links":{"self":[{"href":"https:\/\/www.wallendorff.com\/belogue\/wp-json\/wp\/v2\/posts\/8061","targetHints":{"allow":["GET"]}}],"collection":[{"href":"https:\/\/www.wallendorff.com\/belogue\/wp-json\/wp\/v2\/posts"}],"about":[{"href":"https:\/\/www.wallendorff.com\/belogue\/wp-json\/wp\/v2\/types\/post"}],"author":[{"embeddable":true,"href":"https:\/\/www.wallendorff.com\/belogue\/wp-json\/wp\/v2\/users\/1"}],"replies":[{"embeddable":true,"href":"https:\/\/www.wallendorff.com\/belogue\/wp-json\/wp\/v2\/comments?post=8061"}],"version-history":[{"count":1,"href":"https:\/\/www.wallendorff.com\/belogue\/wp-json\/wp\/v2\/posts\/8061\/revisions"}],"predecessor-version":[{"id":17613,"href":"https:\/\/www.wallendorff.com\/belogue\/wp-json\/wp\/v2\/posts\/8061\/revisions\/17613"}],"wp:featuredmedia":[{"embeddable":true,"href":"https:\/\/www.wallendorff.com\/belogue\/wp-json\/wp\/v2\/media\/25865"}],"wp:attachment":[{"href":"https:\/\/www.wallendorff.com\/belogue\/wp-json\/wp\/v2\/media?parent=8061"}],"wp:term":[{"taxonomy":"category","embeddable":true,"href":"https:\/\/www.wallendorff.com\/belogue\/wp-json\/wp\/v2\/categories?post=8061"},{"taxonomy":"post_tag","embeddable":true,"href":"https:\/\/www.wallendorff.com\/belogue\/wp-json\/wp\/v2\/tags?post=8061"}],"curies":[{"name":"wp","href":"https:\/\/api.w.org\/{rel}","templated":true}]}}