{"id":804,"date":"2006-10-11T14:31:07","date_gmt":"2006-10-11T14:31:07","guid":{"rendered":"http:\/\/www.po-l.com\/wordpress\/?p=804"},"modified":"2013-01-09T02:00:27","modified_gmt":"2013-01-09T00:00:27","slug":"concours-d-entree-de-la-star-academie-2012-epreuve-theorique","status":"publish","type":"post","link":"https:\/\/www.wallendorff.com\/belogue\/2006\/10\/11\/concours-d-entree-de-la-star-academie-2012-epreuve-theorique\/","title":{"rendered":"Concours d&rsquo;entr\u00e9e de la Star Acad\u00e9mie 2022 : \u00c9preuve th\u00e9orique."},"content":{"rendered":"<div id=\"photo\">\n<p><img decoding=\"async\" src=\"https:\/\/www.wallendorff.com\/belogue\/images\/etoile_blanche.jpg\"><\/p>\n<\/div>\n<h1>Sujet<\/h1>\n<p><strong>Apr&egrave;s avoir &eacute;cout&eacute; la bande-son ci-jointe, r&eacute;pondez aux questions suivantes&nbsp;:<\/strong><\/p>\n<div id=\"bandeson\">\n<p><img decoding=\"async\" src=\"https:\/\/www.wallendorff.com\/belogue\/photo\/pochettes\/a\/amadou_et_mariam-dimanche_a_bamako.jpg\" style=\"text-align:left\" \/>&nbsp;<a href=\"http:\/\/www.amadou-mariam.com\/\">Amadou &amp; Mariam<\/a> &ndash; <em>S&eacute;n&eacute;gal Fast-Food<\/em> (feat. Manu Chao<\/p>\n<\/div>\n<ol>\n<li> En choisissant (et en &eacute;tayant ce choix) la date o&ugrave; se d&eacute;roule l&rsquo;action du morceau, d&eacute;terminez le plus pr&eacute;cis&eacute;ment possible dans quelle partie du Mali se situe le sympathique couple de chanteurs Amadou et Mariam, en vous appuyant sur les indices communiqu&eacute;s par Manu Tchao.<\/li>\n<li> R&eacute;pondez &agrave; la question intrins&egrave;que pos&eacute;e par cette chanson populaire du milieu des ann&eacute;es 2000.<\/li>\n<\/ol>\n<h1>Question 1<\/h1>\n<p>On supposera que l&rsquo;action se passe le 20 mars (ou le 20 septembre), afin de pouvoir n&eacute;gliger l&rsquo;analemme<sup>1<\/sup> du soleil et ainsi utiliser sa vitesse apparente moyenne.<\/p>\n<p>La Terre effectue un tour sur elle-m&ecirc;me en 24&nbsp;h<sup>2<\/sup>, soient 360&deg;. La vitesse angulaire moyenne (V<sub>S<\/sub>) du soleil autour de la terre dans un r&eacute;f&eacute;rentiel g&eacute;ocentr&eacute; est donc de : (1)<\/p>\n<p style=\"text-align:center\">(1) <img decoding=\"async\" src=\"https:\/\/www.wallendorff.com\/belogue\/photo\/2006\/10\/20061011-00.gif\" width=\"233\" height=\"41\" style=\"text-align:absmiddle\" \/><\/p>\n<p>La longitude de Tokyo (L<sub>T<\/sub>) est &eacute;gale &agrave; 139,03&deg; E . S&rsquo;il est 17&nbsp;h (soient 7&nbsp;h de moins) &agrave; l&rsquo;endroit o&ugrave; se trouvent Amadou et Mariam, leur longitude actuelle (L<sub>AM<\/sub>) est donc &eacute;gale &agrave; (2)&nbsp;:<\/p>\n<p style=\"text-align:center\">(2) <img decoding=\"async\" src=\"https:\/\/www.wallendorff.com\/belogue\/photo\/2006\/10\/20061011-01.gif\" width=\"429\" height=\"25\" style=\"text-align:absmiddle\" \/><\/p>\n<p>Une <a href=\"http:\/\/maps.google.com\/maps?f=q&amp;hl=fr&amp;q=17,34.03&amp;ie=UTF8&amp;z=5&amp;ll=19.394068,25.136719&amp;spn=28.908525,51.196289&amp;om=1&amp;iwloc=A\" target=\"_blank\">rapide v&eacute;rification sur un planisph&egrave;re<\/a> situe Amadou et Mariam au Soudan. Le Mali se trouvant bien &agrave; l&rsquo;ouest (la longitude de Bamako, mesur&eacute;e un dimanche, est en effet de 7,98&deg; O), on peut &eacute;mettre deux hypoth&egrave;ses distinctes&nbsp;:<\/p>\n<ol>\n<li>Amadou et Mariam se sont perdus en sortant de chez eux.<\/li>\n<li> L&rsquo;action se d&eacute;roule dans un futur utopique, traduisant l&rsquo;engagement de Manu Tchao pour le d&eacute;veloppement durable&nbsp;: le Japon et le Mali, dans un souci d&rsquo;&eacute;conomie d&rsquo;&eacute;nergie, ont tout deux d&eacute;cid&eacute; de passer p&eacute;riodiquement &agrave; l&rsquo;heure d&rsquo;&eacute;t&eacute;. En supposant que c&rsquo;est l&rsquo;&eacute;t&eacute; dans l&rsquo;h&eacute;misph&egrave;re nord &#8213;&nbsp;et donc l&rsquo;hiver dans l&rsquo;h&eacute;misph&egrave;re sud&nbsp;&#8213;, il est 1h du matin &agrave; Tokyo et 16h au Mali. Amadou et Mariam se situent par cons&eacute;quent 2h &agrave; l&rsquo;ouest du point pr&eacute;c&eacute;demment calcul&eacute;. On a donc (3)&nbsp;:<\/li>\n<\/ol>\n<p style=\"text-align:center\">(3) <img decoding=\"async\" src=\"https:\/\/www.wallendorff.com\/belogue\/photo\/2006\/10\/20061011-02.gif\" width=\"428\" height=\"25\" style=\"text-align:absmiddle\" \/><\/p>\n<p>Ce qui nous permet de d&eacute;duire qu&rsquo;<strong><a href=\"http:\/\/maps.google.com\/maps?f=q&amp;hl=fr&amp;q=17,4.03&amp;ie=UTF8&amp;z=6&amp;ll=16.993755,4.020996&amp;spn=14.756193,25.598145&amp;om=1&amp;iwloc=A\" target=\"_blank\">Amadou et Mariam se situent &agrave; la fronti&egrave;re entre le Mali et le Niger, au sud de l&rsquo;Alg&eacute;rie<\/a><\/strong>.<\/p>\n<h1>Question 2<\/h1>\n<p> Le message que v&eacute;hicule cette chanson est simple, mais toutefois lourd de sens&nbsp;: &laquo;&nbsp;quelle heure est-il au Paradis&nbsp;?&nbsp;&raquo;.<\/p>\n<p>L&rsquo;histoire a plac&eacute; le <a href=\"http:\/\/maps.google.com\/?ie=UTF8&amp;z=14&amp;ll=49.189053,5.96961&amp;spn=0.039492,0.072012&amp;om=1\" target=\"_blank\">Paradis<\/a> en Meurthe-et-Moselle<sup>3<\/sup>, plus pr&eacute;cis&eacute;ment &agrave; la longitude 5,96&deg; E. Puisqu&rsquo;il est 1h du matin &agrave; Tokyo &#8213;&nbsp;on consid&egrave;re l&rsquo;hypoth&egrave;se 2 &eacute;nonc&eacute;e dans la question 1 afin de rester coh&eacute;rent avec le texte de la chanson&nbsp;&#8213;  et que la France est elle aussi &agrave; l&rsquo;heure d&rsquo;&eacute;t&eacute;, nous pouvons donc calculer le d&eacute;calage temporel &Delta;<sub>TP<\/sub> (4)&nbsp;:<\/p>\n<p style=\"text-align:center\">(4) <img loading=\"lazy\" decoding=\"async\" src=\"https:\/\/www.wallendorff.com\/belogue\/photo\/2006\/10\/20061011-03.gif\" width=\"293\" height=\"46\" style=\"text-align:absmiddle\" \/>, soient 8&nbsp;h, 52&nbsp;min et 16&nbsp;s<\/p>\n<p>Il est donc <strong>16&nbsp;h 08&nbsp;min et 44&nbsp;s<\/strong> au Paradis.<\/p>\n<div id=\"bas_note\">\n<p>_______<\/p>\n<p><sup>1<\/sup> Je vous rassure, je ne savais moi-m&ecirc;me pas ce que c&rsquo;&eacute;tait avant de lire <a href=\"http:\/\/fr.wikipedia.org\/wiki\/Analemme\" target=\"_blank\">&ccedil;a<\/a>.<\/p>\n<p><sup>2<\/sup> C&rsquo;est pas vrai. En fait elle met 23&nbsp;h 56&nbsp;min et 4&nbsp;s. 24&nbsp;h, c&rsquo;est le temps que met le soleil &agrave; revenir au m&ecirc;me point dans le ciel. Pour plus d&rsquo;information demander &agrave; <a href=\"http:\/\/fr.wikipedia.org\/wiki\/Jour_sid%C3%A9ral\" target=\"_blank\">Wiki<\/a>.<\/p>\n<p><sup>3<\/sup> Pour ceux d&rsquo;entre vous qui se demande qui a eu l&rsquo;id&eacute;e saugrenue d&rsquo;aller placer le Paradis en Meurthe-et-Moselle, je tiens &agrave; pr&eacute;ciser que la partie du d&eacute;partement dans laquelle il se situe appartenait avant 1870 &agrave; la Moselle, ce qui du coup est bien plus logique.<\/p>\n<\/div>\n","protected":false},"excerpt":{"rendered":"<p>Sujet Apr&egrave;s avoir &eacute;cout&eacute; la bande-son ci-jointe, r&eacute;pondez aux questions suivantes&nbsp;: &nbsp;Amadou &amp; Mariam &ndash; S&eacute;n&eacute;gal Fast-Food (feat. Manu Chao En choisissant (et en &eacute;tayant ce choix) la date o&ugrave; se d&eacute;roule l&rsquo;action du morceau, d&eacute;terminez le plus pr&eacute;cis&eacute;ment possible dans quelle partie du Mali se situe le sympathique couple de chanteurs Amadou et Mariam,&hellip;<\/p>\n","protected":false},"author":1,"featured_media":24744,"comment_status":"open","ping_status":"open","sticky":false,"template":"","format":"standard","meta":{"_acf_changed":false,"ngg_post_thumbnail":0,"jetpack_post_was_ever_published":false,"_jetpack_newsletter_access":"","_jetpack_dont_email_post_to_subs":false,"_jetpack_newsletter_tier_id":0,"_jetpack_memberships_contains_paywalled_content":false,"_jetpack_memberships_contains_paid_content":false,"footnotes":"","jetpack_publicize_message":"","jetpack_publicize_feature_enabled":true,"jetpack_social_post_already_shared":false,"jetpack_social_options":{"image_generator_settings":{"template":"highway","default_image_id":0,"font":"","enabled":false},"version":2}},"categories":[6],"tags":[4308,4307,4309,1784],"class_list":["post-804","post","type-post","status-publish","format-standard","has-post-thumbnail","hentry","category-pictureless-thoughts","tag-amadou-et-mariam","tag-concours","tag-manu-chao","tag-star-academy"],"acf":[],"geo":null,"jetpack_publicize_connections":[],"jetpack_featured_media_url":"https:\/\/www.wallendorff.com\/belogue\/wp-content\/uploads\/2015\/04\/amadou_et_mariam-dimanche_a_bamako1.jpg","jetpack_shortlink":"https:\/\/wp.me\/p3b35P-cY","jetpack_sharing_enabled":true,"jetpack-related-posts":[{"id":35003,"url":"https:\/\/www.wallendorff.com\/belogue\/2017\/07\/30\/paleo-festival-2017-jour-6\/","url_meta":{"origin":804,"position":0},"title":"Pal\u00e9o Festival 2017, jour 6.","author":"dpc","date":"30 juillet 2017","format":false,"excerpt":"L'ensemble des photos du festival est disponible sur ce lien.","rel":"","context":"Dans &quot;Alive&quot;","block_context":{"text":"Alive","link":"https:\/\/www.wallendorff.com\/belogue\/category\/alive\/"},"img":{"alt_text":"","src":"https:\/\/i0.wp.com\/www.wallendorff.com\/belogue\/wp-content\/uploads\/2017\/07\/20170730-49.jpg?resize=350%2C200&ssl=1","width":350,"height":200,"srcset":"https:\/\/i0.wp.com\/www.wallendorff.com\/belogue\/wp-content\/uploads\/2017\/07\/20170730-49.jpg?resize=350%2C200&ssl=1 1x, https:\/\/i0.wp.com\/www.wallendorff.com\/belogue\/wp-content\/uploads\/2017\/07\/20170730-49.jpg?resize=525%2C300&ssl=1 1.5x, https:\/\/i0.wp.com\/www.wallendorff.com\/belogue\/wp-content\/uploads\/2017\/07\/20170730-49.jpg?resize=700%2C400&ssl=1 2x"},"classes":[]},{"id":46366,"url":"https:\/\/www.wallendorff.com\/belogue\/2020\/07\/24\/8-ans-de-paleo-festival-2017\/","url_meta":{"origin":804,"position":1},"title":"8 ans de Pal\u00e9o Festival : 2017","author":"dpc","date":"24 juillet 2020","format":false,"excerpt":"","rel":"","context":"Dans &quot;Alive&quot;","block_context":{"text":"Alive","link":"https:\/\/www.wallendorff.com\/belogue\/category\/alive\/"},"img":{"alt_text":"","src":"https:\/\/i0.wp.com\/www.wallendorff.com\/belogue\/wp-content\/uploads\/2020\/07\/20200724-30.jpg?resize=350%2C200&ssl=1","width":350,"height":200,"srcset":"https:\/\/i0.wp.com\/www.wallendorff.com\/belogue\/wp-content\/uploads\/2020\/07\/20200724-30.jpg?resize=350%2C200&ssl=1 1x, https:\/\/i0.wp.com\/www.wallendorff.com\/belogue\/wp-content\/uploads\/2020\/07\/20200724-30.jpg?resize=525%2C300&ssl=1 1.5x, https:\/\/i0.wp.com\/www.wallendorff.com\/belogue\/wp-content\/uploads\/2020\/07\/20200724-30.jpg?resize=700%2C400&ssl=1 2x, https:\/\/i0.wp.com\/www.wallendorff.com\/belogue\/wp-content\/uploads\/2020\/07\/20200724-30.jpg?resize=1050%2C600&ssl=1 3x"},"classes":[]},{"id":818,"url":"https:\/\/www.wallendorff.com\/belogue\/2006\/10\/30\/calexico-le-bataclan-paris\/","url_meta":{"origin":804,"position":2},"title":"Calexico @ le Bataclan, Paris.","author":"dpc","date":"30 octobre 2006","format":false,"excerpt":"Yours And Mine envo\u00fbtant, All Systems Red magique, Deep Down transcendant, et j'en passe. Calexico m\u00e9lange anglais, fran\u00e7ais et espagnol sur des trompettes d'hacienda, des cordes effleur\u00e9es et des guitares aux ambiances routi\u00e8res et reprend Pr\u00e9vert, Love et m\u00eame Manu Chao. La semaine aurait pas pu finir mieux. \u00a0The Detroit\u2026","rel":"","context":"Dans &quot;Alive&quot;","block_context":{"text":"Alive","link":"https:\/\/www.wallendorff.com\/belogue\/category\/alive\/"},"img":{"alt_text":"","src":"https:\/\/i0.wp.com\/www.wallendorff.com\/belogue\/wp-content\/uploads\/2015\/04\/200610301.jpg?resize=350%2C200&ssl=1","width":350,"height":200},"classes":[]},{"id":22984,"url":"https:\/\/www.wallendorff.com\/belogue\/2014\/06\/18\/dix-ans-de-xptdr\/","url_meta":{"origin":804,"position":3},"title":"Dix ans de XPTDR.","author":"dpc","date":"18 juin 2014","format":false,"excerpt":"N'emp\u00eache, qu'est-ce qu'on a pu rigoler en dix ans. [Et demain, le retour des photos]. Dix ans de notes QLB1. Le jour o\u00f9 mon coll\u00e8gue de bureau m'a offert mon poids en bonbons (2 novembre 2004). Le jour o\u00f9 je suis all\u00e9 travailler sans lunettes (8 juillet 2005). Le jour\u2026","rel":"","context":"Dans &quot;DPC&quot;","block_context":{"text":"DPC","link":"https:\/\/www.wallendorff.com\/belogue\/category\/dpc\/"},"img":{"alt_text":"","src":"https:\/\/i0.wp.com\/www.wallendorff.com\/images\/etoile_blanche.jpg?resize=350%2C200","width":350,"height":200},"classes":[]},{"id":3368,"url":"https:\/\/www.wallendorff.com\/belogue\/2008\/09\/02\/rock-en-seine-2008-2\/","url_meta":{"origin":804,"position":4},"title":"Rock en Seine 2008 #2.","author":"dpc","date":"2 septembre 2008","format":false,"excerpt":"The D\u00f8, sc\u00e8ne de la Cascade, 28 ao\u00fbt. Voulant du Kaiser Chiefs en guise de bande-son du jour pour marquer leur m\u00e9morable prestation de Rock en Seine d'une flamme \u00e9lectronique qui ne jamais vacillera, j'ai longuement h\u00e9sit\u00e9 entre ce Never Miss A Beat qui vient de surgir en radio et\u2026","rel":"","context":"Dans &quot;Alive&quot;","block_context":{"text":"Alive","link":"https:\/\/www.wallendorff.com\/belogue\/category\/alive\/"},"img":{"alt_text":"","src":"https:\/\/i0.wp.com\/www.wallendorff.com\/belogue\/wp-content\/uploads\/2015\/04\/20080902-011.jpg?resize=350%2C200&ssl=1","width":350,"height":200},"classes":[]},{"id":131666,"url":"https:\/\/www.wallendorff.com\/belogue\/2025\/01\/29\/en-2024-2-2\/","url_meta":{"origin":804,"position":5},"title":"En 2024 [2\/2].","author":"dpc","date":"29 janvier 2025","format":false,"excerpt":"En 2024, j'ai parcouru 6 047 km dans Paris, soit encore plus qu'en 2023, en restant rive nord autant que possible car la rive sud est b\u00e2tie sur un cimeti\u00e8re indien. L\u00e0 aussi j'ai trop pris la voiture, mais j'avais une bonne excuse (pour \u00e9viter toute question trop personnelle disons\u2026","rel":"","context":"Dans &quot;DPC&quot;","block_context":{"text":"DPC","link":"https:\/\/www.wallendorff.com\/belogue\/category\/dpc\/"},"img":{"alt_text":"","src":"https:\/\/i0.wp.com\/www.wallendorff.com\/belogue\/wp-content\/uploads\/2025\/01\/20250127-06.jpg?resize=350%2C200&ssl=1","width":350,"height":200,"srcset":"https:\/\/i0.wp.com\/www.wallendorff.com\/belogue\/wp-content\/uploads\/2025\/01\/20250127-06.jpg?resize=350%2C200&ssl=1 1x, https:\/\/i0.wp.com\/www.wallendorff.com\/belogue\/wp-content\/uploads\/2025\/01\/20250127-06.jpg?resize=525%2C300&ssl=1 1.5x, https:\/\/i0.wp.com\/www.wallendorff.com\/belogue\/wp-content\/uploads\/2025\/01\/20250127-06.jpg?resize=700%2C400&ssl=1 2x, https:\/\/i0.wp.com\/www.wallendorff.com\/belogue\/wp-content\/uploads\/2025\/01\/20250127-06.jpg?resize=1050%2C600&ssl=1 3x"},"classes":[]}],"_links":{"self":[{"href":"https:\/\/www.wallendorff.com\/belogue\/wp-json\/wp\/v2\/posts\/804","targetHints":{"allow":["GET"]}}],"collection":[{"href":"https:\/\/www.wallendorff.com\/belogue\/wp-json\/wp\/v2\/posts"}],"about":[{"href":"https:\/\/www.wallendorff.com\/belogue\/wp-json\/wp\/v2\/types\/post"}],"author":[{"embeddable":true,"href":"https:\/\/www.wallendorff.com\/belogue\/wp-json\/wp\/v2\/users\/1"}],"replies":[{"embeddable":true,"href":"https:\/\/www.wallendorff.com\/belogue\/wp-json\/wp\/v2\/comments?post=804"}],"version-history":[{"count":2,"href":"https:\/\/www.wallendorff.com\/belogue\/wp-json\/wp\/v2\/posts\/804\/revisions"}],"predecessor-version":[{"id":20054,"href":"https:\/\/www.wallendorff.com\/belogue\/wp-json\/wp\/v2\/posts\/804\/revisions\/20054"}],"wp:featuredmedia":[{"embeddable":true,"href":"https:\/\/www.wallendorff.com\/belogue\/wp-json\/wp\/v2\/media\/24744"}],"wp:attachment":[{"href":"https:\/\/www.wallendorff.com\/belogue\/wp-json\/wp\/v2\/media?parent=804"}],"wp:term":[{"taxonomy":"category","embeddable":true,"href":"https:\/\/www.wallendorff.com\/belogue\/wp-json\/wp\/v2\/categories?post=804"},{"taxonomy":"post_tag","embeddable":true,"href":"https:\/\/www.wallendorff.com\/belogue\/wp-json\/wp\/v2\/tags?post=804"}],"curies":[{"name":"wp","href":"https:\/\/api.w.org\/{rel}","templated":true}]}}